{"id":351605,"date":"2025-08-29T07:19:14","date_gmt":"2025-08-29T07:19:14","guid":{"rendered":"https:\/\/www.europesays.com\/fr\/351605\/"},"modified":"2025-08-29T07:19:14","modified_gmt":"2025-08-29T07:19:14","slug":"traore-tourne-vers-lolympico-ordonez-toujours-espere","status":"publish","type":"post","link":"https:\/\/www.europesays.com\/fr\/351605\/","title":{"rendered":"Traor\u00e9 tourn\u00e9 vers l&rsquo;Olympico, Ordonez toujours esp\u00e9r\u00e9"},"content":{"rendered":"<p>Le rituel est d\u00e9sormais bien ancr\u00e9. Qu&rsquo;il vente, pleuve ou neige (reste encore \u00e0 confirmer ce dernier sc\u00e9nario), les recrues olympiennes seront accueillies en grande pompe, \u00e0 l&rsquo;aviation g\u00e9n\u00e9rale de Marignane. Preuve en est ce jeudi midi, balay\u00e9 par un ciel capricieux, o\u00f9 Hamed Junior Traor\u00e9 a pos\u00e9 pied en Provence.<\/p>\n<p>Certes ce n&rsquo;\u00e9tait pas la foule des grands jours pour accueillir l&rsquo;international ivoirien (25\u00a0ans, 10 s\u00e9lections, 2 buts), <a href=\"https:\/\/www.laprovence.com\/article\/om\/2832332770395614\/mercato-om-cest-un-grand-club-un-club-qui-me-voulait-les-premiers-mots-de-hamed-traore-futur-olympien\" target=\"_blank\" rel=\"noopener\">mais une trentaine de supporters a quand m\u00eame tenu \u00e0 lui souhaiter la bienvenue.<\/a> Dans une ambiance studieuse (aucun fumig\u00e8ne, ni\u00a0cris hyst\u00e9riques dans l&rsquo;assembl\u00e9e, sauf pour demander une photo souvenir ou un autographe), l&rsquo;ailier gauche, capable d&rsquo;\u00e9voluer \u00e0 tous les postes du milieu de terrain, a \u00e9galement lev\u00e9 le voile sur les raisons de sa tr\u00e8s probable (sauf retournement de situation) signature \u00e0 l&rsquo;OM, o\u00f9 un contrat de cinq ans l&rsquo;attend.<\/p>\n<p>\u00ab\u00a0C&rsquo;est un grand club, un club qui me voulait. Je suis content d&rsquo;\u00eatre l\u00e0. Maintenant j&rsquo;esp\u00e8re aider l&rsquo;\u00e9quipe, prendre le plus de plaisir possible, et essayer d&rsquo;atteindre nos objectifs, a \u00e9num\u00e9r\u00e9 l&rsquo;ancien prot\u00e9g\u00e9 d&rsquo;un certain&#8230; Roberto De Zerbi \u00e0 Sassuolo (2019-21, 68 matches en \u00c9milie-Romagne). Cela me fait plaisir d&#8230;<\/p>\n","protected":false},"excerpt":{"rendered":"Le rituel est d\u00e9sormais bien ancr\u00e9. Qu&rsquo;il vente, pleuve ou neige (reste encore \u00e0 confirmer ce dernier sc\u00e9nario),&hellip;\n","protected":false},"author":2,"featured_media":351606,"comment_status":"","ping_status":"","sticky":false,"template":"","format":"standard","meta":{"footnotes":""},"categories":[2814],"tags":[17,1111,11,1777,674,1011,27,48826,884,1434,12,149,42925,882,25,12710,48581,13703],"class_list":{"0":"post-351605","1":"post","2":"type-post","3":"status-publish","4":"format-standard","5":"has-post-thumbnail","7":"category-marseille","8":"tag-17","9":"tag-actu","10":"tag-actualites","11":"tag-eu","12":"tag-europe","13":"tag-fr","14":"tag-france","15":"tag-lolympico","16":"tag-marseille","17":"tag-mercato","18":"tag-news","19":"tag-om","20":"tag-ordonez","21":"tag-provence-alpes-cote-dazur","22":"tag-republique-francaise","23":"tag-tourne","24":"tag-traore","25":"tag-vers"},"share_on_mastodon":{"url":"https:\/\/pubeurope.com\/@fr\/115110842473462832","error":""},"_links":{"self":[{"href":"https:\/\/www.europesays.com\/fr\/wp-json\/wp\/v2\/posts\/351605","targetHints":{"allow":["GET"]}}],"collection":[{"href":"https:\/\/www.europesays.com\/fr\/wp-json\/wp\/v2\/posts"}],"about":[{"href":"https:\/\/www.europesays.com\/fr\/wp-json\/wp\/v2\/types\/post"}],"author":[{"embeddable":true,"href":"https:\/\/www.europesays.com\/fr\/wp-json\/wp\/v2\/users\/2"}],"replies":[{"embeddable":true,"href":"https:\/\/www.europesays.com\/fr\/wp-json\/wp\/v2\/comments?post=351605"}],"version-history":[{"count":0,"href":"https:\/\/www.europesays.com\/fr\/wp-json\/wp\/v2\/posts\/351605\/revisions"}],"wp:featuredmedia":[{"embeddable":true,"href":"https:\/\/www.europesays.com\/fr\/wp-json\/wp\/v2\/media\/351606"}],"wp:attachment":[{"href":"https:\/\/www.europesays.com\/fr\/wp-json\/wp\/v2\/media?parent=351605"}],"wp:term":[{"taxonomy":"category","embeddable":true,"href":"https:\/\/www.europesays.com\/fr\/wp-json\/wp\/v2\/categories?post=351605"},{"taxonomy":"post_tag","embeddable":true,"href":"https:\/\/www.europesays.com\/fr\/wp-json\/wp\/v2\/tags?post=351605"}],"curies":[{"name":"wp","href":"https:\/\/api.w.org\/{rel}","templated":true}]}}