{"id":351611,"date":"2025-08-29T07:22:13","date_gmt":"2025-08-29T07:22:13","guid":{"rendered":"https:\/\/www.europesays.com\/fr\/351611\/"},"modified":"2025-08-29T07:22:13","modified_gmt":"2025-08-29T07:22:13","slug":"lyon-des-detonations-entendues-dans-un-centre-commercial-il-sagit-de-petards-ou-de-mortiers-rassure-la-prefecture","status":"publish","type":"post","link":"https:\/\/www.europesays.com\/fr\/351611\/","title":{"rendered":"Lyon\u00a0: des d\u00e9tonations entendues dans un centre commercial, il s\u2019agit \u00ab\u00a0de p\u00e9tards ou de mortiers\u00a0\u00bb, rassure la pr\u00e9fecture"},"content":{"rendered":"<p class=\"paragraph text_align_left lp-f-body-02\">\u00ab Mouvement de foule \u00bb, \u00ab coups de feu \u00bb, \u00ab gens qui fuient \u00bb\u2026 Une sc\u00e8ne de panique a eu lieu au centre commercial Part-Dieu de Lyon (<a href=\"https:\/\/www.leparisien.fr\/rhone-69\/\" target=\"_blank\" rel=\"noreferrer nofollow noopener\">Rh\u00f4ne<\/a>), ce jeudi 28 ao\u00fbt en fin de journ\u00e9e, apr\u00e8s de d\u00e9tonations entendues. Il s\u2019agissait en r\u00e9alit\u00e9 \u00ab de p\u00e9tards ou de mortiers \u00bb, <a href=\"https:\/\/x.com\/prefetrhone\/status\/1961139888046096634\" target=\"_blank\" rel=\"noreferrer nofollow\">a fait savoir la pr\u00e9f\u00e8te du Rh\u00f4ne, Fabienne Buccio, sur X.<\/a><\/p>\n<p class=\"paragraph text_align_left lp-f-body-02\">Ce jeudi, en fin de journ\u00e9e, plusieurs d\u00e9tonations ont \u00e9t\u00e9 entendues dans l\u2019enceinte du centre commercial Part-Dieu, situ\u00e9 dans le IIIe arrondissement de Lyon, pr\u00e8s de la gare du m\u00eame nom. Croyant \u00e0 des coups de feu, de nombreux clients ont pris la fuite cr\u00e9ant un mouvement de foule.<\/p>\n<p>Un individu interpell\u00e9<\/p>\n<p class=\"paragraph text_align_left lp-f-body-02\">Sur les r\u00e9seaux sociaux, plusieurs internautes ont relay\u00e9 l\u2019information.<\/p>\n<blockquote class=\"twitter-tweet\">\n<p lang=\"fr\" dir=\"ltr\">\ud83d\udea8\ud83c\uddeb\ud83c\uddf7 FLASH | Lyon : Mouvement de panique ce jeudi soir au centre commercial de La Part-Dieu apr\u00e8s des bruits assimil\u00e9s \u00e0 des coups de feu. CRS d\u00e9ploy\u00e9s, TCL d\u00e9vi\u00e9s. La \u00ab p\u00e9tarade \u00bb serait finalement \u00e0 l\u2019origine de la psychose. <a href=\"https:\/\/t.co\/9zrHFE6zwZ\" rel=\"nofollow\">pic.twitter.com\/9zrHFE6zwZ<\/a><\/p>\n<p>\u2014 Cpasdeslol (@cpasdeslol_X) <a href=\"https:\/\/twitter.com\/cpasdeslol_X\/status\/1961218927490470296?ref_src=twsrc%5Etfw\" rel=\"nofollow noopener\" target=\"_blank\">August 29, 2025<\/a><\/p><\/blockquote>\n<blockquote class=\"twitter-tweet\">\n<p lang=\"fr\" dir=\"ltr\">n\u2019allez pas \u00e0 la part dieu y&rsquo;a des coups de feu<\/p>\n<p>\u2014 naili \ud83c\uddf5\ud83c\uddf8 (@nailicoa) <a href=\"https:\/\/twitter.com\/nailicoa\/status\/1961124736718590454?ref_src=twsrc%5Etfw\" rel=\"nofollow noopener\" target=\"_blank\">August 28, 2025<\/a><\/p><\/blockquote>\n<p class=\"paragraph text_align_left lp-f-body-02\">Mais rapidement, la pr\u00e9fecture du Rh\u00f4ne a r\u00e9agi. \u00ab Des comptes signalent des d\u00e9tonations au centre commercial de la Part-Dieu. Les effectifs de la police nationale et les CRS pr\u00e9sents sur place ont rapidement effectu\u00e9 une lev\u00e9e de doute. Il s\u2019agit de p\u00e9tards ou de mortiers \u00bb, a \u00e9crit la pr\u00e9f\u00e8te, Fabienne Buccio, sur X. \u00ab Un individu a \u00e9t\u00e9 interpell\u00e9 \u00bb, a-t-elle poursuivi, sans donner plus de pr\u00e9cisions.<\/p>\n<blockquote class=\"twitter-tweet\">\n<p lang=\"fr\" dir=\"ltr\">\ud83d\udce2 Des comptes signalent des d\u00e9tonations au centre commercial de la <a href=\"https:\/\/twitter.com\/hashtag\/PartDieu?src=hash&amp;ref_src=twsrc%5Etfw\" rel=\"nofollow noopener\" target=\"_blank\">#PartDieu<\/a><\/p>\n<p>\u26a0\ufe0fLes effectifs de la <a href=\"https:\/\/twitter.com\/PoliceNat69?ref_src=twsrc%5Etfw\" rel=\"nofollow noopener\" target=\"_blank\">@PoliceNat69<\/a> et les CRS pr\u00e9sents sur place ont rapidement effectu\u00e9 une lev\u00e9e de doute.<\/p>\n<p>Il s\u2019agit de p\u00e9tards ou de mortiers.<\/p>\n<p>Un individu a \u00e9t\u00e9 interpell\u00e9. <\/p>\n<p>\ud83d\udc6e\u200d\u2642\ufe0f\ud83d\udc6eLes forces de\u2026 <a href=\"https:\/\/t.co\/j5GWnNbNxr\" rel=\"nofollow\">pic.twitter.com\/j5GWnNbNxr<\/a><\/p>\n<p>\u2014 Pr\u00e9f\u00e8te de r\u00e9gion Auvergne-Rh\u00f4ne-Alpes et du Rh\u00f4ne (@prefetrhone) <a href=\"https:\/\/twitter.com\/prefetrhone\/status\/1961139888046096634?ref_src=twsrc%5Etfw\" rel=\"nofollow noopener\" target=\"_blank\">August 28, 2025<\/a><\/p><\/blockquote>\n<p class=\"lp-card-podcast-highlighting__title  lp-f-subtitle-05\">[4\/4] C\u00e9cile Vallin, les secrets d\u2019une disparition<\/p>\n<p class=\"lp-card-podcast-highlighting__description lp-f-ui-05\">Crime story raconte chaque semaine les grandes affaires criminelles.<\/p>\n<p><a class=\"lp-card-podcast-highlighting__call-to-action\" data-page-type=\"HP\" data-block-name=\"podcast-highlight\">\u00c9couter<\/a><\/p>\n<p class=\"paragraph text_align_left lp-f-body-02\">Plusieurs patrouilles ont \u00e9t\u00e9 d\u00e9p\u00each\u00e9es sur place \u00ab pour rassurer les usagers et les commer\u00e7ants \u00bb, a poursuivi la pr\u00e9f\u00e8te du Rh\u00f4ne, qui a appel\u00e9 les internautes \u00e0 ne pas diffuser de fausses informations.<\/p>\n<p><script async src=\"https:\/\/platform.twitter.com\/widgets.js\" charset=\"utf-8\"><\/script><\/p>\n","protected":false},"excerpt":{"rendered":"\u00ab Mouvement de foule \u00bb, \u00ab coups de feu \u00bb, \u00ab gens qui fuient \u00bb\u2026 Une sc\u00e8ne de&hellip;\n","protected":false},"author":2,"featured_media":351612,"comment_status":"","ping_status":"","sticky":false,"template":"","format":"standard","meta":{"footnotes":""},"categories":[1889],"tags":[1111,11,2430,459,1777,674,118,1011,27,2428,12,25],"class_list":{"0":"post-351611","1":"post","2":"type-post","3":"status-publish","4":"format-standard","5":"has-post-thumbnail","7":"category-lyon","8":"tag-actu","9":"tag-actualites","10":"tag-auvergne-rhone-alpes","11":"tag-departements-horsidfo","12":"tag-eu","13":"tag-europe","14":"tag-faits-divers","15":"tag-fr","16":"tag-france","17":"tag-lyon","18":"tag-news","19":"tag-republique-francaise"},"share_on_mastodon":{"url":"","error":""},"_links":{"self":[{"href":"https:\/\/www.europesays.com\/fr\/wp-json\/wp\/v2\/posts\/351611","targetHints":{"allow":["GET"]}}],"collection":[{"href":"https:\/\/www.europesays.com\/fr\/wp-json\/wp\/v2\/posts"}],"about":[{"href":"https:\/\/www.europesays.com\/fr\/wp-json\/wp\/v2\/types\/post"}],"author":[{"embeddable":true,"href":"https:\/\/www.europesays.com\/fr\/wp-json\/wp\/v2\/users\/2"}],"replies":[{"embeddable":true,"href":"https:\/\/www.europesays.com\/fr\/wp-json\/wp\/v2\/comments?post=351611"}],"version-history":[{"count":0,"href":"https:\/\/www.europesays.com\/fr\/wp-json\/wp\/v2\/posts\/351611\/revisions"}],"wp:featuredmedia":[{"embeddable":true,"href":"https:\/\/www.europesays.com\/fr\/wp-json\/wp\/v2\/media\/351612"}],"wp:attachment":[{"href":"https:\/\/www.europesays.com\/fr\/wp-json\/wp\/v2\/media?parent=351611"}],"wp:term":[{"taxonomy":"category","embeddable":true,"href":"https:\/\/www.europesays.com\/fr\/wp-json\/wp\/v2\/categories?post=351611"},{"taxonomy":"post_tag","embeddable":true,"href":"https:\/\/www.europesays.com\/fr\/wp-json\/wp\/v2\/tags?post=351611"}],"curies":[{"name":"wp","href":"https:\/\/api.w.org\/{rel}","templated":true}]}}