{"id":351613,"date":"2025-08-29T07:28:06","date_gmt":"2025-08-29T07:28:06","guid":{"rendered":"https:\/\/www.europesays.com\/fr\/351613\/"},"modified":"2025-08-29T07:28:06","modified_gmt":"2025-08-29T07:28:06","slug":"en-ile-de-france-13-des-communes-auront-leur-jumeau-numerique","status":"publish","type":"post","link":"https:\/\/www.europesays.com\/fr\/351613\/","title":{"rendered":"En Ile-de-France, 13% des communes auront leur jumeau num\u00e9rique"},"content":{"rendered":"<p>\nA partir de la mi-septembre, la soci\u00e9t\u00e9 Vectuel, sp\u00e9cialis\u00e9e dans la <strong>restitution photogram\u00e9trique en 3D de territoires complets<\/strong>, disposera d\u2019un nouveau jeu de donn\u00e9es d\u2019une qualit\u00e9 remarquable. \u00ab Nous venons de mener notre troisi\u00e8me campagne d\u2019acquisition. Elle concerne <strong>159 communes d\u2019Ile-de-France<\/strong> \u00bb soit 13% des 1266 que compte la r\u00e9gion, commence <strong>Te\u00eflo Fran\u00e7ois, directeur technique de la PME du Val-de-Marne<\/strong>.<\/p>\n<p>\nDeux vols ont \u00e9t\u00e9 organis\u00e9s par des avions \u00e9quip\u00e9s de cam\u00e9ras dernier cri de l\u2019am\u00e9ricain Vexcel. \u00ab Ces dispositifs sont capables de <strong>saisir des vue nadirales<\/strong> [le nadir d\u00e9signe le point situ\u00e9 directement sous l\u2019appareil lors de la prise de vue d\u2019une sph\u00e8re compl\u00e8te, NDLR], mais aussi <strong>des vues obliques \u00e0 45\u00b0<\/strong>, afin de capter pr\u00e9cis\u00e9ment <strong>les fa\u00e7ades, les pentes des toitures et les textures<\/strong> \u00bb, d\u00e9taille-t-il.<\/p>\n<p><strong>Une pr\u00e9cision de 9 cm\/pixel<\/strong><\/p>\n<p>\n\u00ab Cette combinaison de cam\u00e9ras high tech et l\u2019organisation de deux survols va nous permettre de <strong>disposer d\u2019orthophotos <\/strong>dans un premier temps, puis \u00e0 partir de novembre, <strong>d\u2019une restitution globale en 3D avec une pr\u00e9cision de l\u2019ordre de 9 cm\/pixel<\/strong> \u00bb, souligne <strong>Gilles Guyard, directeur g\u00e9n\u00e9ral <\/strong>de Vectuel.<\/p>\n<p>\nCela va permettre \u00e0 l\u2019entreprise de disposer d\u2019une traduction en 3D du territoire pour continuer \u00e0 r\u00e9aliser des <strong>projections de la ville du futur<\/strong>, son c\u0153ur de m\u00e9tier. \u00ab Mais cela va surtout nous permettre de proposer de nouveaux services \u00bb, poursuit le dirigeant. A l\u2019origine, cette num\u00e9risation du territoire servait, et sert encore, d\u2019<strong>aide \u00e0 la d\u00e9cision pour les \u00e9lus locaux<\/strong>, lors des <strong>r\u00e9unions de concertation<\/strong> et \u00e0 des fins de communication.<\/p>\n<p>\n<b>\u00c0 LIRE<\/b> AUSSI<br \/>\n<a class=\"editoLinkType2 is-marginTB-20\" href=\"https:\/\/www.lemoniteur.fr\/article\/reseau-de-chaleur-un-jumeau-numerique-qui-compte-les-calories.2322406\" rel=\"nofollow noopener\" target=\"_blank\"><br \/>\n<b>R\u00e9seau de chaleur : un jumeau num\u00e9rique qui compte les calories <\/b><\/p>\n<p><\/a>\n<\/p>\n<p>Nouveaux usages \u00e0 inventer<\/p>\n<p>\n\u00ab D\u00e9sormais, nous allons proposer de nouveaux services, dont certains restent encore \u00e0 imaginer \u00bb, ajoute Te\u00eflo Fran\u00e7ois. Pour l\u2019heure, ces images en haute d\u00e9finition vont permettre de <strong>mettre \u00e0 jour le mod\u00e8le num\u00e9rique des gares du Grand Paris Express<\/strong>. Les communaut\u00e9s d\u2019agglom\u00e9rations comme <strong>Versailles Grand Parc<\/strong> ou la <strong>ville de Saint-Quentin en Yvelines<\/strong> ont d\u00e9j\u00e0 exprim\u00e9 leur int\u00e9r\u00eat.<\/p>\n<p>\nDes <strong>soci\u00e9t\u00e9s sp\u00e9cialis\u00e9es dans les r\u00e9novations \u00e9nerg\u00e9tiques<\/strong> souhaitent en extraire un <strong>cadastre solaire<\/strong> ou compter automatiquement le nombre d\u2019ouvertures d\u2019un b\u00e2timent. Sur demande, Vectuel pourra extraire un <strong>Plan de corps de rue simplifi\u00e9 (PCRS)<\/strong> avec les chauss\u00e9es et les trottoirs au format dwg.<\/p>\n<p>Simulation de PLU gr\u00e2ce \u00e0 l&rsquo;IA<\/p>\n<p>\nA plus long terme, \u00ab nous travaillons sur des <strong>simulations de Plans locaux d\u2019urbanisme (PLU)<\/strong> gr\u00e2ce aux algorithmes d\u2019intelligence artificiel (IA), indique Gilles Guyard. Il s\u2019agira d\u2019analyser le PLU et de le rendre lisible <a href=\"https:\/\/www.lemoniteur.fr\/article\/quand-la-3d-se-met-au-service-de-l-amenagement.2043680\" rel=\"nofollow noopener\" target=\"_blank\">sur notre outils Mappr<\/a>\u00a0pour examiner, par exemple, les cons\u00e9quences d\u2019une autorisation des sur\u00e9l\u00e9vations sur certains immeubles avec les ombres port\u00e9es et les modifications d\u2019ensoleillement \u00bb.<\/p>\n<p>\n<strong>Simuler les effets du Z\u00e9ro artificialisation nette<\/strong> (ZAN) ou les <strong>\u00eelots de chaleur urbains<\/strong> font aussi partie des sujets sur lesquels planchent actuellement les \u00e9quipes de l\u2019entreprise <strong>en partenariat avec la mairie de Paris et Nantes M\u00e9tropole<\/strong>. De futurs services verront donc le jour dans un avenir proche.<\/p>\n<p>\n<b>\u00c0 LIRE<\/b> AUSSI<br \/>\n<a class=\"editoLinkType2 is-marginTB-20\" href=\"https:\/\/www.lemoniteur.fr\/article\/2in-le-jumeau-numerique-planetaire-de-colas.2310448\" rel=\"nofollow noopener\" target=\"_blank\"><br \/>\n<b>Colas lance son jumeau num\u00e9rique\u2026 plan\u00e9taire <\/b><\/p>\n<p><\/a><\/p>\n","protected":false},"excerpt":{"rendered":"A partir de la mi-septembre, la soci\u00e9t\u00e9 Vectuel, sp\u00e9cialis\u00e9e dans la restitution photogram\u00e9trique en 3D de territoires complets,&hellip;\n","protected":false},"author":2,"featured_media":351614,"comment_status":"","ping_status":"","sticky":false,"template":"","format":"standard","meta":{"footnotes":""},"categories":[1592],"tags":[31508,1111,11,1777,674,1011,27,2602,662,48828,48827,12,4125,626,25],"class_list":{"0":"post-351613","1":"post","2":"type-post","3":"status-publish","4":"format-standard","5":"has-post-thumbnail","7":"category-ile-de-france","8":"tag-3d","9":"tag-actu","10":"tag-actualites","11":"tag-eu","12":"tag-europe","13":"tag-fr","14":"tag-france","15":"tag-grand-paris-ile-de-fra","16":"tag-ile-de-france","17":"tag-intelligence-artificie","18":"tag-jumeau-numerique","19":"tag-news","20":"tag-numerique","21":"tag-paris","22":"tag-republique-francaise"},"share_on_mastodon":{"url":"https:\/\/pubeurope.com\/@fr\/115110877831025851","error":""},"_links":{"self":[{"href":"https:\/\/www.europesays.com\/fr\/wp-json\/wp\/v2\/posts\/351613","targetHints":{"allow":["GET"]}}],"collection":[{"href":"https:\/\/www.europesays.com\/fr\/wp-json\/wp\/v2\/posts"}],"about":[{"href":"https:\/\/www.europesays.com\/fr\/wp-json\/wp\/v2\/types\/post"}],"author":[{"embeddable":true,"href":"https:\/\/www.europesays.com\/fr\/wp-json\/wp\/v2\/users\/2"}],"replies":[{"embeddable":true,"href":"https:\/\/www.europesays.com\/fr\/wp-json\/wp\/v2\/comments?post=351613"}],"version-history":[{"count":0,"href":"https:\/\/www.europesays.com\/fr\/wp-json\/wp\/v2\/posts\/351613\/revisions"}],"wp:featuredmedia":[{"embeddable":true,"href":"https:\/\/www.europesays.com\/fr\/wp-json\/wp\/v2\/media\/351614"}],"wp:attachment":[{"href":"https:\/\/www.europesays.com\/fr\/wp-json\/wp\/v2\/media?parent=351613"}],"wp:term":[{"taxonomy":"category","embeddable":true,"href":"https:\/\/www.europesays.com\/fr\/wp-json\/wp\/v2\/categories?post=351613"},{"taxonomy":"post_tag","embeddable":true,"href":"https:\/\/www.europesays.com\/fr\/wp-json\/wp\/v2\/tags?post=351613"}],"curies":[{"name":"wp","href":"https:\/\/api.w.org\/{rel}","templated":true}]}}