{"id":351619,"date":"2025-08-29T07:36:36","date_gmt":"2025-08-29T07:36:36","guid":{"rendered":"https:\/\/www.europesays.com\/fr\/351619\/"},"modified":"2025-08-29T07:36:36","modified_gmt":"2025-08-29T07:36:36","slug":"cest-gagnant-gagnant-les-republicains-trouvent-un-accord-dati-barnier-pour-les-elections-a-paris-et-evitent-le-psychodrame","status":"publish","type":"post","link":"https:\/\/www.europesays.com\/fr\/351619\/","title":{"rendered":"\u00ab\u00a0C\u2019est gagnant-gagnant\u00a0\u00bb\u00a0: Les R\u00e9publicains trouvent un accord Dati-Barnier pour les \u00e9lections \u00e0 Paris et \u00e9vitent le psychodrame"},"content":{"rendered":"<p class=\"paragraph text_align_left lp-f-body-02\">\u00c0 l\u2019automne 2019, l\u2019investiture de <a href=\"https:\/\/www.leparisien.fr\/politique\/rachida-dati\/\" target=\"_blank\" rel=\"noreferrer nofollow noopener\">Rachida Dati<\/a> par Les R\u00e9publicains pour les municipales \u00e0 Paris n\u2019avait constitu\u00e9 qu\u2019une formalit\u00e9. Mais \u00e7a a \u00e9t\u00e9 une tout autre histoire en 2025, et l\u2019\u00e9pisode, qui s\u2019est clos ce jeudi soir, a \u00e9t\u00e9 rythm\u00e9 par <a href=\"https:\/\/www.leparisien.fr\/elections\/legislatives\/legislative-partielle-a-paris-apres-le-choix-de-lr-michel-barnier-et-rachida-dati-desormais-face-a-face-28-07-2025-U3QGM6EQVRGHPNZRKYOZNIYIJU.php\" target=\"_blank\" rel=\"noreferrer nofollow noopener\">d\u2019intenses turbulences<\/a>. La fum\u00e9e blanche s\u2019est \u00e9chapp\u00e9e peu avant 20 heures du si\u00e8ge parisien de LR : l\u2019actuelle maire du VIIe et ministre de la Culture est officiellement investie \u00e0 l\u2019unanimit\u00e9 par son parti pour essayer d\u2019aller d\u00e9loger la gauche, install\u00e9e \u00e0 l\u2019H\u00f4tel de ville depuis un quart de si\u00e8cle.<\/p>\n<p class=\"paragraph text_align_left lp-f-body-02\">\u00ab Un combat politique majeur s\u2019ouvre devant nous \u00e0 Paris ! \u00bb s\u2019est f\u00e9licit\u00e9e Rachida Dati dans un communiqu\u00e9, obtenant l\u2019accord de LR \u00ab \u00e0 toutes ses conditions \u00bb, assure un proche. \u00c0 commencer par la mainmise sur la constitution de la liste et une union avec les macronistes \u00e0 Paris, en mars prochain.<\/p>\n<p>Rien n\u2019aura \u00e9t\u00e9 simple<\/p>\n<p class=\"paragraph text_align_left lp-f-body-02\">Mais rien n\u2019aura \u00e9t\u00e9 simple. L\u2019entr\u00e9e au minist\u00e8re de la Culture du gouvernement Attal en 2024 avait valu \u00e0 Dati <a href=\"https:\/\/www.leparisien.fr\/politique\/apres-sa-nomination-au-gouvernement-rachida-dati-nest-plus-membre-des-republicains-assure-eric-ciotti-15-02-2024-IHMMMV64WZF4NBD7W6K3NK2XZ4.php\" target=\"_blank\" rel=\"noreferrer nofollow noopener\">une exclusion symbolique par \u00c9ric Ciotti<\/a>, et son soutien \u00e0 la liste macroniste aux europ\u00e9ennes avait f\u00e2ch\u00e9 la droite. Tout comme le <a href=\"https:\/\/www.leparisien.fr\/faits-divers\/affaire-carlos-ghosn-rachida-dati-et-lex-patron-de-renault-renvoyes-en-proces-pour-corruption-22-07-2025-ELAIKHZ4PJCCDGMBJOOWEQKZFQ.php\" target=\"_blank\" rel=\"noreferrer nofollow noopener\">renvoi en proc\u00e8s de l\u2019ex-Garde des Sceaux<\/a> pour corruption et d\u00e9tournements de fonds dans l\u2019affaire Nissan-Ghosn \u2014 des faits qu\u2019elle conteste \u2014 inqui\u00e8te certains cadres, qui redoutent que cela rebute des \u00e9lecteurs.<\/p>\n<p class=\"paragraph text_align_left lp-f-body-02\">C\u00f4t\u00e9 Dati, on a tr\u00e8s mal pris l\u2019investiture de l\u2019ancien Premier ministre <a href=\"https:\/\/www.leparisien.fr\/politique\/michel-barnier\/\" target=\"_blank\" rel=\"noreferrer nofollow noopener\">Michel Barnier<\/a> le 28 juillet, en vue d\u2019une l\u00e9gislative partielle parisienne\u2026 qui recoupe une partie de l\u2019arrondissement dont elle est maire. Certains croient y voir la pr\u00e9paration d\u2019un \u00ab plan B \u00bb pour les municipales, m\u00eame si LR affirme le m\u00eame jour dans un communiqu\u00e9 que la sarkozyste est \u00ab la mieux plac\u00e9e \u00bb pour gagner Paris. Pas suffisant.<\/p>\n<blockquote class=\"twitter-tweet\">\n<p lang=\"fr\" dir=\"ltr\">\u00c0 l\u2019unanimit\u00e9, les R\u00e9publicains ont investi Rachida Dati pour les municipales \u00e0 Paris, dans le cadre d\u2019un accord qui rassemble la droite parisienne et la met en ordre de bataille pour les municipales de mars prochain ainsi que pour l\u2019\u00e9lection l\u00e9gislative partielle de septembre. <a href=\"https:\/\/t.co\/Fjf3X7nHMd\" rel=\"nofollow\">pic.twitter.com\/Fjf3X7nHMd<\/a><\/p>\n<p>\u2014 les R\u00e9publicains (@lesRepublicains) <a href=\"https:\/\/twitter.com\/lesRepublicains\/status\/1961129693878305127?ref_src=twsrc%5Etfw\" rel=\"nofollow noopener\" target=\"_blank\">August 28, 2025<\/a><\/p><\/blockquote>\n<p class=\"paragraph text_align_left lp-f-body-02\">Alors, Rachida Dati maintient la pression. Tout l\u2019\u00e9t\u00e9. Fin juillet, elle clame qu\u2019elle sera <a href=\"https:\/\/www.leparisien.fr\/elections\/legislatives\/legislative-partielle-a-paris-je-serai-quoi-quil-arrive-candidate-dati-prete-a-entrer-en-dissidence-28-07-2025-AAIOMYB2HFB4JBKOHBUZBPTERI.php\" target=\"_blank\" rel=\"noreferrer nofollow noopener\">\u00ab candidate quoi qu\u2019il arrive \u00bb<\/a> \u00e0 la l\u00e9gislative partielle. Elle le mart\u00e8le aupr\u00e8s des adh\u00e9rents parisiens, par mail le 10 ao\u00fbt, d\u00e9plorant que LR ait investi \u00ab un candidat engag\u00e9 depuis plus de 40 ans dans un territoire rural, \u00e9loign\u00e9 de plus de 600 km de notre circonscription \u00bb. M\u00eame si l\u2019int\u00e9ress\u00e9 vit \u00e0 Paris depuis 25 ans, il le rappelle toujours. Dimanche dernier encore, c\u2019est par une tribune qu\u2019elle remet un \u00e9ni\u00e8me coup de pression publique au Pr\u00e9sident de LR, <a href=\"https:\/\/www.leparisien.fr\/politique\/bruno-retailleau\/\" target=\"_blank\" rel=\"noreferrer nofollow noopener\">Bruno Retailleau<\/a>. Un accord ou le combat fratricide.<\/p>\n<p>Un accord trouv\u00e9 en d\u00e9but de semaine<\/p>\n<p class=\"paragraph text_align_left lp-f-body-02\">En coulisses, \u00ab elle discute directement avec Retailleau \u00bb, confie un soutien datiste. Un accord est trouv\u00e9 en d\u00e9but de semaine, et la droite convoque une commission nationale d\u2019investiture sp\u00e9cialement pour elle. Dati sera officiellement investie candidate pour Paris, libre de composer sa liste municipale.<\/p>\n<p class=\"paragraph text_align_left lp-f-body-02\">\u00ab Mais les LR doivent y \u00eatre majoritaires en positions \u00e9ligibles \u00bb, glisse un \u00e9lu parisien, alors que Dati aspire \u00e0 \u00eatre la candidate unique de la droite et du centre, macronistes compris. La question des noms \u00e0 coucher sur papier sera un sujet pour plus tard. Dans le m\u00eame temps, elle s\u2019engage \u00e0 soutenir Michel Barnier, <a href=\"https:\/\/www.leparisien.fr\/elections\/legislatives\/avant-la-legislative-partielle-a-paris-dati-et-barnier-pied-au-plancher-il-faut-quil-sengage-a-la-soutenir-aux-municipales-25-07-2025-M46IAW22SFCVBDWBAEB7RBEQQI.php\" target=\"_blank\" rel=\"noreferrer nofollow noopener\">et lui de m\u00eame.<\/a> \u00ab Elle n\u2019avait aucune envie de se pr\u00e9senter \u00e0 la l\u00e9gislative. Rachida, c\u2019est Paris qui l\u2019int\u00e9resse. Mais elle fonctionne comme \u00e7a. D\u2019abord elle tape, ensuite elle discute \u00bb, d\u00e9crypte un \u00e9lu parisien qui la conna\u00eet par c\u0153ur.<\/p>\n<p class=\"paragraph text_align_left lp-f-body-02\">\u00ab C\u2019est un accord gagnant-gagnant \u00bb, se f\u00e9licite <a href=\"https:\/\/www.leparisien.fr\/elections\/municipales\/que-chacun-garde-la-tete-froide-la-droite-cherche-la-formule-magique-avant-les-municipales-a-paris-17-07-2025-K5GOEDJY6BF7FCEXPTLFWGBISM.php\" target=\"_blank\" rel=\"noreferrer nofollow noopener\">Agn\u00e8s Evren<\/a>, s\u00e9natrice et pr\u00e9sidente de la f\u00e9d\u00e9ration LR de Paris, persuad\u00e9e que la maire du VIIe est la seule \u00e0 m\u00eame de permettre \u00e0 la droite de l\u2019emporter dans la capitale, en mars prochain. \u00ab Rachida Dati tient le haut du pav\u00e9 dans les sondages depuis plus de trois ans \u00bb, constate le s\u00e9nateur LR Roger Karoutchi. Tous les autres aspirants candidats, le s\u00e9nateur LR <a href=\"https:\/\/www.leparisien.fr\/faits-divers\/affaire-szpiner-nouvelle-perquisition-a-la-mairie-du-xvie-arrondissement-de-paris-10-07-2025-DIDSZ3WC6NDSPJLWKRWIR53OHU.php\" target=\"_blank\" rel=\"noreferrer nofollow noopener\">Francis Szpiner<\/a> inclus, ne lui arrivent, de cet aspect, pas \u00e0 la cheville.<\/p>\n<p class=\"paragraph text_align_left lp-f-body-02\">Avec cet accord parisien, Bruno Retailleau s\u2019\u00e9vite une premi\u00e8re crise. Un cadre parisien, \u00e0 propos de la campagne municipale, pr\u00e9cise : \u00ab On ne vous promet pas que \u00e7a sera un long fleuve tranquille jusqu\u2019en mars ! \u00bb<\/p>\n<p><script async src=\"https:\/\/platform.twitter.com\/widgets.js\" charset=\"utf-8\"><\/script><\/p>\n","protected":false},"excerpt":{"rendered":"\u00c0 l\u2019automne 2019, l\u2019investiture de Rachida Dati par Les R\u00e9publicains pour les municipales \u00e0 Paris n\u2019avait constitu\u00e9 qu\u2019une&hellip;\n","protected":false},"author":2,"featured_media":351620,"comment_status":"","ping_status":"","sticky":false,"template":"","format":"standard","meta":{"footnotes":""},"categories":[1888],"tags":[1111,1928,11,1927,1777,674,1011,27,12,1926,626,1925,316,25],"class_list":{"0":"post-351619","1":"post","2":"type-post","3":"status-publish","4":"format-standard","5":"has-post-thumbnail","7":"category-paris","8":"tag-actu","9":"tag-actu-paris","10":"tag-actualites","11":"tag-actualites-paris","12":"tag-eu","13":"tag-europe","14":"tag-fr","15":"tag-france","16":"tag-news","17":"tag-news-paris","18":"tag-paris","19":"tag-paris-news","20":"tag-politique","21":"tag-republique-francaise"},"share_on_mastodon":{"url":"https:\/\/pubeurope.com\/@fr\/115110909225972039","error":""},"_links":{"self":[{"href":"https:\/\/www.europesays.com\/fr\/wp-json\/wp\/v2\/posts\/351619","targetHints":{"allow":["GET"]}}],"collection":[{"href":"https:\/\/www.europesays.com\/fr\/wp-json\/wp\/v2\/posts"}],"about":[{"href":"https:\/\/www.europesays.com\/fr\/wp-json\/wp\/v2\/types\/post"}],"author":[{"embeddable":true,"href":"https:\/\/www.europesays.com\/fr\/wp-json\/wp\/v2\/users\/2"}],"replies":[{"embeddable":true,"href":"https:\/\/www.europesays.com\/fr\/wp-json\/wp\/v2\/comments?post=351619"}],"version-history":[{"count":0,"href":"https:\/\/www.europesays.com\/fr\/wp-json\/wp\/v2\/posts\/351619\/revisions"}],"wp:featuredmedia":[{"embeddable":true,"href":"https:\/\/www.europesays.com\/fr\/wp-json\/wp\/v2\/media\/351620"}],"wp:attachment":[{"href":"https:\/\/www.europesays.com\/fr\/wp-json\/wp\/v2\/media?parent=351619"}],"wp:term":[{"taxonomy":"category","embeddable":true,"href":"https:\/\/www.europesays.com\/fr\/wp-json\/wp\/v2\/categories?post=351619"},{"taxonomy":"post_tag","embeddable":true,"href":"https:\/\/www.europesays.com\/fr\/wp-json\/wp\/v2\/tags?post=351619"}],"curies":[{"name":"wp","href":"https:\/\/api.w.org\/{rel}","templated":true}]}}