{"id":351623,"date":"2025-08-29T07:38:16","date_gmt":"2025-08-29T07:38:16","guid":{"rendered":"https:\/\/www.europesays.com\/fr\/351623\/"},"modified":"2025-08-29T07:38:16","modified_gmt":"2025-08-29T07:38:16","slug":"la-mediatheque-james-baldwin-a-paris-recoit-un-prix-international","status":"publish","type":"post","link":"https:\/\/www.europesays.com\/fr\/351623\/","title":{"rendered":"La m\u00e9diath\u00e8que James-Baldwin \u00e0 Paris re\u00e7oit un prix international"},"content":{"rendered":"<p>\nL\u2019\u00e9quipement culturel livr\u00e9 l\u2019an dernier par l\u2019architecte Philippe Madec dans le XIXe arrondissement de la capitale est le laur\u00e9at 2025 du Green Library Award.<\/p>\n<p><a href=\"#zoomMedia2437614\"><\/a><br \/>\n<img loading=\"lazy\" decoding=\"async\" src=\"https:\/\/www.europesays.com\/fr\/wp-content\/uploads\/2025\/08\/002437614_620x393_c.jpg\" width=\"620\" height=\"393\" alt=\"\" data-no-lazy=\"\"\/><\/p>\n<p class=\"pageArticleContent__copyrights\">\u00a9 Pierre-Yves Brunaud<\/p>\n<p>\nSitu\u00e9e au 10, rue Henri-Ribi\u00e8re \u00e0 Paris (XIXe), la m\u00e9diath\u00e8que James-Baldwin s\u2019est gliss\u00e9e dans la coque en b\u00e9ton d\u2019un ancien lyc\u00e9e h\u00f4telier. Certaines dalles de planchers, d\u00e9coup\u00e9es pour cr\u00e9er des espaces en double hauteur, ont \u00e9t\u00e9 r\u00e9employ\u00e9es sur site, dans l\u2019am\u00e9nagement du parvis plant\u00e9.<\/p>\n<p><a href=\"#zoomMedia2437615\"><\/a><br \/>\n<img loading=\"lazy\" decoding=\"async\" src=\"https:\/\/www.europesays.com\/fr\/wp-content\/uploads\/2025\/08\/002437615_620x393_c.jpg\" width=\"620\" height=\"393\" alt=\"\" data-no-lazy=\"\"\/><\/p>\n<p class=\"pageArticleContent__copyrights\">\u00a9 Pierre-Yves Brunaud<\/p>\n<p>\nDes espaces individuels de lecture ont \u00e9t\u00e9 am\u00e9nag\u00e9s le long de la fa\u00e7ade du premier \u00e9tage, avec vue plongeante sur le rez-de-chauss\u00e9e. \u00abLes baies sont remplies d\u2019ensembles menuis\u00e9s compos\u00e9s d\u2019une fen\u00eatre ouvrante prot\u00e9g\u00e9e par des brise-soleil orientables et d\u2019une petite fen\u00eatre verticale lat\u00e9rale prot\u00e9g\u00e9e par une persienne pour le confort de jour et la surventilation nocturne\u00bb, d\u00e9crivent les architectes de l\u2019agence Associer (ex-Atelier Philippe Madec et associ\u00e9s).<\/p>\n<p><a href=\"#zoomMedia2437616\"><\/a><\/p>\n<p class=\"pageArticleContent__numVisu\">3\/5<\/p>\n<p class=\"pageArticleContent__titVisu\">Plan du rez-de-chauss\u00e9e<\/p>\n<p><img loading=\"lazy\" decoding=\"async\" src=\"https:\/\/www.europesays.com\/fr\/wp-content\/uploads\/2025\/08\/002437616_620x393_c.jpg\" width=\"620\" height=\"393\" alt=\"\" data-no-lazy=\"\"\/><\/p>\n<p class=\"pageArticleContent__copyrights\">\u00a9 Associer<\/p>\n<p>\nLes salles de lecture s\u2019enroulent autour d\u2019un patio de 10 m de c\u00f4t\u00e9, creus\u00e9 au c\u0153ur du cube de b\u00e9ton pour faire entrer la lumi\u00e8re et circuler l\u2019air. La m\u00e9diath\u00e8que partage une salle polyvalente et un espace de \u00abcolearning\/coworking\u00bb avec la Maison des r\u00e9fugi\u00e9es, am\u00e9nag\u00e9e dans l\u2019aile sud de l\u2019ex-lyc\u00e9e h\u00f4telier. Les deux \u00e9tablissements sont reli\u00e9s par un nouveau volume abritant notamment les circulations.<\/p>\n<p><a href=\"#zoomMedia2437617\"><\/a><br \/>\n<img loading=\"lazy\" decoding=\"async\" src=\"https:\/\/www.europesays.com\/fr\/wp-content\/uploads\/2025\/08\/002437617_620x393_c.jpg\" width=\"620\" height=\"393\" alt=\"\" data-no-lazy=\"\"\/><\/p>\n<p class=\"pageArticleContent__copyrights\">\u00a9 Associer<\/p>\n<p>\nProt\u00e9g\u00e9 du soleil par une mantille en bois, le volume des circulations est un espace non chauff\u00e9, qui sert de \u00abtampon bioclimatique\u00bb. Il comporte des murs pr\u00e9fabriqu\u00e9s en terre coul\u00e9e, garantissant une inertie thermique et une r\u00e9gulation de l\u2019humidit\u00e9.<\/p>\n<p><a href=\"#zoomMedia2437618\"><\/a><br \/>\n<img loading=\"lazy\" decoding=\"async\" src=\"https:\/\/www.europesays.com\/fr\/wp-content\/uploads\/2025\/08\/002437618_620x393_c.jpg\" width=\"620\" height=\"393\" alt=\"\" data-no-lazy=\"\"\/><\/p>\n<p class=\"pageArticleContent__copyrights\">\u00a9 Pierre-Yves Brunaud<\/p>\n<p>\nSelon l\u2019agence Associer, \u00able bois massif et la terre laiss\u00e9s \u00e0 leur \u00e9tat brut augmentent l\u2019exp\u00e9rience tactile de l\u2019espace\u00bb.<\/p>\n<p>\nLa m\u00e9diath\u00e8que James-Baldwin \u00e0 Paris (XIXe) a remport\u00e9, le 19 ao\u00fbt dernier, le <strong>1er prix de la biblioth\u00e8que verte<\/strong>. Rien \u00e0 voir avec la collection de livres pour enfants\u2026 Il s\u2019agit ici du <a href=\"https:\/\/www.ifla.org\/news\/10th-ifla-green-library-award-2025-results\/\" target=\"_blank\" rel=\"noopener\">Green Library Award<\/a>, une r\u00e9compense d\u00e9cern\u00e9e \u00e0 un b\u00e2timent pour ses qualit\u00e9s environnementales par l\u2019International federation of library associations and institutions (IFLA). <strong>\u00abC\u2019est une premi\u00e8re pour la France\u00bb<\/strong>, s\u2019est f\u00e9licit\u00e9 <a href=\"https:\/\/www.linkedin.com\/posts\/philippe-madec-architecte_la-biblioth%C3%A8que-james-baldwin-%C3%A0-paris-19e-activity-7366048732477399040--BDO?utm_source=share&amp;utm_medium=member_desktop&amp;rcm=ACoAADrbBVUBFcjD0QZdz764sVWeOAIAznFFo_k\" target=\"_blank\" rel=\"noopener\">sur LinkedIn<\/a> son architecte, Philippe Madec, qui remercie tous les partenaires de cette r\u00e9alisation \u00abfrugale\u00bb, dont la Ville de Paris, ma\u00eetre d\u2019ouvrage.<\/p>\n<blockquote class=\"editoOutOfText\">\n<p>\n<strong>T\u00e9moignage d\u2019Eva Garcia, \u00e9pouse de Nicolas Miessner :<\/strong><br \/>\u00ab Nicolas \u00e9tait n\u00e9 \u00e0 Albi, une ville qui comporte beaucoup de constructions en terre, notamment la cath\u00e9drale qui l\u2019impressionnait. Sa passion pour cette mati\u00e8re vient de l\u00e0, et elle s\u2019est d\u00e9velopp\u00e9e au fur et \u00e0 mesure de ses voyages dans les pays africains. Le Niger \u00e9tait le premier travers\u00e9 apr\u00e8s notre rencontre. En tant qu\u2019architecte, il voulait d\u00e9montrer que son mat\u00e9riau f\u00e9tiche pouvait servir de mode de construction actuel, industrialis\u00e9 gr\u00e2ce \u00e0 la pr\u00e9fabrication. Alors il exp\u00e9rimentait, parfois au sein m\u00eame de son agence, muni d\u2019une pelle et d\u2019une toupie pour r\u00e9aliser des prototypes de murs. Ils incarnent bien l\u2019homme qu\u2019il \u00e9tait, \u00e0 la fois solide et fragile. \u00bb<br \/>\u00a0<\/p>\n<\/blockquote>\n<p>Ventilation traversante et murs en terre crue<\/p>\n<p>\nOuverte au public \u00e0 l\u2019\u00e9t\u00e9 2024, la m\u00e9diath\u00e8que de 2800 m\u00b2 s\u2019est install\u00e9e dans un ancien lyc\u00e9e h\u00f4telier construit dans les ann\u00e9es 1970, accueillant aussi \u00e0 pr\u00e9sent la Maison des r\u00e9fugi\u00e9s, pilot\u00e9e par Emma\u00fcs Solidarit\u00e9 et l\u2019association Singa. Le cube en b\u00e9ton de quatre \u00e9tages, dans lequel prennent place les salles de lecture, a \u00e9t\u00e9 \u00e9vid\u00e9 en son c\u0153ur afin de cr\u00e9er un <strong>patio dit \u00abd\u00e9pressionnaire\u00bb<\/strong> de 10 m de c\u00f4t\u00e9. Celui-ci favorise la ventilation traversante au sein de l\u2019\u00e9difice, comme\u00a0<a href=\"https:\/\/www.lemoniteur.fr\/article\/a-la-mediatheque-james-baldwin-la-ventilation-modele-de-sobriete.2272166\" target=\"_blank\" rel=\"noopener\">l\u2019expliquai<\/a><a href=\"https:\/\/www.lemoniteur.fr\/article\/a-la-mediatheque-james-baldwin-la-ventilation-modele-de-sobriete.2272166\" target=\"_blank\" rel=\"noopener\">t notre journaliste Am\u00e9lie Luquain en 2023<\/a>.<\/p>\n<p>\nLa m\u00eame ann\u00e9e, elle d\u00e9taillait \u00e9galement la mise en \u0153uvre de <a href=\"https:\/\/www.lemoniteur.fr\/photo\/de-la-terre-coulee-sur-six-niveaux-pour-un-equipement-parisien.2271001\/mediatheque-james-baldwin-et-maison-des-refugies.1\" target=\"_blank\" rel=\"noopener\">panneaux pr\u00e9fabriqu\u00e9s en terre crue coul\u00e9e non adjuvant\u00e9e<\/a>, visibles dans l\u2019extension en bois d\u00e9di\u00e9e aux circulations. <strong>C\u2019\u00e9tait une premi\u00e8re pour la fili\u00e8re<\/strong>, avait soulign\u00e9 durant le chantier l\u2019architecte Nicolas Miessner, impliqu\u00e9 avec BeTerre et Am\u00e0co dans cette innovation. Il est d\u00e9c\u00e9d\u00e9 en f\u00e9vrier 2024, \u00e0 l\u2019\u00e2ge de 44 ans. \u00abCes parois t\u00e9moigneront de ton engagement et nous aurons une pens\u00e9e tr\u00e8s \u00e9mue pour toi \u00e0 chaque venue\u00bb, \u00e9crivait alors Philippe Madec <a href=\"https:\/\/www.linkedin.com\/posts\/philippe-madec-architecte_nicolas-miessner-nous-a-quitt%C3%A9-bien-trop-activity-7169390809409142784-8H2Y\/?originalSubdomain=fr\" target=\"_blank\" rel=\"noopener\">sur LinkedIn<\/a>.<\/p>\n<blockquote class=\"editoOutOfText\">\n<p>\n<strong>Les intervenants de l&rsquo;op\u00e9ration :<\/strong><br \/>Ma\u00eetrise d\u2019ouvrage : Ville de Paris.<br \/>Ma\u00eetrise d\u2019\u0153uvre : Associer (ex-Atelier Philippe Madec &amp; Associ\u00e9s), Nicolas Miessner (architecte associ\u00e9, terre crue). BET : Igrec Ing\u00e9nierie (structure, fluides, OPC, \u00e9conomie), Tribu DD (environnement), Gaujard Technologies (structure bois), BeTerre (terre crue), Am\u00e0co (formulation terre crue), AAB (acoustique), Mutabilis (paysagiste).<br \/>Entreprises principales : Campenon Bernard Construction (macrolot), Fehr (terre crue).<\/p>\n<\/blockquote>\n","protected":false},"excerpt":{"rendered":"L\u2019\u00e9quipement culturel livr\u00e9 l\u2019an dernier par l\u2019architecte Philippe Madec dans le XIXe arrondissement de la capitale est le&hellip;\n","protected":false},"author":2,"featured_media":351624,"comment_status":"","ping_status":"","sticky":false,"template":"","format":"standard","meta":{"footnotes":""},"categories":[1888],"tags":[11,1350,15908,13241,1777,674,1011,27,2602,662,12,626,48829,19469,25],"class_list":{"0":"post-351623","1":"post","2":"type-post","3":"status-publish","4":"format-standard","5":"has-post-thumbnail","7":"category-paris","8":"tag-actualites","9":"tag-architecture","10":"tag-diaporama","11":"tag-equipement-culturel","12":"tag-eu","13":"tag-europe","14":"tag-fr","15":"tag-france","16":"tag-grand-paris-ile-de-fra","17":"tag-ile-de-france","18":"tag-news","19":"tag-paris","20":"tag-philippe-madec","21":"tag-realisations","22":"tag-republique-francaise"},"share_on_mastodon":{"url":"https:\/\/pubeurope.com\/@fr\/115110918093262565","error":""},"_links":{"self":[{"href":"https:\/\/www.europesays.com\/fr\/wp-json\/wp\/v2\/posts\/351623","targetHints":{"allow":["GET"]}}],"collection":[{"href":"https:\/\/www.europesays.com\/fr\/wp-json\/wp\/v2\/posts"}],"about":[{"href":"https:\/\/www.europesays.com\/fr\/wp-json\/wp\/v2\/types\/post"}],"author":[{"embeddable":true,"href":"https:\/\/www.europesays.com\/fr\/wp-json\/wp\/v2\/users\/2"}],"replies":[{"embeddable":true,"href":"https:\/\/www.europesays.com\/fr\/wp-json\/wp\/v2\/comments?post=351623"}],"version-history":[{"count":0,"href":"https:\/\/www.europesays.com\/fr\/wp-json\/wp\/v2\/posts\/351623\/revisions"}],"wp:featuredmedia":[{"embeddable":true,"href":"https:\/\/www.europesays.com\/fr\/wp-json\/wp\/v2\/media\/351624"}],"wp:attachment":[{"href":"https:\/\/www.europesays.com\/fr\/wp-json\/wp\/v2\/media?parent=351623"}],"wp:term":[{"taxonomy":"category","embeddable":true,"href":"https:\/\/www.europesays.com\/fr\/wp-json\/wp\/v2\/categories?post=351623"},{"taxonomy":"post_tag","embeddable":true,"href":"https:\/\/www.europesays.com\/fr\/wp-json\/wp\/v2\/tags?post=351623"}],"curies":[{"name":"wp","href":"https:\/\/api.w.org\/{rel}","templated":true}]}}