{"id":351625,"date":"2025-08-29T07:39:11","date_gmt":"2025-08-29T07:39:11","guid":{"rendered":"https:\/\/www.europesays.com\/fr\/351625\/"},"modified":"2025-08-29T07:39:11","modified_gmt":"2025-08-29T07:39:11","slug":"la-revue-de-presse-a-kiev-la-russie-cible-les-civils-et-lunion-europeenne","status":"publish","type":"post","link":"https:\/\/www.europesays.com\/fr\/351625\/","title":{"rendered":"La revue de presse\u00a0: \u00e0 Kiev, la Russie cible les civils et l\u2019Union Europ\u00e9enne"},"content":{"rendered":"<p>C\u2019est dans ce contexte que s\u2019inscrit la tactique ukrainienne qui vise \u00e0 porter le feu au-del\u00e0 de ses fronti\u00e8res.\u00a0<a href=\"https:\/\/www.lalibre.be\/\" target=\"_blank\" title=\"La Libre\" rel=\"nofollow noopener\">La Libre<\/a>, avec un article de son correspondant en Ukraine, explique ce matin cette tactique qui cible, \u00e0 l\u2019int\u00e9rieur du territoire ennemi, les d\u00e9p\u00f4ts de munitions, les raffineries ou le rail russe\u00a0pour faire pression sur l\u2019\u00e9conomie de son ennemi.<\/p>\n<p>Quant \u00e0 l\u2019Europe, il lui reste \u00e0 maintenir la pression des sanctions contre la Russie, poursuivre son soutien financier et militaire \u00e0 l\u2019Ukraine et\u00a0surtout, garder un \u0153il attentif sur ce Pr\u00e9sident inconstant et impr\u00e9visible.<\/p>\n<p>Rien de tout cela n\u2019est compl\u00e8tement neuf, admet De Morgen. Sinon que cela vient confirmer qu\u2019avec la lourdeur qui caract\u00e9rise l\u2019Union Europ\u00e9enne, l\u2019option d\u2019une arm\u00e9e europ\u00e9enne para\u00eet bien lointaine et qu\u2019il faudra sans doute lui pr\u00e9f\u00e9rer une composante europ\u00e9enne au sein des arm\u00e9es de l\u2019Otan.<\/p>\n","protected":false},"excerpt":{"rendered":"C\u2019est dans ce contexte que s\u2019inscrit la tactique ukrainienne qui vise \u00e0 porter le feu au-del\u00e0 de ses&hellip;\n","protected":false},"author":2,"featured_media":351626,"comment_status":"","ping_status":"","sticky":false,"template":"","format":"standard","meta":{"footnotes":""},"categories":[1591],"tags":[11,1887,12,1885,1886,132],"class_list":{"0":"post-351625","1":"post","2":"type-post","3":"status-publish","4":"format-standard","5":"has-post-thumbnail","7":"category-russie","8":"tag-actualites","9":"tag-federation-de-russie","10":"tag-news","11":"tag-russia","12":"tag-russian-federation","13":"tag-russie"},"share_on_mastodon":{"url":"https:\/\/pubeurope.com\/@fr\/115110921067118303","error":""},"_links":{"self":[{"href":"https:\/\/www.europesays.com\/fr\/wp-json\/wp\/v2\/posts\/351625","targetHints":{"allow":["GET"]}}],"collection":[{"href":"https:\/\/www.europesays.com\/fr\/wp-json\/wp\/v2\/posts"}],"about":[{"href":"https:\/\/www.europesays.com\/fr\/wp-json\/wp\/v2\/types\/post"}],"author":[{"embeddable":true,"href":"https:\/\/www.europesays.com\/fr\/wp-json\/wp\/v2\/users\/2"}],"replies":[{"embeddable":true,"href":"https:\/\/www.europesays.com\/fr\/wp-json\/wp\/v2\/comments?post=351625"}],"version-history":[{"count":0,"href":"https:\/\/www.europesays.com\/fr\/wp-json\/wp\/v2\/posts\/351625\/revisions"}],"wp:featuredmedia":[{"embeddable":true,"href":"https:\/\/www.europesays.com\/fr\/wp-json\/wp\/v2\/media\/351626"}],"wp:attachment":[{"href":"https:\/\/www.europesays.com\/fr\/wp-json\/wp\/v2\/media?parent=351625"}],"wp:term":[{"taxonomy":"category","embeddable":true,"href":"https:\/\/www.europesays.com\/fr\/wp-json\/wp\/v2\/categories?post=351625"},{"taxonomy":"post_tag","embeddable":true,"href":"https:\/\/www.europesays.com\/fr\/wp-json\/wp\/v2\/tags?post=351625"}],"curies":[{"name":"wp","href":"https:\/\/api.w.org\/{rel}","templated":true}]}}