{"id":351627,"date":"2025-08-29T07:40:10","date_gmt":"2025-08-29T07:40:10","guid":{"rendered":"https:\/\/www.europesays.com\/fr\/351627\/"},"modified":"2025-08-29T07:40:10","modified_gmt":"2025-08-29T07:40:10","slug":"poules-elevees-en-cage-antibiotiques-interdits-des-oeufs-importes-dukraine-inquietent-la-profession","status":"publish","type":"post","link":"https:\/\/www.europesays.com\/fr\/351627\/","title":{"rendered":"Poules \u00e9lev\u00e9es en cage, antibiotiques interdits\u00a0: des oeufs import\u00e9s d&rsquo;Ukraine inqui\u00e8tent la profession"},"content":{"rendered":"<p>L&rsquo;interprofession des \u0153ufs (CNPO) a d\u00e9nonc\u00e9 jeudi l&rsquo;importation par certains distributeurs de centaines de milliers d&rsquo;\u0153ufs en provenance d&rsquo;Ukraine. Des produits qui ne \u00ab\u00a0respectent pas les normes de production europ\u00e9ennes et pouvant contenir\u00a0\u00bb des antibiotiques interdits. <\/p>\n<p>Depuis le printemps, <strong>plusieurs lots d&rsquo;\u0153ufs provenant d&rsquo;Ukraine avec un code 3 &#8211; signifiant un \u00e9levage en cage<\/strong> &#8211; ont \u00e9t\u00e9 rep\u00e9r\u00e9s dans plusieurs grandes surfaces, notamment des enseignes Carrefour et E. Leclerc. Ce jeudi, l&rsquo;interprofession des oeufs (CNPO) a d\u00e9nonc\u00e9 cette importation de centaines de milliers d&rsquo;\u0153ufs ne \u00ab\u00a0respectant pas les normes de production europ\u00e9ennes et pouvant contenir\u00a0\u00bb des antibiotiques interdits. L&rsquo;organisme r\u00e9clame des contr\u00f4les de conformit\u00e9 \u00ab\u00a0renforc\u00e9s\u00a0\u00bb.\u00a0Carrefour, d\u00e9j\u00e0 \u00e9pingl\u00e9 par la fili\u00e8re en juin apr\u00e8s une vid\u00e9o du syndicat agricole Coordination Rurale montrant des\u00a0\u0153ufs\u00a0en provenance d&rsquo;Ukraine dans l&rsquo;un des magasins du groupe, a assur\u00e9 jeudi \u00e0 l&rsquo;AFP qu&rsquo;il ne \u00ab\u00a0commercialise aucun \u0153uf d&rsquo;origine ukrainienne\u00a0\u00bb. E. Leclerc n&rsquo;a pas r\u00e9pondu dans l&rsquo;imm\u00e9diat.<\/p>\n<p>Face \u00e0 l&rsquo;augmentation de la consommation d&rsquo;\u0153ufs, prot\u00e9ine animale privil\u00e9gi\u00e9e en p\u00e9riode d&rsquo;inflation, des tensions dans les stocks ont \u00e9merg\u00e9 depuis le d\u00e9but de l&rsquo;ann\u00e9e et certains rayons se sont vid\u00e9s, parfois sous l&rsquo;effet des achats de pr\u00e9caution par des consommateurs soucieux. \u00ab\u00a0Les ventes ont augment\u00e9 de 5% en volume cette ann\u00e9e (\u00e0 fin juillet) par rapport \u00e0 l&rsquo;ann\u00e9e 2024, soit environ 350 millions d&rsquo;\u0153ufs\u00a0en plus par rapport aux sept milliards de l&rsquo;ann\u00e9e derni\u00e8re. On a \u00e9t\u00e9 capable de r\u00e9pondre et de fournir la grande distribution\u00a0\u00bb, explique \u00e0 l&rsquo;AFP Yves-Marie Beaudet, pr\u00e9sident du CNPO. \u00ab\u00a0Qu&rsquo;on en importe un peu d&rsquo;Espagne ou d&rsquo;Italie, \u00e7a reste en Union europ\u00e9enne. Mais quand on va chercher en Ukraine, dont les normes ne sont pas en ad\u00e9quation avec la r\u00e9glementation europ\u00e9enne, ce n&rsquo;est simplement pas possible\u00a0\u00bb, ajoute-t-il.<\/p>\n<p>Double discours<\/p>\n<p>Il reconna\u00eet que 300.000\u00a0\u0153ufs\u00a0r\u00e9cemment import\u00e9s selon lui par E. Leclerc ne repr\u00e9sentent qu&rsquo;une tr\u00e8s faible quantit\u00e9, mais \u00ab\u00a0c&rsquo;est peut-\u00eatre un coup d&rsquo;essai\u00a0\u00bb visant \u00e0 s&rsquo;approvisionner \u00e0 moindre co\u00fbt. Il d\u00e9nonce un double discours de la distribution, dont les f\u00e9d\u00e9rations ont quitt\u00e9 l&rsquo;interprofession des\u00a0\u0153ufs\u00a0au d\u00e9but de l&rsquo;\u00e9t\u00e9. Selon lui, <strong>les enseignes demandent aux producteurs de r\u00e9duire la proportion de poules en cage<\/strong>, ce qui n\u00e9cessite des transformations de b\u00e2timents, voire <strong>refusent de commercialiser des\u00a0\u0153ufs\u00a0code 3, mais \u00ab\u00a0ils se permettent d&rsquo;en importer\u00a0\u00bb<\/strong>.<\/p>\n<p>Selon le CNPO, les\u00a0\u0153ufs\u00a0venus d&rsquo;Ukraine ne respectent pas la r\u00e9glementation europ\u00e9enne sur l&rsquo;\u00e9levage en cage (notamment sur la densit\u00e9), ni l&rsquo;accord de la fili\u00e8re fran\u00e7aise sur l&rsquo;ovosexage qui permet d&rsquo;\u00e9viter le broyage &#8211; d\u00e9sormais interdit &#8211; des poussins m\u00e2les en d\u00e9tectant le sexe dans l&rsquo;\u0153uf \u00e0 l&rsquo;aide d&rsquo;une technologie co\u00fbteuse, ni les normes en mati\u00e8re d&rsquo;antibiotiques. Le syst\u00e8me d&rsquo;alerte qui signale les probl\u00e8mes relatifs aux produits agroalimentaires dans l&rsquo;Union europ\u00e9enne (Rasff) a recens\u00e9 quatre contr\u00f4les en juillet et ao\u00fbt ayant r\u00e9v\u00e9l\u00e9 la pr\u00e9sence d&rsquo;antibiotiques interdits dans des\u00a0\u0153ufs\u00a0en provenance d&rsquo;Ukraine.<\/p>\n<p>\u00c9voquant un \u00ab\u00a0risque sanitaire important\u00a0\u00bb, le CNPO appelle les autorit\u00e9s \u00e0 renforcer les contr\u00f4les et appelle la grande distribution \u00e0 \u00ab\u00a0une r\u00e9union d&rsquo;urgence\u00a0\u00bb pour \u00ab\u00a0rem\u00e9dier \u00e0 cette situation de concurrence d\u00e9loyale\u00a0\u00bb.<\/p>\n<p>\u00c0 lire aussi   <img decoding=\"async\" src=\"https:\/\/www.europesays.com\/fr\/wp-content\/uploads\/2025\/08\/1756453210_880_560x315\" alt=\"Oeufs, poisson, abats ou crustac\u00e9s contiennent des polluants \u00e9ternels, selon un rapport\" style=\"--_image-preview:url('data:image\/jpeg;base64,\/9j\/2wBDACgcHiMeGSgjISMtKygwPGRBPDc3PHtYXUlkkYCZlo+AjIqgtObDoKrarYqMyP\/L2u71\/\/\/\/m8H\/\/\/\/6\/+b9\/\/j\/2wBDASstLTw1PHZBQXb4pYyl+Pj4+Pj4+Pj4+Pj4+Pj4+Pj4+Pj4+Pj4+Pj4+Pj4+Pj4+Pj4+Pj4+Pj4+Pj4+Pj4+Pj\/wAARCAAXACoDASIAAhEBAxEB\/8QAGAAAAwEBAAAAAAAAAAAAAAAAAAECAwT\/xAAYEAEBAQEBAAAAAAAAAAAAAAAAAQIREv\/EABcBAQEBAQAAAAAAAAAAAAAAAAECAwD\/xAAWEQEBAQAAAAAAAAAAAAAAAAAAARH\/2gAMAwEAAhEDEQA\/AOmU\/TKaP0zaYu6ZaoukWhURpCqlJazR9AUmDqaACVSA4v\/Z');\" loading=\"lazy\" fetchpriority=\"low\" aria-hidden=\"true\" class=\"svelte-1pnmlwx rounded\" onload=\"this.__e=event\" onerror=\"this.__e=event\"\/><\/p>\n","protected":false},"excerpt":{"rendered":"L&rsquo;interprofession des \u0153ufs (CNPO) a d\u00e9nonc\u00e9 jeudi l&rsquo;importation par certains distributeurs de centaines de milliers d&rsquo;\u0153ufs en provenance&hellip;\n","protected":false},"author":2,"featured_media":351628,"comment_status":"","ping_status":"","sticky":false,"template":"","format":"standard","meta":{"footnotes":""},"categories":[1590],"tags":[11,1777,674,12,220],"class_list":{"0":"post-351627","1":"post","2":"type-post","3":"status-publish","4":"format-standard","5":"has-post-thumbnail","7":"category-ukraine","8":"tag-actualites","9":"tag-eu","10":"tag-europe","11":"tag-news","12":"tag-ukraine"},"share_on_mastodon":{"url":"https:\/\/pubeurope.com\/@fr\/115110925035376149","error":""},"_links":{"self":[{"href":"https:\/\/www.europesays.com\/fr\/wp-json\/wp\/v2\/posts\/351627","targetHints":{"allow":["GET"]}}],"collection":[{"href":"https:\/\/www.europesays.com\/fr\/wp-json\/wp\/v2\/posts"}],"about":[{"href":"https:\/\/www.europesays.com\/fr\/wp-json\/wp\/v2\/types\/post"}],"author":[{"embeddable":true,"href":"https:\/\/www.europesays.com\/fr\/wp-json\/wp\/v2\/users\/2"}],"replies":[{"embeddable":true,"href":"https:\/\/www.europesays.com\/fr\/wp-json\/wp\/v2\/comments?post=351627"}],"version-history":[{"count":0,"href":"https:\/\/www.europesays.com\/fr\/wp-json\/wp\/v2\/posts\/351627\/revisions"}],"wp:featuredmedia":[{"embeddable":true,"href":"https:\/\/www.europesays.com\/fr\/wp-json\/wp\/v2\/media\/351628"}],"wp:attachment":[{"href":"https:\/\/www.europesays.com\/fr\/wp-json\/wp\/v2\/media?parent=351627"}],"wp:term":[{"taxonomy":"category","embeddable":true,"href":"https:\/\/www.europesays.com\/fr\/wp-json\/wp\/v2\/categories?post=351627"},{"taxonomy":"post_tag","embeddable":true,"href":"https:\/\/www.europesays.com\/fr\/wp-json\/wp\/v2\/tags?post=351627"}],"curies":[{"name":"wp","href":"https:\/\/api.w.org\/{rel}","templated":true}]}}