{"id":351629,"date":"2025-08-29T07:41:24","date_gmt":"2025-08-29T07:41:24","guid":{"rendered":"https:\/\/www.europesays.com\/fr\/351629\/"},"modified":"2025-08-29T07:41:24","modified_gmt":"2025-08-29T07:41:24","slug":"les-bourses-europeennes-reculent-avant-des-donnees-cles-aux-etats-unis-et-en-zone-euro","status":"publish","type":"post","link":"https:\/\/www.europesays.com\/fr\/351629\/","title":{"rendered":"Les Bourses europ\u00e9ennes reculent avant des donn\u00e9es cl\u00e9s aux \u00c9tats-Unis et en zone euro"},"content":{"rendered":"<p>Les actions europ\u00e9ennes ont l\u00e9g\u00e8rement recul\u00e9 vendredi, les investisseurs se pr\u00e9parant \u00e0 une s\u00e9rie de statistiques en zone euro ainsi qu\u2019\u00e0 un rapport majeur sur l\u2019inflation am\u00e9ricaine, susceptibles d\u2019orienter le calendrier des baisses de taux d\u2019int\u00e9r\u00eat de part et d\u2019autre de l\u2019Atlantique.<\/p>\n<p>L\u2019indice STOXX 600 c\u00e9dait 0,2\u00a0% \u00e0 552,41 points \u00e0 07h03 GMT, et se dirigeait vers sa premi\u00e8re perte hebdomadaire depuis quatre semaines, si la tendance actuelle se maintient. Les inqui\u00e9tudes concernant une possible chute du gouvernement fran\u00e7ais et l\u2019ind\u00e9pendance de la R\u00e9serve f\u00e9d\u00e9rale am\u00e9ricaine ont pes\u00e9 sur l\u2019indice de r\u00e9f\u00e9rence cette semaine.<\/p>\n<p>Les derni\u00e8res donn\u00e9es montrent que les prix \u00e0 la consommation en France ont augment\u00e9 l\u00e9g\u00e8rement moins que pr\u00e9vu en ao\u00fbt, tandis que les chiffres allemands et le rapport sur les d\u00e9penses de consommation personnelle (PCE) aux \u00c9tats-Unis seront au centre de l\u2019attention plus tard dans la journ\u00e9e.<\/p>\n<p>Les donn\u00e9es PCE, qui constituent l\u2019indicateur d\u2019inflation privil\u00e9gi\u00e9 de la Fed, pourraient apporter un \u00e9clairage sur l\u2019impact des r\u00e9cents droits de douane am\u00e9ricains sur les prix. Les march\u00e9s anticipent g\u00e9n\u00e9ralement une baisse des taux de la banque centrale am\u00e9ricaine le mois prochain, apr\u00e8s les d\u00e9clarations accommodantes du pr\u00e9sident Jerome Powell la semaine derni\u00e8re.<\/p>\n<p>Le titre R\u00e9my Cointreau a progress\u00e9 de 1\u00a0% apr\u00e8s que le groupe fran\u00e7ais de spiritueux a revu \u00e0 la baisse l\u2019impact attendu des droits de douane am\u00e9ricains sur les importations europ\u00e9ennes, suite \u00e0 un nouvel accord commercial entre les \u00c9tats-Unis et l\u2019Union europ\u00e9enne.<\/p>\n<p><\/p>\n","protected":false},"excerpt":{"rendered":"Les actions europ\u00e9ennes ont l\u00e9g\u00e8rement recul\u00e9 vendredi, les investisseurs se pr\u00e9parant \u00e0 une s\u00e9rie de statistiques en zone&hellip;\n","protected":false},"author":2,"featured_media":351630,"comment_status":"","ping_status":"","sticky":false,"template":"","format":"standard","meta":{"footnotes":""},"categories":[1589],"tags":[11,340,73,1866,12,1864,1865,1863,308],"class_list":{"0":"post-351629","1":"post","2":"type-post","3":"status-publish","4":"format-standard","5":"has-post-thumbnail","7":"category-etats-unis","8":"tag-actualites","9":"tag-bourse","10":"tag-etats-unis","11":"tag-etats-unis-damerique","12":"tag-news","13":"tag-united-states","14":"tag-united-states-of-america","15":"tag-us","16":"tag-usa"},"share_on_mastodon":{"url":"https:\/\/pubeurope.com\/@fr\/115110928933183234","error":""},"_links":{"self":[{"href":"https:\/\/www.europesays.com\/fr\/wp-json\/wp\/v2\/posts\/351629","targetHints":{"allow":["GET"]}}],"collection":[{"href":"https:\/\/www.europesays.com\/fr\/wp-json\/wp\/v2\/posts"}],"about":[{"href":"https:\/\/www.europesays.com\/fr\/wp-json\/wp\/v2\/types\/post"}],"author":[{"embeddable":true,"href":"https:\/\/www.europesays.com\/fr\/wp-json\/wp\/v2\/users\/2"}],"replies":[{"embeddable":true,"href":"https:\/\/www.europesays.com\/fr\/wp-json\/wp\/v2\/comments?post=351629"}],"version-history":[{"count":0,"href":"https:\/\/www.europesays.com\/fr\/wp-json\/wp\/v2\/posts\/351629\/revisions"}],"wp:featuredmedia":[{"embeddable":true,"href":"https:\/\/www.europesays.com\/fr\/wp-json\/wp\/v2\/media\/351630"}],"wp:attachment":[{"href":"https:\/\/www.europesays.com\/fr\/wp-json\/wp\/v2\/media?parent=351629"}],"wp:term":[{"taxonomy":"category","embeddable":true,"href":"https:\/\/www.europesays.com\/fr\/wp-json\/wp\/v2\/categories?post=351629"},{"taxonomy":"post_tag","embeddable":true,"href":"https:\/\/www.europesays.com\/fr\/wp-json\/wp\/v2\/tags?post=351629"}],"curies":[{"name":"wp","href":"https:\/\/api.w.org\/{rel}","templated":true}]}}