{"id":35163,"date":"2025-04-18T23:55:08","date_gmt":"2025-04-18T23:55:08","guid":{"rendered":"https:\/\/www.europesays.com\/fr\/35163\/"},"modified":"2025-04-18T23:55:08","modified_gmt":"2025-04-18T23:55:08","slug":"les-etats-unis-vont-reduire-de-moitie-leurs-effectifs-militaires-en-syrie","status":"publish","type":"post","link":"https:\/\/www.europesays.com\/fr\/35163\/","title":{"rendered":"Les \u00c9tats-Unis vont r\u00e9duire de moiti\u00e9 leurs effectifs militaires en Syrie"},"content":{"rendered":"<p>Le minist\u00e8re am\u00e9ricain de la D\u00e9fense a annonc\u00e9, ce vendredi 18 avril, le retrait prochain d&rsquo;environ un millier de soldats de Syrie, sur les quelque 2 000 actuellement d\u00e9ploy\u00e9s dans le pays pour lutter contre les jihadistes.<\/p>\n<p>Selon le communiqu\u00e9 diffus\u00e9 le 18 avril par Sean Parnell, porte-parole du Pentagone, l&rsquo;objectif est de \u00ab ramener la pr\u00e9sence am\u00e9ricaine en <strong><a href=\"https:\/\/www.rfi.fr\/fr\/tag\/syrie\/\" rel=\"nofollow noopener\" target=\"_blank\" data-ylk=\"slk:Syrie;elm:context_link;itc:0;sec:content-canvas\" class=\"link \">Syrie<\/a><\/strong> \u00e0 moins d&rsquo;un millier de soldats dans les mois prochains \u00bb. \u00ab Cette consolidation d\u00e9montre les pas importants que nous avons faits pour d\u00e9grader l&rsquo;attrait et les capacit\u00e9s op\u00e9rationnelles du groupe \u00c9tat islamique, dans la r\u00e9gion et dans le monde \u00bb, a-t-il indiqu\u00e9, \u00e9voquant plus globalement \u00ab le succ\u00e8s des <strong><a href=\"https:\/\/www.rfi.fr\/fr\/tag\/\u00e9tats-unis\/\" rel=\"nofollow noopener\" target=\"_blank\" data-ylk=\"slk:\u00c9tats-Unis;elm:context_link;itc:0;sec:content-canvas\" class=\"link \">\u00c9tats-Unis<\/a><\/strong> contre l&rsquo;<strong><a href=\"https:\/\/www.rfi.fr\/fr\/tag\/ei\/\" rel=\"nofollow noopener\" target=\"_blank\" data-ylk=\"slk:EI;elm:context_link;itc:0;sec:content-canvas\" class=\"link \">EI<\/a><\/strong> \u00bb.<\/p>\n<p><strong><a href=\"https:\/\/www.rfi.fr\/fr\/tag\/donald-trump\/\" rel=\"nofollow noopener\" target=\"_blank\" data-ylk=\"slk:Donald Trump;elm:context_link;itc:0;sec:content-canvas\" class=\"link \">Donald Trump<\/a><\/strong>, de retour au pouvoir \u00e0 Washington le 20 janvier, est depuis longtemps sceptique sur la pr\u00e9sence militaire en Syrie. La chute, en d\u00e9cembre 2024, de <strong><a href=\"https:\/\/www.rfi.fr\/fr\/tag\/bachar-el-assad\/\" rel=\"nofollow noopener\" target=\"_blank\" data-ylk=\"slk:Bachar el-Assad;elm:context_link;itc:0;sec:content-canvas\" class=\"link \">Bachar el-Assad<\/a><\/strong>, remplac\u00e9 \u00e0 la t\u00eate du pays par une coalition men\u00e9e par des islamistes, n&rsquo;a pas chang\u00e9 la donne. \u00ab La Syrie est un bordel, mais elle n&rsquo;est pas notre amie, (&#8230;) ce n&rsquo;est pas notre combat \u00bb, avait \u00e9crit le pr\u00e9sident am\u00e9ricain en d\u00e9cembre lors de l&rsquo;offensive qui avait mis fin \u00e0 50 ans de r\u00e8gne sans partage du clan Assad.<\/p>\n<p><a href=\"https:\/\/www.rfi.fr\/fr\/moyen-orient\/20250418-les-%C3%A9tats-unis-vont-r%C3%A9duire-de-moiti%C3%A9-leurs-effectifs-militaires-en-syrie\" rel=\"nofollow noopener\" target=\"_blank\" data-ylk=\"slk:Lire la suite sur RFI;elm:context_link;itc:0;sec:content-canvas\" class=\"link \">Lire la suite sur RFI<\/a><\/p>\n","protected":false},"excerpt":{"rendered":"Le minist\u00e8re am\u00e9ricain de la D\u00e9fense a annonc\u00e9, ce vendredi 18 avril, le retrait prochain d&rsquo;environ un millier&hellip;\n","protected":false},"author":2,"featured_media":35164,"comment_status":"","ping_status":"","sticky":false,"template":"","format":"standard","meta":{"footnotes":""},"categories":[1589],"tags":[11,11423,73,1866,1877,12,11424,1864,1865,1863,308],"class_list":{"0":"post-35163","1":"post","2":"type-post","3":"status-publish","4":"format-standard","5":"has-post-thumbnail","7":"category-etats-unis","8":"tag-actualites","9":"tag-bachar-el-assad","10":"tag-etats-unis","11":"tag-etats-unis-damerique","12":"tag-la-defense","13":"tag-news","14":"tag-sean-parnell","15":"tag-united-states","16":"tag-united-states-of-america","17":"tag-us","18":"tag-usa"},"share_on_mastodon":{"url":"https:\/\/pubeurope.com\/@fr\/114361671593852734","error":""},"_links":{"self":[{"href":"https:\/\/www.europesays.com\/fr\/wp-json\/wp\/v2\/posts\/35163","targetHints":{"allow":["GET"]}}],"collection":[{"href":"https:\/\/www.europesays.com\/fr\/wp-json\/wp\/v2\/posts"}],"about":[{"href":"https:\/\/www.europesays.com\/fr\/wp-json\/wp\/v2\/types\/post"}],"author":[{"embeddable":true,"href":"https:\/\/www.europesays.com\/fr\/wp-json\/wp\/v2\/users\/2"}],"replies":[{"embeddable":true,"href":"https:\/\/www.europesays.com\/fr\/wp-json\/wp\/v2\/comments?post=35163"}],"version-history":[{"count":0,"href":"https:\/\/www.europesays.com\/fr\/wp-json\/wp\/v2\/posts\/35163\/revisions"}],"wp:featuredmedia":[{"embeddable":true,"href":"https:\/\/www.europesays.com\/fr\/wp-json\/wp\/v2\/media\/35164"}],"wp:attachment":[{"href":"https:\/\/www.europesays.com\/fr\/wp-json\/wp\/v2\/media?parent=35163"}],"wp:term":[{"taxonomy":"category","embeddable":true,"href":"https:\/\/www.europesays.com\/fr\/wp-json\/wp\/v2\/categories?post=35163"},{"taxonomy":"post_tag","embeddable":true,"href":"https:\/\/www.europesays.com\/fr\/wp-json\/wp\/v2\/tags?post=35163"}],"curies":[{"name":"wp","href":"https:\/\/api.w.org\/{rel}","templated":true}]}}