{"id":351633,"date":"2025-08-29T07:43:12","date_gmt":"2025-08-29T07:43:12","guid":{"rendered":"https:\/\/www.europesays.com\/fr\/351633\/"},"modified":"2025-08-29T07:43:12","modified_gmt":"2025-08-29T07:43:12","slug":"allemagne-les-ventes-au-detail-reculent-plus-que-prevu-en-juillet-29-08-2025-a-0854","status":"publish","type":"post","link":"https:\/\/www.europesays.com\/fr\/351633\/","title":{"rendered":"Allemagne: Les ventes au d\u00e9tail reculent plus que pr\u00e9vu en juillet &#8211; 29\/08\/2025 \u00e0 08:54"},"content":{"rendered":"<p>        <img fetchpriority=\"high\" decoding=\"async\" src=\"https:\/\/www.europesays.com\/fr\/wp-content\/uploads\/2025\/08\/c4ff4f545c3707ba4b10db8d11ff16c2-760x507.jpg\" alt=\"PHOTO DE FICHIER : Un paquet de saucisses dans le supermarch\u00e9 discount Penny, \u00e0 Berlin\" loading=\"eager\" width=\"760\" height=\"507\" style=\"max-width: 100%!important; height: auto;\"\/><\/p>\n<p class=\"c-image-news__legend\">PHOTO DE FICHIER : Un paquet de saucisses dans le supermarch\u00e9 discount Penny, \u00e0 Berlin<\/p>\n<p>\n (Reuters) -Les ventes au d\u00e9tail en Allemagne ont recul\u00e9 de 1,5% en juillet sur un mois, montrent les donn\u00e9es publi\u00e9es vendredi par l&rsquo;Office f\u00e9d\u00e9ral de la statistique.\n<\/p>\n<p>\n Les \u00e9conomistes interrog\u00e9s par Reuters avaient pr\u00e9vu une baisse de 0,4% pour le mois dernier, apr\u00e8s +1,0% en juin.\n<\/p>\n<p>\n Elles ont augment\u00e9 de 1,9% en juillet sur un an, apr\u00e8s une hausse de 4,9% un mois plus t\u00f4t et contre +2,6% attendus dans le consensus Reuters.\n<\/p>\n<p>\n (R\u00e9dig\u00e9 par Elena Smirnova, \u00e9dit\u00e9 par Augustin Turpin)<\/p>\n","protected":false},"excerpt":{"rendered":"PHOTO DE FICHIER : Un paquet de saucisses dans le supermarch\u00e9 discount Penny, \u00e0 Berlin (Reuters) -Les ventes&hellip;\n","protected":false},"author":2,"featured_media":351634,"comment_status":"","ping_status":"","sticky":false,"template":"","format":"standard","meta":{"footnotes":""},"categories":[1587],"tags":[400,11,672,398,408,1804,405,1805,1803,1777,674,1801,403,402,399,404,12,1802,401,406,407],"class_list":{"0":"post-351633","1":"post","2":"type-post","3":"status-publish","4":"format-standard","5":"has-post-thumbnail","7":"category-allemagne","8":"tag-action-cac-40","9":"tag-actualites","10":"tag-allemagne","11":"tag-bourse-de-paris","12":"tag-boursorama","13":"tag-bundesrepublik-deutschland","14":"tag-cotations","15":"tag-de","16":"tag-deutschland","17":"tag-eu","18":"tag-europe","19":"tag-germany","20":"tag-indices-devises","21":"tag-investir","22":"tag-investissement","23":"tag-marche-boursier","24":"tag-news","25":"tag-republique-federale-dallemagne","26":"tag-sicav","27":"tag-trackers","28":"tag-warrants"},"share_on_mastodon":{"url":"https:\/\/pubeurope.com\/@fr\/115110936985616025","error":""},"_links":{"self":[{"href":"https:\/\/www.europesays.com\/fr\/wp-json\/wp\/v2\/posts\/351633","targetHints":{"allow":["GET"]}}],"collection":[{"href":"https:\/\/www.europesays.com\/fr\/wp-json\/wp\/v2\/posts"}],"about":[{"href":"https:\/\/www.europesays.com\/fr\/wp-json\/wp\/v2\/types\/post"}],"author":[{"embeddable":true,"href":"https:\/\/www.europesays.com\/fr\/wp-json\/wp\/v2\/users\/2"}],"replies":[{"embeddable":true,"href":"https:\/\/www.europesays.com\/fr\/wp-json\/wp\/v2\/comments?post=351633"}],"version-history":[{"count":0,"href":"https:\/\/www.europesays.com\/fr\/wp-json\/wp\/v2\/posts\/351633\/revisions"}],"wp:featuredmedia":[{"embeddable":true,"href":"https:\/\/www.europesays.com\/fr\/wp-json\/wp\/v2\/media\/351634"}],"wp:attachment":[{"href":"https:\/\/www.europesays.com\/fr\/wp-json\/wp\/v2\/media?parent=351633"}],"wp:term":[{"taxonomy":"category","embeddable":true,"href":"https:\/\/www.europesays.com\/fr\/wp-json\/wp\/v2\/categories?post=351633"},{"taxonomy":"post_tag","embeddable":true,"href":"https:\/\/www.europesays.com\/fr\/wp-json\/wp\/v2\/tags?post=351633"}],"curies":[{"name":"wp","href":"https:\/\/api.w.org\/{rel}","templated":true}]}}