{"id":351635,"date":"2025-08-29T07:44:10","date_gmt":"2025-08-29T07:44:10","guid":{"rendered":"https:\/\/www.europesays.com\/fr\/351635\/"},"modified":"2025-08-29T07:44:10","modified_gmt":"2025-08-29T07:44:10","slug":"france-sattaque-au-marche-espagnol-des-milliards-en-jeu-pour-lavenir-economique-de-lespagne-et-de-leurope","status":"publish","type":"post","link":"https:\/\/www.europesays.com\/fr\/351635\/","title":{"rendered":"France s&rsquo;attaque au march\u00e9 espagnol : Des milliards en jeu pour l&rsquo;avenir \u00e9conomique de l&rsquo;espagne et de l&rsquo;europe"},"content":{"rendered":"<p><strong>Dans un monde o\u00f9 les d\u00e9cisions judiciaires peuvent red\u00e9finir les accords commerciaux, l\u2019avenir d\u2019un contrat d\u2019une valeur de 3,4 milliards d\u2019euros se joue actuellement entre l\u2019Espagne et la France. Alors que la Soci\u00e9t\u00e9 Nationale des Chemins de fer Belges (SNCB) a attribu\u00e9 un projet majeur \u00e0 une entreprise espagnole, la concurrence fran\u00e7aise conteste cette d\u00e9cision, mena\u00e7ant de bouleverser le paysage ferroviaire europ\u00e9en.<\/strong><\/p>\n<p>Le secteur ferroviaire europ\u00e9en est en pleine mutation, avec des enjeux \u00e9conomiques consid\u00e9rables en jeu. Le contrat du si\u00e8cle, visant \u00e0 moderniser la flotte de trains de la Belgique, pourrait influencer non seulement l\u2019avenir des services de transport en Belgique, mais aussi les relations commerciales entre plusieurs pays europ\u00e9ens. La bataille juridique qui s\u2019ensuit entre les entreprises espagnole CAF et fran\u00e7aise Alstom illustre les tensions croissantes au sein d\u2019un march\u00e9 en constante \u00e9volution.<\/p>\n<blockquote class=\"wp-embedded-content\" data-secret=\"8nZGzmlwee\">\n<p><a href=\"https:\/\/greenworks.lu\/energie\/lassemblage-final-du-reacteur-nucleaire-dakkuyu-4-saccelere-en-turquie-une-etape-cruciale-pour-la-premiere-centrale-du-pays\/600183\/\" target=\"_blank\" rel=\"noopener\">L\u2019assemblage final du r\u00e9acteur nucl\u00e9aire d\u2019Akkuyu 4 s\u2019acc\u00e9l\u00e8re en Turquie : une \u00e9tape cruciale pour la premi\u00e8re centrale du pays<\/a><\/p>\n<\/blockquote>\n<p>En effet, ce projet ambitieux, qui pr\u00e9voit la construction de 600 trains d\u2019ici 2032, a \u00e9t\u00e9 attribu\u00e9 \u00e0 CAF, mais Alstom, estimant que sa propre offre \u00e9tait plus avantageuse, a d\u00e9cid\u00e9 de contester cette attribution. Ce conflit met en lumi\u00e8re les strat\u00e9gies commerciales et les implications \u00e9conomiques qui en d\u00e9coulent pour l\u2019Espagne, la France et la Belgique. Quel sera le d\u00e9nouement de cette lutte acharn\u00e9e pour le contrat du si\u00e8cle ?<\/p>\n<p>La SNCB : un acteur cl\u00e9 dans la modernisation ferroviaire belge<\/p>\n<p>La Soci\u00e9t\u00e9 Nationale des Chemins de fer Belges (SNCB) joue un r\u00f4le central dans le domaine ferroviaire en Belgique. En tant qu\u2019organisme public, elle g\u00e8re non seulement le transport de passagers, mais \u00e9galement le fret et l\u2019ensemble des services associ\u00e9s au syst\u00e8me ferroviaire. Avec la responsabilit\u00e9 de garantir un service de qualit\u00e9, la SNCB met l\u2019accent sur la s\u00e9curit\u00e9 et l\u2019efficacit\u00e9, tout en int\u00e9grant des solutions technologiques modernes pour rester comp\u00e9titive.<\/p>\n<p>En 2022, la SNCB a lanc\u00e9 un appel d\u2019offres pour la modernisation de sa flotte, un projet colossal qui implique l\u2019acquisition de nouveaux trains. La d\u00e9cision d\u2019attribuer ce contrat \u00e0 l\u2019entreprise espagnole CAF a suscit\u00e9 de vives r\u00e9actions, notamment de la part d\u2019Alstom, qui a pris la d\u00e9cision de contester cette attribution en raison de la nature de l\u2019offre de CAF et de ses implications sur l\u2019emploi local.<\/p>\n<p>Ce contexte met en lumi\u00e8re la n\u00e9cessit\u00e9 pour la SNCB de jongler entre des crit\u00e8res \u00e9conomiques, techniques et sociaux. En effet, la concurrence entre les entreprises europ\u00e9ennes ne se limite pas \u00e0 des questions de co\u00fbt, mais englobe \u00e9galement des aspects tels que l\u2019impact sur l\u2019emploi et les relations diplomatiques entre les pays. La SNCB doit donc naviguer dans un environnement complexe o\u00f9 chaque d\u00e9cision pourrait avoir des r\u00e9percussions significatives.<\/p>\n<p>Le contrat du si\u00e8cle : enjeux \u00e9conomiques et techniques<\/p>\n<p>Le contrat en question, \u00e9valu\u00e9 \u00e0 3,4 milliards d\u2019euros, repr\u00e9sente une opportunit\u00e9 majeure pour l\u2019Espagne, surtout dans un contexte \u00e9conomique difficile. La construction de 600 nouveaux trains d\u2019ici 2032 pourrait non seulement dynamiser l\u2019\u00e9conomie locale, mais \u00e9galement renforcer la position de CAF sur le march\u00e9 europ\u00e9en. Cette situation repr\u00e9sente un enjeu colossal, tant pour la SNCB que pour les entreprises impliqu\u00e9es.<\/p>\n<p>La d\u00e9cision d\u2019attribuer le contrat \u00e0 CAF repose sur plusieurs crit\u00e8res techniques. En effet, l\u2019offre espagnole se distingue par un co\u00fbt d\u2019exploitation inf\u00e9rieur, notamment gr\u00e2ce \u00e0 une consommation \u00e9nerg\u00e9tique r\u00e9duite de 10 % par rapport \u00e0 celle d\u2019Alstom. De plus, les sp\u00e9cifications techniques des trains propos\u00e9s par CAF surpassent celles de ses concurrents fran\u00e7ais, ce qui pourrait garantir une meilleure performance sur le long terme. Les d\u00e9lais de livraison annonc\u00e9s par CAF sont \u00e9galement plus comp\u00e9titifs, un facteur d\u00e9cisif dans le cadre d\u2019un projet de cette envergure.<\/p>\n<p>Ce contrat pourrait \u00e9galement transformer la dynamique du march\u00e9 ferroviaire en Europe. En cas de succ\u00e8s pour CAF, cela pourrait ouvrir la voie \u00e0 d\u2019autres contrats \u00e0 l\u2019international, renfor\u00e7ant ainsi la pr\u00e9sence espagnole sur le march\u00e9 ferroviaire mondial. \u00c0 l\u2019inverse, si Alstom remportait finalement le contrat, cela pourrait red\u00e9finir son propre statut dans l\u2019industrie et son influence au sein de l\u2019Union europ\u00e9enne.<\/p>\n<p>Les implications juridiques et diplomatiques du conflit<\/p>\n<p>Le recours d\u2019Alstom aupr\u00e8s des tribunaux belges a introduit une dimension juridique complexe dans cette affaire. L\u2019entreprise fran\u00e7aise conteste non seulement l\u2019attribution du contrat, mais soul\u00e8ve \u00e9galement des questions sur la transparence du processus d\u00e9cisionnel de la SNCB. La d\u00e9cision du Conseil d\u2019\u00c9tat belge d\u2019exiger une plus grande clart\u00e9 dans la justification de l\u2019attribution pourrait avoir des cons\u00e9quences profondes sur le r\u00e9sultat final.<\/p>\n<p>Ce conflit met \u00e9galement en lumi\u00e8re des enjeux diplomatiques, notamment en raison de la participation de CAF \u00e0 un projet controvers\u00e9 \u00e0 J\u00e9rusalem. Bien que le ministre belge de la Mobilit\u00e9 et du Climat ait tent\u00e9 de minimiser cet aspect, la question demeure sensible et pourrait influencer les d\u00e9cisions des parties prenantes. Les relations \u00e9conomiques et diplomatiques entre les pays sont souvent d\u00e9licates, et ce cas pourrait exacerber les tensions si une solution amiable n\u2019est pas trouv\u00e9e rapidement.<\/p>\n<p>En somme, le conflit autour du contrat du si\u00e8cle illustre la complexit\u00e9 des relations commerciales internationales. Les enjeux sont non seulement \u00e9conomiques, mais \u00e9galement politiques et sociaux, ce qui rend cette affaire particuli\u00e8rement int\u00e9ressante \u00e0 suivre. Les d\u00e9cisions qui seront prises dans les jours et semaines \u00e0 venir pourraient red\u00e9finir le paysage ferroviaire en Europe et au-del\u00e0.<\/p>\n<p>Conclusion : quel avenir pour le secteur ferroviaire europ\u00e9en ?<\/p>\n<p>La bataille pour le contrat du si\u00e8cle entre l\u2019Espagne et la France illustre les d\u00e9fis croissants auxquels fait face le secteur ferroviaire europ\u00e9en. Alors que CAF a \u00e9t\u00e9 initialement d\u00e9sign\u00e9e comme la gagnante, la contestation d\u2019Alstom ainsi que les implications juridiques et diplomatiques soul\u00e8vent des questions cruciales sur l\u2019avenir de ce projet et de l\u2019industrie ferroviaire dans son ensemble.<\/p>\n<p>Les enjeux \u00e9conomiques sont consid\u00e9rables, avec des millions d\u2019euros en jeu, mais les cons\u00e9quences d\u2019une telle d\u00e9cision d\u00e9passent largement les simples chiffres. Les relations entre les pays, la transparence des processus d\u2019attribution et la performance des entreprises deviennent des \u00e9l\u00e9ments essentiels \u00e0 consid\u00e9rer dans ce contexte. Chacune des d\u00e9cisions prises dans cette affaire pourrait r\u00e9sonner au-del\u00e0 des fronti\u00e8res belges, influen\u00e7ant le paysage ferroviaire europ\u00e9en pour les ann\u00e9es \u00e0 venir.<\/p>\n<p>Alors que le monde corporatif \u00e9volue rapidement, il est essentiel de suivre de pr\u00e8s l\u2019\u00e9volution de cette situation, car elle pourrait bien red\u00e9finir les alliances et les strat\u00e9gies dans le domaine ferroviaire \u00e0 l\u2019\u00e9chelle europ\u00e9enne. Le d\u00e9nouement de ce conflit d\u00e9terminera non seulement le sort de ce contrat, mais aussi l\u2019avenir de la coop\u00e9ration ferroviaire en Europe.<\/p>\n","protected":false},"excerpt":{"rendered":"Dans un monde o\u00f9 les d\u00e9cisions judiciaires peuvent red\u00e9finir les accords commerciaux, l\u2019avenir d\u2019un contrat d\u2019une valeur de&hellip;\n","protected":false},"author":2,"featured_media":351636,"comment_status":"","ping_status":"","sticky":false,"template":"","format":"standard","meta":{"footnotes":""},"categories":[1586],"tags":[11,1129,48830,48831,436,123,1777,674,1011,27,693,12,25,7691,2803,800,48832],"class_list":{"0":"post-351635","1":"post","2":"type-post","3":"status-publish","4":"format-standard","5":"has-post-thumbnail","7":"category-europe","8":"tag-actualites","9":"tag-climat","10":"tag-consu00e9quences","11":"tag-du00e9fis","12":"tag-environnement","13":"tag-espagne","14":"tag-eu","15":"tag-europe","16":"tag-fr","17":"tag-france","18":"tag-industrie","19":"tag-news","20":"tag-republique-francaise","21":"tag-su00e9curitu00e9","22":"tag-transport","23":"tag-transports","24":"tag-u00c9conomie"},"share_on_mastodon":{"url":"https:\/\/pubeurope.com\/@fr\/115110940804300281","error":""},"_links":{"self":[{"href":"https:\/\/www.europesays.com\/fr\/wp-json\/wp\/v2\/posts\/351635","targetHints":{"allow":["GET"]}}],"collection":[{"href":"https:\/\/www.europesays.com\/fr\/wp-json\/wp\/v2\/posts"}],"about":[{"href":"https:\/\/www.europesays.com\/fr\/wp-json\/wp\/v2\/types\/post"}],"author":[{"embeddable":true,"href":"https:\/\/www.europesays.com\/fr\/wp-json\/wp\/v2\/users\/2"}],"replies":[{"embeddable":true,"href":"https:\/\/www.europesays.com\/fr\/wp-json\/wp\/v2\/comments?post=351635"}],"version-history":[{"count":0,"href":"https:\/\/www.europesays.com\/fr\/wp-json\/wp\/v2\/posts\/351635\/revisions"}],"wp:featuredmedia":[{"embeddable":true,"href":"https:\/\/www.europesays.com\/fr\/wp-json\/wp\/v2\/media\/351636"}],"wp:attachment":[{"href":"https:\/\/www.europesays.com\/fr\/wp-json\/wp\/v2\/media?parent=351635"}],"wp:term":[{"taxonomy":"category","embeddable":true,"href":"https:\/\/www.europesays.com\/fr\/wp-json\/wp\/v2\/categories?post=351635"},{"taxonomy":"post_tag","embeddable":true,"href":"https:\/\/www.europesays.com\/fr\/wp-json\/wp\/v2\/tags?post=351635"}],"curies":[{"name":"wp","href":"https:\/\/api.w.org\/{rel}","templated":true}]}}