{"id":351637,"date":"2025-08-29T07:45:11","date_gmt":"2025-08-29T07:45:11","guid":{"rendered":"https:\/\/www.europesays.com\/fr\/351637\/"},"modified":"2025-08-29T07:45:11","modified_gmt":"2025-08-29T07:45:11","slug":"michel-cymes-sans-detour-sur-son-ancienne-acolyte","status":"publish","type":"post","link":"https:\/\/www.europesays.com\/fr\/351637\/","title":{"rendered":"Michel Cym\u00e8s sans d\u00e9tour sur son ancienne acolyte"},"content":{"rendered":"<p>Par <a class=\"author_recette\" id=\"author_name\" href=\"https:\/\/www.nextplz.fr\/auteur\/laura-angelo\" rel=\"nofollow noopener\" target=\"_blank\">Laura<br \/>\nD\u2019Angelo<\/a> &#8211;<br \/>\nPubli\u00e9 le 29 Ao\u00fbt 2025 \u00e0<br \/>\n08:30<\/p>\n<p class=\"article-intro excerpt\">Apr\u00e8s avoir arr\u00eat\u00e9 sa carri\u00e8re \u00e0<br \/>\nla t\u00e9l\u00e9vision, voil\u00e0 que Michel Cym\u00e8s a d\u00e9cid\u00e9 de r\u00e9gler ses<br \/>\ncomptes avec\u2026 Adriana Karembeu.<\/p>\n<p>Il n\u2019a jamais eu peur de dire les choses telles qu\u2019elles sont. \u00c0<br \/>\n68 ans, Michel Cym\u00e8s s\u2019est livr\u00e9 sans filtre dans les colonnes de<br \/>\nGala, ce jeudi 28 ao\u00fbt. L\u2019ancien m\u00e9decin du Magazine de la<br \/>\nsant\u00e9, devenu au fil des ann\u00e9es l\u2019un des animateurs pr\u00e9f\u00e9r\u00e9s des<br \/>\nFran\u00e7ais, a \u00e9voqu\u00e9 son parcours, ses choix de carri\u00e8re et ses<br \/>\nenvies d\u2019avenir.<\/p>\n<p>Michel Cym\u00e8s<br \/>\nse confie sur sa tr\u00e8s longue carri\u00e8re<\/p>\n<p>Et s\u2019il admet avoir eu une vie professionnelle riche, <a href=\"https:\/\/www.nextplz.fr\/people\/503079-toucher-rectal-michel-cymes-sans-vergogne-il-affiche-bruno-guillon-et-nagui-sur-leur-vie-intime-je-plains-votre-femme\" rel=\"nofollow noopener\" target=\"_blank\"><br \/>\nl\u00a0\u00bbami de Nagui<\/a> ne regrette qu\u2019une seule chose : ne jamais<br \/>\ns\u2019\u00eatre interdit de tout arr\u00eater quand il en ressentait le besoin.<br \/>\nToujours plein d\u2019\u00e9nergie, Michel Cym\u00e8s reconna\u00eet pourtant que la<br \/>\nfatigue se fait plus pr\u00e9sente. \u00ab\u00a0J\u2019ai eu 200.000 vies et<br \/>\nparfois, oui, \u00e7a se bouscule un peu dans ma t\u00eate. Il faudrait que<br \/>\nje l\u00e8ve un peu le pied\u2026 <strong>Parfois je fatigue<\/strong>. Plus<br \/>\nqu\u2019avant\u00a0\u00bb, a-t-il confi\u00e9 \u00e0 Gala. Mais malgr\u00e9 ce<br \/>\nconstat, il refuse de se mettre des barri\u00e8res : \u00ab\u00a0Globalement,<br \/>\nje ne me sens pas vieillir, donc je ne me donne pas de limites. Je<br \/>\nteste les choses, \u00e0 l\u2019envie ! \u00c7a a toujours \u00e9t\u00e9 ma ligne de<br \/>\nconduite : j\u2019ai arr\u00eat\u00e9 la t\u00e9l\u00e9 parce que j\u2019en avais marre, tout<br \/>\ncomme la radio\u00a0\u00bb. Un discours qui traduit une certaine<br \/>\nphilosophie de vie : celle de se r\u00e9inventer constamment, quitte \u00e0<br \/>\nsurprendre son public.<\/p>\n<p>Ce tacle envoy\u00e9 \u00e0 Adriana<br \/>\nKarembeu<\/p>\n<p>Parmi les arr\u00eats marquants de sa carri\u00e8re, Michel Cym\u00e8s a<br \/>\n\u00e9galement \u00e9voqu\u00e9 <strong>sa c\u00e9l\u00e8bre collaboration avec Adriana<br \/>\nKarembeu<\/strong>. Les deux formaient un duo appr\u00e9ci\u00e9 dans Les<br \/>\npouvoirs extraordinaires du corps humain sur France 2, une \u00e9mission<br \/>\n\u00e0 succ\u00e8s qui alliait vulgarisation scientifique et complicit\u00e9 \u00e0<br \/>\nl\u2019\u00e9cran. Pourtant, l\u2019animateur l\u2019affirme aujourd\u2019hui sans d\u00e9tour :<br \/>\nil en a eu assez. \u00ab\u00a0L\u2019\u00e9mission avec Adriana Karembeu, pareil,<br \/>\nj\u2019en ai eu assez, j\u2019ai d\u00e9branch\u00e9. Je veux juste m\u2019amuser et \u00eatre<br \/>\nma\u00eetre de mes choix. <strong>Quand j\u2019en ai marre, j\u2019arr\u00eate<br \/>\n!<\/strong>\u00ab\u00a0. Pas de conflit ouvert ni de rancune affich\u00e9e,<br \/>\nmais une volont\u00e9 claire de passer \u00e0 autre chose. Si Michel Cym\u00e8s a<br \/>\nd\u00e9cid\u00e9 de quitter la pr\u00e9sentation de ses \u00e9missions m\u00e9dicales, ce<br \/>\nn\u2019est pas sans pr\u00e9paration. \u00ab\u00a0Jimmy Mohamed, nous l\u2019avons<br \/>\nchoisi, Marina Carr\u00e8re d\u2019Encausse et moi, pour prendre ma rel\u00e8ve.<br \/>\nIl est tr\u00e8s bon. Je n\u2019\u00e9prouve aucune jalousie envers lui.<br \/>\nVraiment\u00a0\u00bb, a-t-il assur\u00e9.<\/p>\n<p>Le m\u00e9decin le plus c\u00e9l\u00e8bre du PAF passe la main \u00e0 Jimmy<br \/>\nMohamed<\/p>\n<p>Loin de vouloir s\u2019accrocher \u00e0 ses anciens r\u00f4les, l\u2019animateur,<br \/>\nqui a <a href=\"https:\/\/www.nextplz.fr\/people\/491019-cyril-hanouna-face-a-la-justice-michel-cymes-depose-deux-plaintes\" rel=\"nofollow noopener\" target=\"_blank\"><br \/>\nd\u00e9pos\u00e9 plainte contre Cyril Hanouna,<\/a> revendique une volont\u00e9<br \/>\nclaire : laisser la place et tourner la page. Pour Michel Cym\u00e8s, il<br \/>\nest essentiel de ne jamais s\u2019enfermer dans un format qui ne lui<br \/>\napporte plus de plaisir. En d\u00e9finitive, ce t\u00e9moignage dresse le<br \/>\nportrait d\u2019un homme qui pr\u00e9f\u00e8re la libert\u00e9 \u00e0 la routine. Quitter la<br \/>\nradio, arr\u00eater la t\u00e9l\u00e9, fermer la parenth\u00e8se d\u2019une \u00e9mission<br \/>\npourtant populaire : <strong>Michel Cym\u00e8s assume tout.<\/strong> Sa<br \/>\nligne de conduite reste inchang\u00e9e apr\u00e8s toutes ces ann\u00e9es : \u00e9couter<br \/>\nses envies avant tout. S\u2019il reste discret sur ses prochains<br \/>\nprojets, le m\u00e9decin-animateur donne le ton : il veut continuer \u00e0<br \/>\ntravailler, mais uniquement l\u00e0 o\u00f9 il s\u2019amuse. Une philosophie qui<br \/>\nlui a permis de durer et de marquer le paysage audiovisuel<br \/>\nfran\u00e7ais, sans jamais trahir sa libert\u00e9.<\/p>\n","protected":false},"excerpt":{"rendered":"Par Laura D\u2019Angelo &#8211; Publi\u00e9 le 29 Ao\u00fbt 2025 \u00e0 08:30 Apr\u00e8s avoir arr\u00eat\u00e9 sa carri\u00e8re \u00e0 la&hellip;\n","protected":false},"author":2,"featured_media":351638,"comment_status":"","ping_status":"","sticky":false,"template":"","format":"standard","meta":{"footnotes":""},"categories":[1586],"tags":[11,1777,674,1779,1011,27,12,25,1778,364],"class_list":{"0":"post-351637","1":"post","2":"type-post","3":"status-publish","4":"format-standard","5":"has-post-thumbnail","7":"category-europe","8":"tag-actualites","9":"tag-eu","10":"tag-europe","11":"tag-european-union","12":"tag-fr","13":"tag-france","14":"tag-news","15":"tag-republique-francaise","16":"tag-ue","17":"tag-union-europeenne"},"share_on_mastodon":{"url":"https:\/\/pubeurope.com\/@fr\/115110944677134484","error":""},"_links":{"self":[{"href":"https:\/\/www.europesays.com\/fr\/wp-json\/wp\/v2\/posts\/351637","targetHints":{"allow":["GET"]}}],"collection":[{"href":"https:\/\/www.europesays.com\/fr\/wp-json\/wp\/v2\/posts"}],"about":[{"href":"https:\/\/www.europesays.com\/fr\/wp-json\/wp\/v2\/types\/post"}],"author":[{"embeddable":true,"href":"https:\/\/www.europesays.com\/fr\/wp-json\/wp\/v2\/users\/2"}],"replies":[{"embeddable":true,"href":"https:\/\/www.europesays.com\/fr\/wp-json\/wp\/v2\/comments?post=351637"}],"version-history":[{"count":0,"href":"https:\/\/www.europesays.com\/fr\/wp-json\/wp\/v2\/posts\/351637\/revisions"}],"wp:featuredmedia":[{"embeddable":true,"href":"https:\/\/www.europesays.com\/fr\/wp-json\/wp\/v2\/media\/351638"}],"wp:attachment":[{"href":"https:\/\/www.europesays.com\/fr\/wp-json\/wp\/v2\/media?parent=351637"}],"wp:term":[{"taxonomy":"category","embeddable":true,"href":"https:\/\/www.europesays.com\/fr\/wp-json\/wp\/v2\/categories?post=351637"},{"taxonomy":"post_tag","embeddable":true,"href":"https:\/\/www.europesays.com\/fr\/wp-json\/wp\/v2\/tags?post=351637"}],"curies":[{"name":"wp","href":"https:\/\/api.w.org\/{rel}","templated":true}]}}