{"id":351641,"date":"2025-08-29T07:47:11","date_gmt":"2025-08-29T07:47:11","guid":{"rendered":"https:\/\/www.europesays.com\/fr\/351641\/"},"modified":"2025-08-29T07:47:11","modified_gmt":"2025-08-29T07:47:11","slug":"vers-une-crise-politique-a-cause-de-l-affaire-des-f-35-et-son-surcout-proche-du-milliard-de-dollars","status":"publish","type":"post","link":"https:\/\/www.europesays.com\/fr\/351641\/","title":{"rendered":"Vers \u00ab\u00a0une crise politique\u00a0\u00bb \u00e0 cause de l&rsquo;\u00ab\u00a0affaire des F-35\u00a0\u00bb et son surco\u00fbt proche du\u00a0milliard de dollars\u00a0?"},"content":{"rendered":"<p>En <a href=\"https:\/\/www.20minutes.fr\/dossier\/suisse\" class=\"c-link c-link--is-underlined\" target=\"_blank\" rel=\"noopener\">Suisse<\/a>, le feuilleton de l\u2019\u00e9t\u00e9 autour de \u00ab\u00a0l\u2019affaire\u00a0\u00bb des <a href=\"https:\/\/www.20minutes.fr\/monde\/etats-unis\/4123321-20241126-etats-unis-nomme-trump-musk-veut-remplacer-combat-drones\" class=\"c-link c-link--is-underlined\" target=\"_blank\" rel=\"noopener\">F-35<\/a> am\u00e9ricains, vire au psychodrame. Voire \u00e0 l\u2019affaire d\u2019Etat. Apr\u00e8s avoir reconnu, le 25\u00a0juin, des surco\u00fbts qui pourraient d\u00e9passer le milliard de francs suisses, alors qu\u2019il assurait auparavant avoir obtenu un \u00ab\u00a0prix fixe\u00a0\u00bb pour l\u2019acquisition de 36 avions de chasse, le gouvernement a tent\u00e9 durant tout l\u2019\u00e9t\u00e9, en vain, de n\u00e9gocier avec l\u2019administration <a href=\"https:\/\/www.20minutes.fr\/dossier\/donald_trump\" class=\"c-link c-link--is-underlined\" target=\"_blank\" rel=\"noopener\">Trump<\/a>.<\/p>\n<p>Le 13 ao\u00fbt, le couperet est tomb\u00e9. Le gouvernement indiquait dans un communiqu\u00e9 qu\u2019\u00e0 l\u2019issue \u00ab\u00a0des discussions qui ont eu lieu cet \u00e9t\u00e9\u00a0\u00bb, les <a href=\"https:\/\/www.20minutes.fr\/monde\/etats-unis\/\" class=\"c-link c-link--is-underlined\" target=\"_blank\" rel=\"noopener\">\u00c9tats-Unis<\/a> \u00ab\u00a0ne sont pas dispos\u00e9s \u00e0 modifier leur position, ce qui emp\u00eache la Suisse d\u2019imposer le prix fixe pour l\u2019avion de combat F-35A.\u00a0\u00bb<\/p>\n<p>Un prix ferme \u00ab\u00a0confirm\u00e9 par l\u2019ambassade am\u00e9ricaine\u00a0\u00bb, assure la Suisse<\/p>\n<p>Selon Berne, la Suisse et les \u00c9tats-Unis avaient convenu contractuellement d\u2019un prix ferme en\u00a02022, d\u2019un peu plus de 6\u00a0milliards de francs (6,4\u00a0milliards d\u2019euros) pour ces avions de combat de l\u2019am\u00e9ricain <a href=\"https:\/\/www.20minutes.fr\/sciences\/4047163-20230727-espace-entreprise-lockheed-martin-choisie-nasa-concevoir-fusee-nucleaire\" class=\"c-link c-link--is-underlined\" target=\"_blank\" rel=\"noopener\">Lockheed Martin<\/a>, comprenant \u00e9galement l\u2019armement et les munitions, pour remplacer la flotte vieillissante de la force a\u00e9rienne suisse, compos\u00e9e de F-18 et de F-5 Tiger. \u00ab\u00a0Ce prix ferme a \u00e9t\u00e9 confirm\u00e9 par les rapports d\u2019expertise de diverses \u00e9tudes d\u2019avocats et par l\u2019ambassade am\u00e9ricaine \u00e0 Berne\u00a0\u00bb, assure le D\u00e9partement f\u00e9d\u00e9ral de la D\u00e9fense (DDPS).<\/p>\n<p>Mais, \u00e0 la mi-juin\u00a02025, le minist\u00e8re de la D\u00e9fense am\u00e9ricain \u00ab\u00a0a inform\u00e9 le chef de l\u2019armement que la production de F-35A allait \u00eatre plus co\u00fbteuse que pr\u00e9vu\u00a0: entre 650\u00a0millions et 1,3\u00a0milliard de dollars am\u00e9ricains suppl\u00e9mentaires\u00a0\u00bb, poursuit le DDPS. \u00ab\u00a0Cette large fourchette s\u2019explique par l\u2019\u00e9volution incertaine des prix en raison des r\u00e9percussions des droits de douane aux \u00c9tats-Unis, de l\u2019\u00e9volution encore impr\u00e9visible de l\u2019inflation et des incertitudes g\u00e9opolitiques\u00a0\u00bb, ajoutait en juin dernier le directeur g\u00e9n\u00e9ral suisse de l\u2019armement, Urs Loher, lors d\u2019une conf\u00e9rence de presse \u00e0 Berne.<\/p>\n<p>\u00ab\u00a0Oui, les Suisses sont en train de se faire avoir\u00a0\u00bb<\/p>\n<p>Les Suisses ont-ils fait preuve de na\u00efvet\u00e9 dans cette affaire, la notion de \u00ab\u00a0prix fixe\u00a0\u00bb dans les contrats d\u2019armement, surtout concernant des programmes d\u2019avions de chasse, correspondant rarement \u00e0 la r\u00e9alit\u00e9\u00a0? \u00ab\u00a0Le d\u00e9passement est g\u00e9n\u00e9ralement la r\u00e8gle dans ce type de contrats, car il est compliqu\u00e9 de pr\u00e9voir ce que va co\u00fbter un programme industriel qui va durer quarante ans, portant sur un objet technologique extr\u00eamement complexe, dont la vie va d\u00e9pendre de l\u2019\u00e9volution du cours des composants et des mat\u00e9riaux, confirme \u00e0 20 Minutes le consultant en risques internationaux St\u00e9phane Audrand. Mais l\u00e0, le d\u00e9passement est vraiment cons\u00e9quent, et surtout, il est annonc\u00e9 d\u2019entr\u00e9e de jeu, alors m\u00eame que les Suisses n\u2019ont pas touch\u00e9 un seul avion\u00a0!\u00a0\u00bb La question du d\u00e9lai de livraison, pr\u00e9vue \u00e0 partir de\u00a02027, pourrait aussi se poser.<\/p>\n<p>Pour l\u2019analyste g\u00e9opolitique Louis Duclos, \u00ab\u00a0oui, les Suisses sont en train de se faire avoir\u00a0\u00bb, mais il estime que \u00ab\u00a0cette affaire prend sa source dans le choix m\u00eame &#8211; inadapt\u00e9 &#8211; du F-35 pour \u00e9quiper la force a\u00e9rienne suisse\u00a0\u00bb. \u00ab\u00a0S\u2019ils avaient privil\u00e9gi\u00e9 une industrie de l\u2019armement europ\u00e9enne, le <a href=\"https:\/\/www.20minutes.fr\/dossier\/rafale\" class=\"c-link c-link--is-underlined\" target=\"_blank\" rel=\"noopener\">Rafale<\/a>, le <a href=\"https:\/\/www.20minutes.fr\/economie\/1265185-20131218-20131218-bresilappel-offres-avion-chasse-suedois-gripen-ng-prefere-rafale\" class=\"c-link c-link--is-underlined\" target=\"_blank\" rel=\"noopener\">Gripen<\/a> ou <a href=\"https:\/\/www.20minutes.fr\/monde\/2548139-20190624-allemagne-deux-chasse-eurofighter-ecrasent-apres-etre-percutes\" class=\"c-link c-link--is-underlined\" target=\"_blank\" rel=\"noopener\">l\u2019Eurofighter<\/a>, cela aurait \u00e9t\u00e9 beaucoup plus simple, moins cher, et il n\u2019y aurait pas toutes ces complications.\u00a0\u00bb<\/p>\n<\/p>\n<p>Louis Duclos explique en effet que \u00ab\u00a0le F-35, un v\u00e9ritable bijou technologique, est un avion de cinqui\u00e8me g\u00e9n\u00e9ration, furtif, dont l\u2019objectif est de traverser les lignes ennemies pour frapper en profondeur, tout en restant ind\u00e9tectable. C\u2019est donc un avion \u00e9minemment offensif, fait pour la <a href=\"https:\/\/www.20minutes.fr\/dossier\/guerre\" class=\"c-link c-link--is-underlined\" target=\"_blank\" rel=\"noopener\">guerre<\/a> moderne. Quelle utilit\u00e9 a la Suisse, un pays neutre, d\u2019un tel avion, sachant que ce pays ne combat pas\u00a0? C\u2019est comme avoir une Ferrari pour faire l\u2019aller-retour \u00e0 la sup\u00e9rette du coin tous les jours. En plus, la maintenance du F-35 co\u00fbte extr\u00eamement cher \u00e9galement. Des avions plus simples de quatri\u00e8me g\u00e9n\u00e9ration auraient fait l\u2019affaire.\u00a0\u00bb<\/p>\n<p>Le Rafale aurait \u00e9t\u00e9 moins cher<\/p>\n<p>Comment le choix s\u2019est-il port\u00e9 sur le F-35\u00a0? En septembre\u00a02020, un r\u00e9f\u00e9rendum avait \u00e9t\u00e9 organis\u00e9 pour demander aux habitants &#8211; divis\u00e9s sur le principe m\u00eame que le pays soit \u00e9quip\u00e9 d\u2019avions de chasse &#8211; s\u2019ils approuvaient une enveloppe de 6\u00a0milliards de francs pour une commande d\u2019avions plus modernes et de syst\u00e8mes d\u2019armement. Le \u00ab\u00a0oui\u00a0\u00bb l\u2019avait emport\u00e9 de justesse (50,1\u00a0%). \u00c0 l\u2019issue d\u2019un appel d\u2019offres, le gouvernement avait affirm\u00e9 que l\u2019avion am\u00e9ricain \u00e9tait \u00ab\u00a0le meilleur et le moins cher\u00a0\u00bb parmi ses concurrents. C\u2019est cet appel d\u2019offres qui est aujourd\u2019hui questionn\u00e9.<\/p>\n<p>Pour St\u00e9phane Audrand, le choix du F-35 n\u2019est cependant \u00ab\u00a0pas totalement d\u00e9lirant\u00a0\u00bb non plus. \u00ab\u00a0Les deux vrais candidats \u00e9taient le Rafale et le F-35, et les deux auraient pu se justifier, explique-t-il. Deux \u00e9l\u00e9ments ont certainement fait pencher la balance en faveur du F-35\u00a0: garder une coh\u00e9rence avec les pays partenaires de la Suisse que sont la Belgique, les Pays-Bas et l\u2019Allemagne, qui sont \u00e9quip\u00e9s <a href=\"https:\/\/www.20minutes.fr\/monde\/3252251-20220314-allemagne-armee-point-acheter-35-combat-f-35-constructeur-americain-lockheed-martin\" class=\"c-link c-link--is-underlined\" target=\"_blank\" rel=\"noopener\">ou vont passer au F-35<\/a>, tandis que le Rafale, un avion \u00ab\u00a0omnir\u00f4le\u00a0\u00bb capable de tout faire ou presque, est limite trop riche par rapport aux besoins de l\u2019aviation suisse, charg\u00e9e de missions de d\u00e9fense a\u00e9rienne et de <a href=\"https:\/\/www.20minutes.fr\/societe\/4084483-20240406-armee-air-sait-quoi-demain-fait-missions-30e-escadre-chasse-mont-marsan-evoluent\" class=\"c-link c-link--is-underlined\" target=\"_blank\" rel=\"noopener\">police du ciel<\/a>. Et le F-35 correspond \u00e0 ces capacit\u00e9s. Le probl\u00e8me, c\u2019est l\u2019ardoise finale. Au prix o\u00f9 les Suisses vont payer l\u2019appareil, cela devient une arnaque par rapport \u00e0 ce qu\u2019ils auraient d\u00e9bours\u00e9 pour le Rafale.\u00a0\u00bb<\/p>\n<p>Vers une moins grosse commande de F-35 achet\u00e9s\u00a0?<\/p>\n<p>Que peut-il se passer d\u00e9sormais\u00a0? Un nouveau r\u00e9f\u00e9rendum\u00a0? Une annulation de contrat\u00a0? Le minist\u00e8re suisse de la D\u00e9fense a soulign\u00e9 qu&rsquo;\u00ab\u00a0un r\u00e8glement des diff\u00e9rends par voie juridique est formellement exclu\u00a0\u00bb. Il serait par ailleurs trop tard pour relancer un nouvel appel d\u2019offres, les F-5 de la force a\u00e9rienne suisse \u00e9tant d\u00e9j\u00e0 d\u00e9pass\u00e9s, et les F-18 devant \u00eatre retir\u00e9s du service \u00e0 l\u2019horizon\u00a02030. \u00ab\u00a0C\u2019est tout le probl\u00e8me\u00a0: la Suisse est au pied du mur\u00a0\u00bb, pointe St\u00e9phane Audrand, qui pense que la nation helv\u00e9tique a \u00ab\u00a0tard\u00e9\u00a0\u00bb \u00e0 se soucier du renouvellement de sa force a\u00e9rienne.<\/p>\n<p>Le ministre de la D\u00e9fense Martin Pfister a, lui, \u00e9voqu\u00e9 l\u2019hypoth\u00e8se d\u2019acheter moins que les 36 appareils pr\u00e9vus, pour rester dans les clous financiers approuv\u00e9s par le r\u00e9f\u00e9rendum de septembre\u00a02020. Un groupe de travail est ainsi charg\u00e9 de \u00ab\u00a0r\u00e9\u00e9valuer l\u2019\u00e9quipement cible de la d\u00e9fense a\u00e9rienne\u00a0\u00bb d\u2019ici \u00e0 fin novembre. \u00ab\u00a0Le gouvernement s\u2019accroche \u00e0 cet avion F-35\u00a0\u00bb, d\u00e9plore le d\u00e9put\u00e9 socialiste du canton du Jura, Pierre-Alain Fridez, qui avait fait part de ses doutes sur les conditions qui avaient men\u00e9 au choix de l\u2019appareil am\u00e9ricain.<\/p>\n<p>La Suisse cibl\u00e9e par les droits de douane US<\/p>\n<p>L\u2019affaire prend une telle ampleur, que St\u00e9phane Audrand n\u2019\u00e9carte pas la possibilit\u00e9 d\u2019une \u00ab\u00a0crise politique durable au sein du pays\u00a0\u00bb. Car l\u2019affaire s\u2019ajoute aux <a href=\"https:\/\/www.20minutes.fr\/economie\/droits-douane-americains\/\" class=\"c-link c-link--is-underlined\" target=\"_blank\" rel=\"noopener\">droits de douane<\/a> de 39\u00a0%, bien plus \u00e9lev\u00e9s que ceux de l\u2019<a href=\"https:\/\/www.20minutes.fr\/dossier\/ue\" class=\"c-link c-link--is-underlined\" target=\"_blank\" rel=\"noopener\">Union europ\u00e9enne<\/a> (15\u00a0%), inflig\u00e9s par les Etats-Unis. \u00ab\u00a0Les Suisses, qui ont depuis longtemps de tr\u00e8s bonnes relations avec les Etats-Unis sur le plan militaire et du renseignement, se rendent compte que tout cela ne compte pas pour Donald Trump\u00a0\u00bb, poursuit St\u00e9phane Audrand.<\/p>\n<p><a href=\"https:\/\/www.20minutes.fr\/monde\/armement\/\" class=\"c-link c-btn c-btn--primary\" target=\"_blank\" rel=\"noopener\">Notre dossier sur l&rsquo;armement<\/a><\/p>\n<p>\u00ab\u00a0Ils s\u2019aper\u00e7oivent qu\u2019ils ont mis\u00e9 sur le mauvais cheval, ajoute Louis Duclos. Cela pose la question, plus large, du rapport de l\u2019Europe aux Etats-Unis, ces derniers ayant d\u00e9j\u00e0 fait <a href=\"https:\/\/www.usinenouvelle.com\/article\/defense-apres-avoir-econduit-la-france-l-australie-pourrait-etre-lachee-par-les-etats-unis-et-se-retrouver-sans-sous-marin-en-2030.N2236490\" rel=\"nofollow noopener\" target=\"_blank\" class=\"c-link c-link--is-underlined\">le coup des sous-marins \u00e0 l\u2019Australie<\/a>. On voit que ce partenaire n\u2019est pas toujours digne de confiance, ce qui devrait susciter le r\u00e9veil des Europ\u00e9ens.\u00a0\u00bb<\/p>\n","protected":false},"excerpt":{"rendered":"En Suisse, le feuilleton de l\u2019\u00e9t\u00e9 autour de \u00ab\u00a0l\u2019affaire\u00a0\u00bb des F-35 am\u00e9ricains, vire au psychodrame. Voire \u00e0 l\u2019affaire&hellip;\n","protected":false},"author":2,"featured_media":351642,"comment_status":"","ping_status":"","sticky":false,"template":"","format":"standard","meta":{"footnotes":""},"categories":[2],"tags":[47,11,6376,37,554,75,33742,73,1011,27,1146,12,25,104,3067,555],"class_list":{"0":"post-351641","1":"post","2":"type-post","3":"status-publish","4":"format-standard","5":"has-post-thumbnail","7":"category-actualites","8":"tag-actualite","9":"tag-actualites","10":"tag-armes","11":"tag-avion","12":"tag-defense","13":"tag-donald-trump","14":"tag-droits-de-douane-americains","15":"tag-etats-unis","16":"tag-fr","17":"tag-france","18":"tag-guerre","19":"tag-news","20":"tag-republique-francaise","21":"tag-societe","22":"tag-suisse","23":"tag-union-europeenne-ue"},"share_on_mastodon":{"url":"https:\/\/pubeurope.com\/@fr\/115110952578537610","error":""},"_links":{"self":[{"href":"https:\/\/www.europesays.com\/fr\/wp-json\/wp\/v2\/posts\/351641","targetHints":{"allow":["GET"]}}],"collection":[{"href":"https:\/\/www.europesays.com\/fr\/wp-json\/wp\/v2\/posts"}],"about":[{"href":"https:\/\/www.europesays.com\/fr\/wp-json\/wp\/v2\/types\/post"}],"author":[{"embeddable":true,"href":"https:\/\/www.europesays.com\/fr\/wp-json\/wp\/v2\/users\/2"}],"replies":[{"embeddable":true,"href":"https:\/\/www.europesays.com\/fr\/wp-json\/wp\/v2\/comments?post=351641"}],"version-history":[{"count":0,"href":"https:\/\/www.europesays.com\/fr\/wp-json\/wp\/v2\/posts\/351641\/revisions"}],"wp:featuredmedia":[{"embeddable":true,"href":"https:\/\/www.europesays.com\/fr\/wp-json\/wp\/v2\/media\/351642"}],"wp:attachment":[{"href":"https:\/\/www.europesays.com\/fr\/wp-json\/wp\/v2\/media?parent=351641"}],"wp:term":[{"taxonomy":"category","embeddable":true,"href":"https:\/\/www.europesays.com\/fr\/wp-json\/wp\/v2\/categories?post=351641"},{"taxonomy":"post_tag","embeddable":true,"href":"https:\/\/www.europesays.com\/fr\/wp-json\/wp\/v2\/tags?post=351641"}],"curies":[{"name":"wp","href":"https:\/\/api.w.org\/{rel}","templated":true}]}}