{"id":351645,"date":"2025-08-29T08:00:11","date_gmt":"2025-08-29T08:00:11","guid":{"rendered":"https:\/\/www.europesays.com\/fr\/351645\/"},"modified":"2025-08-29T08:00:11","modified_gmt":"2025-08-29T08:00:11","slug":"top-14-francois-cros-toulouse-cest-toujours-plaisant-de-voir-les-jeunes-remettre-en-question-de-gros-joueurs","status":"publish","type":"post","link":"https:\/\/www.europesays.com\/fr\/351645\/","title":{"rendered":"Top 14 \u2013 Fran\u00e7ois Cros (Toulouse)\u00a0: \u201cC\u2019est toujours plaisant de voir les jeunes remettre en question de gros joueurs\u201d"},"content":{"rendered":"<p>\n                Satisfait de la victoire face \u00e0 Bayonne (24-28), le troisi\u00e8me ligne aile du Stade toulousain, Fran\u00e7ois Cros, a tenu \u00e0 saluer la belle performance des jeunes qui ont tenu la drag\u00e9e haute \u00e0 l\u2019Aviron.\n            <\/p>\n<p><strong>Que retenez-vous de ce match\u00a0?<\/strong><br \/>C\u2019\u00e9tait une reprise pour beaucoup d\u2019entre nous et c\u2019\u00e9tait important de \u201cmatcher\u201d avant la premi\u00e8re journ\u00e9e de championnat, la semaine prochaine. C\u2019est une bonne chose d\u2019avoir eu un peu de temps de jeu. Tout n\u2019est pas parfait, il y a eu pas mal de d\u00e9chets sur la touche, mais on a eu une reprise tardive. Il faut qu\u2019on se r\u00e8gle, c\u2019est normal. Les conditions ont fait que le ballon a \u00e9t\u00e9 glissant, mais le plus important, aujourd\u2019hui, c\u2019\u00e9tait de retrouver du rythme et de voir le caract\u00e8re du groupe. On n\u2019avait pas trop de questions \u00e0 ce sujet-l\u00e0, mais encore une fois, aujourd\u2019hui, nous avons r\u00e9pondu pr\u00e9sent. C\u2019est ce qu\u2019il faut retenir.<\/p>\n<p><strong>Qu\u2019est-ce que cette reprise tardive implique\u00a0?<\/strong><br \/>Elle nous oblige \u00e0 nous mobiliser rapidement et \u00e0 \u00eatre le plus attentif possible, mais nous avons un groupe stable depuis plusieurs saisons. On se conna\u00eet et le temps qu\u2019on prend pour r\u00e9cup\u00e9rer n\u2019est pas du temps perdu. Il va nous servir dans la saison. Sur la pr\u00e9paration, c\u2019est un peu court, mais c\u2019est assum\u00e9 et on n\u2019aura pas cette excuse-l\u00e0 la semaine prochaine.<\/p>\n<p><strong>Vous commencez \u00e0 avoir l\u2019habitude de ces pr\u00e9parations courtes\u2026<\/strong><br \/>Oui, on finit tard les saisons et en jouant sur les deux tableaux, nous avons besoin de couper \u00e0 l\u2019intersaison. Les coachs nous offrent \u00e7a, c\u2019est un confort, mais il ne faut pas que \u00e7a devienne un pi\u00e8ge pour entamer la saison avec l\u2019excuse d\u2019une pr\u00e9paration courte. Je pense qu\u2019on a l\u2019exp\u00e9rience des saisons pass\u00e9es pour travailler m\u00eame lorsqu\u2019on est au repos et se mobiliser rapidement, en trois semaines, avant le premier match de championnat.<\/p>\n<p><strong>Physiquement, avez-vous coup\u00e9 pendant les vacances\u00a0?<\/strong><br \/>Un peu, on a eu six semaines de tr\u00eave. Pendant les deux ou trois premi\u00e8res, nous avons coup\u00e9, puis nous nous sommes mobilis\u00e9s pour arriver sans trop \u00eatre en m\u00e9forme.<\/p>\n<p><strong>Comment jugez-vous le groupe avant la reprise du Top 14\u00a0?<\/strong><br \/>Il y a de la fra\u00eecheur, oui, avec ce vivier de jeunes qui vient alimenter le groupe, et challenger les plus vieux. C\u2019est cool. Ce soir encore, ils ont fait une superbe partie. Ils s\u2019envoient \u00e0 chaque sortie et \u00e7a permet de cr\u00e9er et de garder cette \u00e9mulation dans le groupe. Personne ne dort sur ses acquis, tout le monde va chercher plus loin pour avoir sa place et faire en sorte que, le week-end, l\u2019\u00e9quipe soit gagnante.<\/p>\n<p><strong>Ces jeunes vous ont-ils surpris\u00a0?<\/strong><br \/>Non, parce que je m\u2019entra\u00eene avec eux au quotidien. Je sais de quoi ils sont capables, mais c\u2019est toujours plaisant de les voir \u201cmatcher\u201d \u00e0 ce niveau-l\u00e0, de les voir remettre en question de gros joueurs et de les voir prendre du plaisir avec ce maillot sur les \u00e9paules.<\/p>\n<p><strong>L\u2019adversaire \u00e9tait-il ad\u00e9quat pour reprendre du rythme\u00a0?<\/strong><br \/>Bien s\u00fbr\u00a0! Bayonne, avec sa d\u00e9faite de la semaine derni\u00e8re, avait envie de montrer un autre visage. Sur l\u2019\u00e9tat d\u2019esprit, ils ont rivalis\u00e9, mais \u00e7a s\u2019est jou\u00e9 sur le r\u00e9alisme. Nous ne l\u2019avons pas \u00e9t\u00e9 en premi\u00e8re mi-temps malgr\u00e9 le nombre d\u2019occasions qu\u2019on a eues. On tourne \u00e0 7-7, c\u2019est le moindre mal avec cet essai en fin de premi\u00e8re mi-temps qui nous fait du bien. En deuxi\u00e8me mi-temps, c\u2019\u00e9tait un bras de fer. On a r\u00e9ussi \u00e0 prendre le large, mais ils n\u2019ont jamais \u00e9t\u00e9 trop loin.<\/p>\n","protected":false},"excerpt":{"rendered":"Satisfait de la victoire face \u00e0 Bayonne (24-28), le troisi\u00e8me ligne aile du Stade toulousain, Fran\u00e7ois Cros, a&hellip;\n","protected":false},"author":2,"featured_media":351646,"comment_status":"","ping_status":"","sticky":false,"template":"","format":"standard","meta":{"footnotes":""},"categories":[1416],"tags":[1011,27,479,1468,60],"class_list":{"0":"post-351645","1":"post","2":"type-post","3":"status-publish","4":"format-standard","5":"has-post-thumbnail","7":"category-rugby","8":"tag-fr","9":"tag-france","10":"tag-rugby","11":"tag-rugby-football","12":"tag-sports"},"share_on_mastodon":{"url":"https:\/\/pubeurope.com\/@fr\/115111003663371216","error":""},"_links":{"self":[{"href":"https:\/\/www.europesays.com\/fr\/wp-json\/wp\/v2\/posts\/351645","targetHints":{"allow":["GET"]}}],"collection":[{"href":"https:\/\/www.europesays.com\/fr\/wp-json\/wp\/v2\/posts"}],"about":[{"href":"https:\/\/www.europesays.com\/fr\/wp-json\/wp\/v2\/types\/post"}],"author":[{"embeddable":true,"href":"https:\/\/www.europesays.com\/fr\/wp-json\/wp\/v2\/users\/2"}],"replies":[{"embeddable":true,"href":"https:\/\/www.europesays.com\/fr\/wp-json\/wp\/v2\/comments?post=351645"}],"version-history":[{"count":0,"href":"https:\/\/www.europesays.com\/fr\/wp-json\/wp\/v2\/posts\/351645\/revisions"}],"wp:featuredmedia":[{"embeddable":true,"href":"https:\/\/www.europesays.com\/fr\/wp-json\/wp\/v2\/media\/351646"}],"wp:attachment":[{"href":"https:\/\/www.europesays.com\/fr\/wp-json\/wp\/v2\/media?parent=351645"}],"wp:term":[{"taxonomy":"category","embeddable":true,"href":"https:\/\/www.europesays.com\/fr\/wp-json\/wp\/v2\/categories?post=351645"},{"taxonomy":"post_tag","embeddable":true,"href":"https:\/\/www.europesays.com\/fr\/wp-json\/wp\/v2\/tags?post=351645"}],"curies":[{"name":"wp","href":"https:\/\/api.w.org\/{rel}","templated":true}]}}