{"id":351647,"date":"2025-08-29T08:01:10","date_gmt":"2025-08-29T08:01:10","guid":{"rendered":"https:\/\/www.europesays.com\/fr\/351647\/"},"modified":"2025-08-29T08:01:10","modified_gmt":"2025-08-29T08:01:10","slug":"la-prochaine-fois-que-je-viserai-ton-corps-ne-te-demande-pas-pourquoi-tsitsipas-disjoncte-apres-avoir-ete-elimine-au-2e-tour","status":"publish","type":"post","link":"https:\/\/www.europesays.com\/fr\/351647\/","title":{"rendered":"\u00abLa prochaine fois que je viserai ton corps, ne te demande pas pourquoi\u00bb, Tsitsipas disjoncte apr\u00e8s avoir \u00e9t\u00e9 \u00e9limin\u00e9 au 2e tour"},"content":{"rendered":"<p><strong>LE SCAN SPORT &#8211;<\/strong> Stefanos Tsitsipas a \u00e9t\u00e9 battu par Daniel Altmaier au 2e tour de l\u2019US Open ce jeudi soir. Mauvais perdant, le Grec a demand\u00e9 des comptes \u00e0 son adversaire \u00e0 la suite d\u2019un banal service cuill\u00e8re.<\/p>\n<p class=\"fig-paragraph\">Une d\u00e9faite au 2e tour de\u00a0<a href=\"http:\/\/www.lefigaro.fr\/sports\/tennis\/us-open\/us-open-destination-troisieme-tour-pour-alexander-zverev-20250829\" data-fig-type=\"NewsFlash\" data-gtm-custom-categorie=\"navigation\" data-gtm-custom-action=\"crossclick\" data-gtm-custom-label=\"Contextuel\" data-gtm-event=\"customEventSPE\" data-fig-domain=\"LEFIGARO\" target=\"_blank\" rel=\"noopener\">l\u2019US Open<\/a>\u00a0mais surtout un service \u00e0 la cuill\u00e8re que\u00a0<a href=\"http:\/\/www.lefigaro.fr\/sports\/tennis\/tennis-apres-s-etre-separe-d-ivanisevic-tsitsipas-reprend-son-pere-en-tant-qu-entraineur-20250730\" data-fig-type=\"NewsFlash\" data-gtm-custom-categorie=\"navigation\" data-gtm-custom-action=\"crossclick\" data-gtm-custom-label=\"Contextuel\" data-gtm-event=\"customEventSPE\" data-fig-domain=\"LEFIGARO\" target=\"_blank\" rel=\"noopener\">Stefanos Tsitsipas<\/a>\u00a0n\u2019a franchement pas appr\u00e9ci\u00e9 ce jeudi \u00e0 New York. Battu en cinq sets par Daniel Altmaier (7\u22126, 1\u20136, 4\u20136, 6\u20133, 7\u20135), le Grec n\u2019a pas du tout aim\u00e9 que l\u2019Allemand ose tenter (et r\u00e9ussir) un service \u00e0 la cuill\u00e8re pendant la quatri\u00e8me manche.<\/p>\n<p class=\"fig-paragraph\">\u00c0 la fin de la rencontre, alors que les deux joueurs se dirigeaient vers le filet pour la traditionnelle poign\u00e9e de main, Tsitsipas s\u2019en est pris \u00e0 son adversaire du soir au sujet de cette mise en jeu\u00a0: \u00abLa prochaine fois, \u00e9vite de faire un service \u00e0 la cuill\u00e8re. La prochaine fois que je viserai ton corps, ne te demande pas pourquoi\u2026\u00a0\u00bb. Ambiance.<\/p>\n<p>                                    <a class=\"fig-a11y-skip a11y-hidden\" href=\"#fig-a11y-skip-main-inarticle\"><br \/>\n        Passer la publicit\u00e9<br \/>\n    <\/a><\/p>\n<p>Altmaier sans r\u00e9action<\/p>\n<p class=\"fig-paragraph\">Des propos tr\u00e8s agressifs de la part de l\u2019ancien num\u00e9ro 3 mondial auxquels Daniel Altmaier a choisi de ne pas r\u00e9pondre. L\u2019Allemand a tent\u00e9 de comprendre avant d\u2019ignorer le Grec puis de f\u00eater sa victoire sous les acclamations du public new-yorkais. Un \u00e9pisode qui ne va pas aider Stefanos Tsitsipas \u00e0 remonter la pente apr\u00e8s plusieurs ann\u00e9es tr\u00e8s difficiles sur le circuit.<\/p>\n","protected":false},"excerpt":{"rendered":"LE SCAN SPORT &#8211; Stefanos Tsitsipas a \u00e9t\u00e9 battu par Daniel Altmaier au 2e tour de l\u2019US Open&hellip;\n","protected":false},"author":2,"featured_media":351648,"comment_status":"","ping_status":"","sticky":false,"template":"","format":"standard","meta":{"footnotes":""},"categories":[1415],"tags":[4169,1011,27,4977,60,8048,1467],"class_list":{"0":"post-351647","1":"post","2":"type-post","3":"status-publish","4":"format-standard","5":"has-post-thumbnail","7":"category-tennis","8":"tag-atp","9":"tag-fr","10":"tag-france","11":"tag-le-scan-sport","12":"tag-sports","13":"tag-stefanos-tsitsipas","14":"tag-tennis"},"share_on_mastodon":{"url":"https:\/\/pubeurope.com\/@fr\/115111007510029434","error":""},"_links":{"self":[{"href":"https:\/\/www.europesays.com\/fr\/wp-json\/wp\/v2\/posts\/351647","targetHints":{"allow":["GET"]}}],"collection":[{"href":"https:\/\/www.europesays.com\/fr\/wp-json\/wp\/v2\/posts"}],"about":[{"href":"https:\/\/www.europesays.com\/fr\/wp-json\/wp\/v2\/types\/post"}],"author":[{"embeddable":true,"href":"https:\/\/www.europesays.com\/fr\/wp-json\/wp\/v2\/users\/2"}],"replies":[{"embeddable":true,"href":"https:\/\/www.europesays.com\/fr\/wp-json\/wp\/v2\/comments?post=351647"}],"version-history":[{"count":0,"href":"https:\/\/www.europesays.com\/fr\/wp-json\/wp\/v2\/posts\/351647\/revisions"}],"wp:featuredmedia":[{"embeddable":true,"href":"https:\/\/www.europesays.com\/fr\/wp-json\/wp\/v2\/media\/351648"}],"wp:attachment":[{"href":"https:\/\/www.europesays.com\/fr\/wp-json\/wp\/v2\/media?parent=351647"}],"wp:term":[{"taxonomy":"category","embeddable":true,"href":"https:\/\/www.europesays.com\/fr\/wp-json\/wp\/v2\/categories?post=351647"},{"taxonomy":"post_tag","embeddable":true,"href":"https:\/\/www.europesays.com\/fr\/wp-json\/wp\/v2\/tags?post=351647"}],"curies":[{"name":"wp","href":"https:\/\/api.w.org\/{rel}","templated":true}]}}