{"id":351653,"date":"2025-08-29T08:05:33","date_gmt":"2025-08-29T08:05:33","guid":{"rendered":"https:\/\/www.europesays.com\/fr\/351653\/"},"modified":"2025-08-29T08:05:33","modified_gmt":"2025-08-29T08:05:33","slug":"tour-poitou-charentes-samuel-leroux-remporte-le-clm","status":"publish","type":"post","link":"https:\/\/www.europesays.com\/fr\/351653\/","title":{"rendered":"Tour Poitou-Charentes : Samuel Leroux remporte le CLM"},"content":{"rendered":"<p style=\"text-align: justify;\">Samuel Leroux (TotalEnergies) a remport\u00e9, ce jeudi, la 3\u1d49 \u00e9tape du Tour Poitou-Charentes 2025. Au terme de ce contre-la-montre individuel de 27,3 km entre Chauvigny et Jardres, le coureur de la TotalEnergies a r\u00e9alis\u00e9 le meilleur temps en 33:03\u2033, \u00e0 plus de 49 km\/h de moyenne. Il devance Nicolas Milesi (Ark\u00e9a \u2013 B&amp;B H\u00f4tels), +22\u2033, et <a href=\"https:\/\/www.velo101.com\/actualite\/cyclisme\/transferts\/clement-berthet-sengage-avec-la-groupama-fdj\/\" rel=\"nofollow noopener\" target=\"_blank\">Cl\u00e9ment Berthet<\/a> (D\u00e9cathlon AG2R La Mondiale), +24\u2033. Samuel Leroux d\u00e9croche sa deuxi\u00e8me victoire chez les professionnels et s\u2019empare de la t\u00eate du classement g\u00e9n\u00e9ral.<\/p>\n<blockquote class=\"twitter-tweet\" data-media-max-width=\"560\">\n<p dir=\"ltr\" lang=\"fr\">Samuel Leroux plus rapide que le reste du peloton \ud83e\udd29\ud83e\udd29\ud83e\udd29<\/p>\n<p>Il remporte le contre-la-montre de 27,3km du Tour Poitou-Charentes \ud83d\ude80<a href=\"https:\/\/twitter.com\/hashtag\/TPC2025?src=hash&amp;ref_src=twsrc%5Etfw\" rel=\"nofollow noopener\" target=\"_blank\">#TPC2025<\/a> | <a href=\"https:\/\/twitter.com\/hashtag\/AllezTotalEnergies?src=hash&amp;ref_src=twsrc%5Etfw\" rel=\"nofollow noopener\" target=\"_blank\">#AllezTotalEnergies<\/a> \u26a1\ufe0f <a href=\"https:\/\/t.co\/UTokyTPZDt\" rel=\"nofollow\">pic.twitter.com\/UTokyTPZDt<\/a><\/p>\n<p>\u2014 Team TotalEnergies (@TeamTotalEnrg) <a href=\"https:\/\/twitter.com\/TeamTotalEnrg\/status\/1961082887303753778?ref_src=twsrc%5Etfw\" rel=\"nofollow noopener\" target=\"_blank\">August 28, 2025<\/a><\/p>\n<\/blockquote>\n<p>Le classement de la 3\u1d49 \u00e9tape du Tour Poitou-Charentes<\/p>\n<ol>\n<li>Samuel Leroux<\/li>\n<li>Nicolas Milesi<\/li>\n<li>Cl\u00e9ment Berthet<\/li>\n<\/ol>\n<p>Results powered by <a title=\"FirstCycling.com\" href=\"https:\/\/firstcycling.com\/race.php?r=187&amp;y=2025&amp;s=3\" rel=\"nofollow noopener\" target=\"_blank\">FirstCycling.com<\/a><\/p>\n<p><img fetchpriority=\"high\" decoding=\"async\" aria-describedby=\"caption-attachment-184638\" class=\"wp-image-184638 size-full\" src=\"data:image\/svg+xml,%3Csvg%20xmlns=\" http:=\"\" alt=\"\" width=\"2048\" height=\"1366\" data-lazy- data-lazy- data-lazy-src=\"https:\/\/www.europesays.com\/fr\/wp-content\/uploads\/2025\/08\/Leroux.jpeg\"\/><\/p>\n<p id=\"caption-attachment-184638\" class=\"wp-caption-text\">Cr\u00e9dit : TotalEnergies<\/p>\n<p>                        <script async src=\"https:\/\/platform.twitter.com\/widgets.js\" charset=\"utf-8\"><\/script><\/p>\n","protected":false},"excerpt":{"rendered":"Samuel Leroux (TotalEnergies) a remport\u00e9, ce jeudi, la 3\u1d49 \u00e9tape du Tour Poitou-Charentes 2025. Au terme de ce&hellip;\n","protected":false},"author":2,"featured_media":351654,"comment_status":"","ping_status":"","sticky":false,"template":"","format":"standard","meta":{"footnotes":""},"categories":[1411],"tags":[1154,207,1011,27,60],"class_list":{"0":"post-351653","1":"post","2":"type-post","3":"status-publish","4":"format-standard","5":"has-post-thumbnail","7":"category-cyclisme","8":"tag-cycling","9":"tag-cyclisme","10":"tag-fr","11":"tag-france","12":"tag-sports"},"share_on_mastodon":{"url":"https:\/\/pubeurope.com\/@fr\/115111023288195362","error":""},"_links":{"self":[{"href":"https:\/\/www.europesays.com\/fr\/wp-json\/wp\/v2\/posts\/351653","targetHints":{"allow":["GET"]}}],"collection":[{"href":"https:\/\/www.europesays.com\/fr\/wp-json\/wp\/v2\/posts"}],"about":[{"href":"https:\/\/www.europesays.com\/fr\/wp-json\/wp\/v2\/types\/post"}],"author":[{"embeddable":true,"href":"https:\/\/www.europesays.com\/fr\/wp-json\/wp\/v2\/users\/2"}],"replies":[{"embeddable":true,"href":"https:\/\/www.europesays.com\/fr\/wp-json\/wp\/v2\/comments?post=351653"}],"version-history":[{"count":0,"href":"https:\/\/www.europesays.com\/fr\/wp-json\/wp\/v2\/posts\/351653\/revisions"}],"wp:featuredmedia":[{"embeddable":true,"href":"https:\/\/www.europesays.com\/fr\/wp-json\/wp\/v2\/media\/351654"}],"wp:attachment":[{"href":"https:\/\/www.europesays.com\/fr\/wp-json\/wp\/v2\/media?parent=351653"}],"wp:term":[{"taxonomy":"category","embeddable":true,"href":"https:\/\/www.europesays.com\/fr\/wp-json\/wp\/v2\/categories?post=351653"},{"taxonomy":"post_tag","embeddable":true,"href":"https:\/\/www.europesays.com\/fr\/wp-json\/wp\/v2\/tags?post=351653"}],"curies":[{"name":"wp","href":"https:\/\/api.w.org\/{rel}","templated":true}]}}