{"id":351655,"date":"2025-08-29T08:06:10","date_gmt":"2025-08-29T08:06:10","guid":{"rendered":"https:\/\/www.europesays.com\/fr\/351655\/"},"modified":"2025-08-29T08:06:10","modified_gmt":"2025-08-29T08:06:10","slug":"en-ligue-des-champions-les-olympiens-vont-retrouver-de-vieilles-connaissances","status":"publish","type":"post","link":"https:\/\/www.europesays.com\/fr\/351655\/","title":{"rendered":"en Ligue des champions, les Olympiens vont retrouver de vieilles connaissances"},"content":{"rendered":"<p>L&rsquo;OM est fix\u00e9. Pour son grand retour en Ligue des champions, apr\u00e8s une saison blanche sans aucune participation en coupe europ\u00e9enne et trois ans d&rsquo;absence en C1, le club olympien a \u00e9t\u00e9 plut\u00f4t g\u00e2t\u00e9 par le tirage au sort, effectu\u00e9 jeudi \u00e0 Monaco, en pr\u00e9sence du Br\u00e9silien Kaka et du Su\u00e9dois Zlatan Ibrahimovic.<\/p>\n<p>L&rsquo;institution marseillaise a certes h\u00e9rit\u00e9 <a href=\"https:\/\/www.laprovence.com\/article\/om\/28214017463535\/direct-laprovence-direct-ligue-des-champions-quels-adversaires-pour-l-om-suivez-le-tirage-au-sort-de-la-phase-de-ligue\" target=\"_blank\" rel=\"nofollow noopener\">de deux ogres du football mondial avec le Real Madrid (match au Santiago-Bernabeu) et Liverpool FC (au V\u00e9lodrome)<\/a>, mais ce sont aussi deux affiches qui raviront les supporters, impatients d&rsquo;entendre \u00e0 nouveau la petite musique de la C1 r\u00e9sonner. L&rsquo;OM a surtout r\u00e9ussi le tour de force de passer entre les gouttes du chapeau 2, \u00e9vitant par exemple de tomber sur la Juventus Turin ou Arsenal. Au contraire, les Olympiens ont \u00e9t\u00e9 plac\u00e9s sur la route de l&rsquo;Atalanta Bergame (au V\u00e9lodrome), <a href=\"https:\/\/www.laprovence.com\/article\/sports\/3235603618208615\/football-bourreau-de-lom-latalanta-bergame-remporte-la-ligue-europa\" target=\"_blank\" rel=\"nofollow noopener\">d\u00e9j\u00e0 crois\u00e9e lors de la demi-finale de Ligue Europa en 2024<\/a> mais qui a chang\u00e9 d&rsquo;entra\u00eeneur, et de Bruges (au stade Jan-Breydel), une autre vieille connaissance rencontr\u00e9e lors de l&rsquo;\u00e9pop\u00e9e victorieuse de 1993.<\/p>\n<p>Longoria : \u00ab\u00a0Pas d&rsquo;objectif particulier\u00a0\u00bb<\/p>\n<p>C&rsquo;est sans doute la particularit\u00e9 de ce tirage. Si certains fid\u00e8les esp\u00e9raient d\u00e9couvrir des clubs que l&rsquo;OM n&rsquo;avait &#8230;<\/p>\n","protected":false},"excerpt":{"rendered":"L&rsquo;OM est fix\u00e9. Pour son grand retour en Ligue des champions, apr\u00e8s une saison blanche sans aucune participation&hellip;\n","protected":false},"author":2,"featured_media":351656,"comment_status":"","ping_status":"","sticky":false,"template":"","format":"standard","meta":{"footnotes":""},"categories":[1410],"tags":[17,6828,154,63,1011,27,151,3022,12072,149,60,3974],"class_list":{"0":"post-351655","1":"post","2":"type-post","3":"status-publish","4":"format-standard","5":"has-post-thumbnail","7":"category-football","8":"tag-17","9":"tag-champions","10":"tag-des","11":"tag-football","12":"tag-fr","13":"tag-france","14":"tag-les","15":"tag-ligue","16":"tag-olympiens","17":"tag-om","18":"tag-sports","19":"tag-vont"},"share_on_mastodon":{"url":"https:\/\/pubeurope.com\/@fr\/115111027235767324","error":""},"_links":{"self":[{"href":"https:\/\/www.europesays.com\/fr\/wp-json\/wp\/v2\/posts\/351655","targetHints":{"allow":["GET"]}}],"collection":[{"href":"https:\/\/www.europesays.com\/fr\/wp-json\/wp\/v2\/posts"}],"about":[{"href":"https:\/\/www.europesays.com\/fr\/wp-json\/wp\/v2\/types\/post"}],"author":[{"embeddable":true,"href":"https:\/\/www.europesays.com\/fr\/wp-json\/wp\/v2\/users\/2"}],"replies":[{"embeddable":true,"href":"https:\/\/www.europesays.com\/fr\/wp-json\/wp\/v2\/comments?post=351655"}],"version-history":[{"count":0,"href":"https:\/\/www.europesays.com\/fr\/wp-json\/wp\/v2\/posts\/351655\/revisions"}],"wp:featuredmedia":[{"embeddable":true,"href":"https:\/\/www.europesays.com\/fr\/wp-json\/wp\/v2\/media\/351656"}],"wp:attachment":[{"href":"https:\/\/www.europesays.com\/fr\/wp-json\/wp\/v2\/media?parent=351655"}],"wp:term":[{"taxonomy":"category","embeddable":true,"href":"https:\/\/www.europesays.com\/fr\/wp-json\/wp\/v2\/categories?post=351655"},{"taxonomy":"post_tag","embeddable":true,"href":"https:\/\/www.europesays.com\/fr\/wp-json\/wp\/v2\/tags?post=351655"}],"curies":[{"name":"wp","href":"https:\/\/api.w.org\/{rel}","templated":true}]}}