{"id":351657,"date":"2025-08-29T08:07:11","date_gmt":"2025-08-29T08:07:11","guid":{"rendered":"https:\/\/www.europesays.com\/fr\/351657\/"},"modified":"2025-08-29T08:07:11","modified_gmt":"2025-08-29T08:07:11","slug":"francois-cluzet-se-paye-vincent-lindon-et-son-ego-en-direct-sur-france-inter-moi-je-nai-pas-un-nombril-englue-dans-mon-ignorance-et-dans-ma-pretention-video","status":"publish","type":"post","link":"https:\/\/www.europesays.com\/fr\/351657\/","title":{"rendered":"Fran\u00e7ois Cluzet se paye \u00ab\u00a0Vincent Lindon et son \u00e9go\u00a0\u00bb en direct sur France Inter : \u00ab\u00a0Moi, je n\u2019ai pas un nombril englu\u00e9 dans mon ignorance et dans ma pr\u00e9tention !\u00a0\u00bb &#8211; Vid\u00e9o"},"content":{"rendered":"<p>Fran\u00e7ois Cluzet n&rsquo;aime pas Vincent Lindon, et ce n&rsquo;est pas la premi\u00e8re fois qu&rsquo;il le fait savoir. Invit\u00e9 hier sur France Inter, le com\u00e9dien a dit clairement ce qu&rsquo;il pensait de son \u00ab\u00a0coll\u00e8gue\u00a0\u00bb de travail :<\/p>\n<p>\u00ab\u00a0Moi, je chasse l\u2019\u00e9go. Je ne suis pas du tout \u00e9gocentrique. Je n\u2019ai pas un nombril englu\u00e9 dans mon ignorance et dans ma pr\u00e9tention. J\u2019ai \u00e9t\u00e9 \u00e9lev\u00e9 comme \u00e7a. J\u2019ai le souci d\u2019\u00eatre pareil que les autres. On est tous des mammif\u00e8res.<\/p>\n<p>Le drame, c\u2019est l\u2019\u00e9gocentrisme et le narcissisme.<\/p>\n<p>Tous les acteurs qui ont d\u00e9viss\u00e9 sont des acteurs soit qui sont devenus des stars tr\u00e8s jeunes et qui ont p\u00e9t\u00e9 un boulon, soit ceux qui sont devenus amoureux d\u2019eux-m\u00eames en \u00e9tant tellement \u00e9gocentriques qu\u2019ils se r\u00eavent Pr\u00e9sident de la R\u00e9publique. \u00c7a fait peur. Le type ne se rend pas compte \u00e0 quel point il est en train d\u2019appuyer sur le revolver de la douleur. C\u2019est ce qu\u2019on entend chez Vincent Lindon mais chez des tas d\u2019autres.\u00a0\u00bb<\/p>\n<p>Fran\u00e7ois Cluzet avait d\u00e9j\u00e0 fait ce reproche \u00e0 Fabrice Luchini, qu&rsquo;il avait renomm\u00e9 \u00ab\u00a0Imbu roi\u00a0\u00bb en r\u00e9f\u00e9rence \u00e0 la pi\u00e8ce de th\u00e9\u00e2tre Ubu roi d\u2019Alfred Jarry. \u00ab\u00a0Il est d\u2019une pr\u00e9tention hors normes\u00a0\u00bb, avait-il critiqu\u00e9 alors qu\u2019il \u00e9tait interview\u00e9 par Thomas Isle sur Europe 1 en f\u00e9vrier dernier.<\/p>\n","protected":false},"excerpt":{"rendered":"Fran\u00e7ois Cluzet n&rsquo;aime pas Vincent Lindon, et ce n&rsquo;est pas la premi\u00e8re fois qu&rsquo;il le fait savoir. Invit\u00e9&hellip;\n","protected":false},"author":2,"featured_media":351658,"comment_status":"","ping_status":"","sticky":false,"template":"","format":"standard","meta":{"footnotes":""},"categories":[1359],"tags":[58,59,1011,27,48833,2173,973,16366],"class_list":{"0":"post-351657","1":"post","2":"type-post","3":"status-publish","4":"format-standard","5":"has-post-thumbnail","7":"category-people","8":"tag-divertissement","9":"tag-entertainment","10":"tag-fr","11":"tag-france","12":"tag-franu00e7ois-cluzet","13":"tag-interview","14":"tag-people","15":"tag-vincent-lindon"},"share_on_mastodon":{"url":"https:\/\/pubeurope.com\/@fr\/115111031202845588","error":""},"_links":{"self":[{"href":"https:\/\/www.europesays.com\/fr\/wp-json\/wp\/v2\/posts\/351657","targetHints":{"allow":["GET"]}}],"collection":[{"href":"https:\/\/www.europesays.com\/fr\/wp-json\/wp\/v2\/posts"}],"about":[{"href":"https:\/\/www.europesays.com\/fr\/wp-json\/wp\/v2\/types\/post"}],"author":[{"embeddable":true,"href":"https:\/\/www.europesays.com\/fr\/wp-json\/wp\/v2\/users\/2"}],"replies":[{"embeddable":true,"href":"https:\/\/www.europesays.com\/fr\/wp-json\/wp\/v2\/comments?post=351657"}],"version-history":[{"count":0,"href":"https:\/\/www.europesays.com\/fr\/wp-json\/wp\/v2\/posts\/351657\/revisions"}],"wp:featuredmedia":[{"embeddable":true,"href":"https:\/\/www.europesays.com\/fr\/wp-json\/wp\/v2\/media\/351658"}],"wp:attachment":[{"href":"https:\/\/www.europesays.com\/fr\/wp-json\/wp\/v2\/media?parent=351657"}],"wp:term":[{"taxonomy":"category","embeddable":true,"href":"https:\/\/www.europesays.com\/fr\/wp-json\/wp\/v2\/categories?post=351657"},{"taxonomy":"post_tag","embeddable":true,"href":"https:\/\/www.europesays.com\/fr\/wp-json\/wp\/v2\/tags?post=351657"}],"curies":[{"name":"wp","href":"https:\/\/api.w.org\/{rel}","templated":true}]}}