{"id":351659,"date":"2025-08-29T08:08:15","date_gmt":"2025-08-29T08:08:15","guid":{"rendered":"https:\/\/www.europesays.com\/fr\/351659\/"},"modified":"2025-08-29T08:08:15","modified_gmt":"2025-08-29T08:08:15","slug":"photographe-reconnu-teddy-ouvre-un-magasin-studio-dans-le-cotentin","status":"publish","type":"post","link":"https:\/\/www.europesays.com\/fr\/351659\/","title":{"rendered":"Photographe reconnu, Teddy ouvre un magasin-studio dans le Cotentin"},"content":{"rendered":"<p>            Par<br \/>\n        <strong><br \/>\n            <a href=\"https:\/\/actu.fr\/auteur\/redaction-pressemanche\" title=\"Consulter tous les articles de R\u00e9daction La Presse de la Manche\" target=\"_blank\" rel=\"noopener\">R\u00e9daction La Presse de la Manche<\/a><br \/>\n        <\/strong><\/p>\n<p>        Publi\u00e9 le<\/p>\n<p>            29 ao\u00fbt 2025 \u00e0 7h28        <\/p>\n<p>Au<b> 35 rue Hellouin<\/b> \u00e0 <a href=\"https:\/\/actu.fr\/normandie\/port-bail-sur-mer_50412\" target=\"_blank\" rel=\"noopener\">Port-Bail-sur-Mer<\/a> (Manche), juste en face du <b>parking de l\u2019\u00e9glise<\/b> et entre le <b>tabac-presse<\/b> et la <b>galerie L\u2019\u00c9cume Quantique<\/b>, le photographe Teddy Boudier vient d\u2019ouvrir sa <b>boutique-studio<\/b>. L\u2019endroit, clair et accueillant, refl\u00e8te parfaitement la <b>personnalit\u00e9 chaleureuse<\/b> et <b>simple <\/b>de<b> son propri\u00e9taire<\/b>.<\/p>\n<p class=\" wall-content\"><b>Passionn\u00e9 d\u2019image <\/b>depuis son <b>plus jeune \u00e2ge<\/b>, Teddy est devenu photographe <b>professionnel en 2020<\/b>. Install\u00e9 jusque-l\u00e0 <b>\u00e0 domicile<\/b>, il s\u2019est<a href=\"https:\/\/actu.fr\/normandie\/port-bail-sur-mer_50412\/photographe-dans-le-cotentin-teddy-se-distingue-dans-un-prestigieux-concours-international_60604049.html\" target=\"_blank\" rel=\"noopener\"> peu \u00e0 peu fait conna\u00eetre<\/a> gr\u00e2ce \u00e0 <b>ses expositions<\/b> et au bouche-\u00e0-oreille. En <b>2021<\/b>, son ambitieux \u00ab\u2009projet 365\u2009\u00bb, une photo par jour pendant un an, lui a offert une <b>belle visibilit\u00e9<\/b>.<\/p>\n<p>Plusieurs r\u00e9compenses<\/p>\n<p class=\" wall-content\">Les <b>r\u00e9compenses <\/b>se sont ensuite encha\u00een\u00e9es\u2009: laur\u00e9at du plus grand concours photo du monde trois ann\u00e9es de suite, en <b>2022, 2023 et 2024<\/b>. Parmi ses r\u00e9alisations marquantes, on se souvient de la<b> fresque humaine<\/b> r\u00e9unissant 850\u00a0personnes pour repr\u00e9senter le chiffre 80, en hommage \u00e0 la <b>Lib\u00e9ration<\/b>, qu\u2019il a photographi\u00e9e depuis un ULM.<\/p>\n<p class=\" wall-content\">Plus r\u00e9cemment, il a couvert <b>l\u2019inauguration <\/b>de <a href=\"https:\/\/actu.fr\/societe\/en-images-alain-souchon-a-fete-ses-81-ans-dans-ce-village-du-cotentin-a-qui-il-avait-consacre-une-chanson_62697065.html\" target=\"_blank\" rel=\"noopener\">la venue d\u2019Alain Souchon<\/a> et immortalis\u00e9 la visite du <b>chanteur<\/b>, venu f\u00eater son anniversaire \u00e0 Portbail et d\u00e9couvrir le <b>petit train touristique<\/b>.<\/p>\n<p class=\" wall-content\">Dans sa boutique, on trouve un <b>espace de vente<\/b> et un studio. Il propose la r\u00e9alisation de portraits, mariages, bapt\u00eames, anniversaires, photos d\u2019entreprise ou d\u2019identit\u00e9, mais aussi des <b>prises de vue immobili\u00e8res<\/b>.<\/p>\n<p>De nombreux services<\/p>\n<p class=\" wall-content\">Il <b>se d\u00e9place<\/b> volontiers en ext\u00e9rieur et sait<b> s\u2019adapter aux demandes<\/b> les plus vari\u00e9es. Les <b>chiens <\/b>y sont m\u00eame les bienvenus gr\u00e2ce \u00e0 <b>un bar \u00e0 toutous<\/b>.<\/p>\n<p>Vid\u00e9os : en ce moment sur Actu<\/p>\n<p class=\" wall-content\">Teddy propose \u00e9galement des photographies d\u2019iris, la restauration et le d\u00e9veloppement de clich\u00e9s anciens \u00e0 partir de diapositives, n\u00e9gatifs ou tirages, ainsi qu\u2019un <b>service d\u2019impression imm\u00e9diate <\/b>depuis<b> le t\u00e9l\u00e9phone du client<\/b> gr\u00e2ce \u00e0 un simple flash code.<\/p>\n<p class=\" wall-content\">Sans costume-cravate, mais avec <b>un large sourire<\/b>, Teddy Boudier conjugue simplicit\u00e9 et professionnalisme. Et il ne compte pas s\u2019arr\u00eater l\u00e0\u2009: de <b>nouveaux projets <\/b>sont d\u00e9j\u00e0 en pr\u00e9paration, \u00e0 d\u00e9couvrir prochainement.<\/p>\n<p>Votre r\u00e9gion, votre actu !<\/p>\n<p>Recevez chaque jour les infos qui comptent pour vous.<\/p>\n<p>\t<a href=\"https:\/\/actu.fr\/newsletter\" class=\"ac-btn ac-btn--corner ac-btn--medium ac-btn--blue800\" target=\"_blank\" rel=\"noopener\">S&rsquo;incrire<\/a><\/p>\n<p class=\" wall-content\"><b>De notre correspondante Judith LACOURS<\/b><\/p>\n<p>Mail\u2009:<a href=\"http:\/\/actu.fr\/cdn-cgi\/l\/email-protection#92e6f7f6f6ebbcf0fde7f6fbf7e0d2f5fff3fbfebcf1fdff\" target=\"_blank\" rel=\"noopener\"> [email\u00a0protected] <\/a>et tel\u2009: 06\u200942\u200998\u200946\u200902<\/p>\n<p class=\" wall-content\">Personnalisez votre actualit\u00e9 en ajoutant vos villes et m\u00e9dias en favori avec <a href=\"https:\/\/moncompte.actu.fr\" title=\"D\u00e9couvez Mon Actu\" rel=\"nofollow noopener\" data-trk=\"{&quot;cta&quot;:{&quot;action&quot;:&quot;https:\\\/\\\/moncompte.actu.fr&quot;,&quot;category&quot;:&quot;mon compte&quot;,&quot;from&quot;:&quot;article footer&quot;,&quot;name&quot;:&quot;Mon actu&quot;,&quot;type&quot;:&quot;cta&quot;}}\" target=\"_blank\">Mon Actu<\/a>.<\/p>\n","protected":false},"excerpt":{"rendered":"Par R\u00e9daction La Presse de la Manche Publi\u00e9 le 29 ao\u00fbt 2025 \u00e0 7h28 Au 35 rue Hellouin&hellip;\n","protected":false},"author":2,"featured_media":351660,"comment_status":"","ping_status":"","sticky":false,"template":"","format":"standard","meta":{"footnotes":""},"categories":[1358],"tags":[1348,1384,1385,215,3168,1386,58,33,59,1011,27,1756],"class_list":{"0":"post-351659","1":"post","2":"type-post","3":"status-publish","4":"format-standard","5":"has-post-thumbnail","7":"category-arts-et-design","8":"tag-arts","9":"tag-arts-and-design","10":"tag-arts-et-design","11":"tag-commerce","12":"tag-cotentin","13":"tag-design","14":"tag-divertissement","15":"tag-economie","16":"tag-entertainment","17":"tag-fr","18":"tag-france","19":"tag-photographie"},"share_on_mastodon":{"url":"https:\/\/pubeurope.com\/@fr\/115111035627825800","error":""},"_links":{"self":[{"href":"https:\/\/www.europesays.com\/fr\/wp-json\/wp\/v2\/posts\/351659","targetHints":{"allow":["GET"]}}],"collection":[{"href":"https:\/\/www.europesays.com\/fr\/wp-json\/wp\/v2\/posts"}],"about":[{"href":"https:\/\/www.europesays.com\/fr\/wp-json\/wp\/v2\/types\/post"}],"author":[{"embeddable":true,"href":"https:\/\/www.europesays.com\/fr\/wp-json\/wp\/v2\/users\/2"}],"replies":[{"embeddable":true,"href":"https:\/\/www.europesays.com\/fr\/wp-json\/wp\/v2\/comments?post=351659"}],"version-history":[{"count":0,"href":"https:\/\/www.europesays.com\/fr\/wp-json\/wp\/v2\/posts\/351659\/revisions"}],"wp:featuredmedia":[{"embeddable":true,"href":"https:\/\/www.europesays.com\/fr\/wp-json\/wp\/v2\/media\/351660"}],"wp:attachment":[{"href":"https:\/\/www.europesays.com\/fr\/wp-json\/wp\/v2\/media?parent=351659"}],"wp:term":[{"taxonomy":"category","embeddable":true,"href":"https:\/\/www.europesays.com\/fr\/wp-json\/wp\/v2\/categories?post=351659"},{"taxonomy":"post_tag","embeddable":true,"href":"https:\/\/www.europesays.com\/fr\/wp-json\/wp\/v2\/tags?post=351659"}],"curies":[{"name":"wp","href":"https:\/\/api.w.org\/{rel}","templated":true}]}}