{"id":351665,"date":"2025-08-29T08:11:13","date_gmt":"2025-08-29T08:11:13","guid":{"rendered":"https:\/\/www.europesays.com\/fr\/351665\/"},"modified":"2025-08-29T08:11:13","modified_gmt":"2025-08-29T08:11:13","slug":"prince-jackson-a-quoi-ressemble-la-superbe-villa-californienne-du-fils-de-michael","status":"publish","type":"post","link":"https:\/\/www.europesays.com\/fr\/351665\/","title":{"rendered":"Prince Jackson : \u00e0 quoi ressemble la superbe villa californienne du fils de Michael ?"},"content":{"rendered":"<p>Le 25 juin 2009, le monde perdait l\u2019un de ses plus grands<br \/>\nartistes : Michael Jackson. Derri\u00e8re lui, trois enfants, encore<br \/>\njeunes \u00e0 l\u2019\u00e9poque, se retrouvaient brutalement propuls\u00e9s dans un<br \/>\nunivers o\u00f9 l\u2019intimit\u00e9 n\u2019existait plus. <strong>Plus de seize ans<br \/>\napr\u00e8s, chacun d\u2019eux a choisi son propre chemin<\/strong>. <a href=\"https:\/\/www.closermag.fr\/people\/paris-jackson-la-fille-de-michael-rompt-soudainement-ses-fiancailles-avec-un-celebre-producteur-3568520\" rel=\"nofollow noopener\" target=\"_blank\"><br \/>\nParis<\/a>, l\u2019artiste au temp\u00e9rament flamboyant. Bigi, discret et<br \/>\nr\u00e9serv\u00e9. Et Prince, l\u2019a\u00een\u00e9, qui se distingue par son go\u00fbt pour la<br \/>\nstabilit\u00e9 et son engagement dans des causes humanitaires.<\/p>\n<p>Dipl\u00f4m\u00e9 en 2019, Prince a tr\u00e8s vite affich\u00e9 sa volont\u00e9 de tracer<br \/>\nune voie bien diff\u00e9rente de celle de son p\u00e8re. Sans passion<br \/>\nparticuli\u00e8re pour le chant ou la danse, il s\u2019est tourn\u00e9 vers la<br \/>\nphilanthropie et la gestion de sa fondation. Dans <a href=\"https:\/\/www.closermag.fr\/people\/michael-jackson-son-fils-prince-se-livre-dans-une-rare-interview-1270800#item=1\" rel=\"nofollow noopener\" target=\"_blank\"><br \/>\nune rare interview<\/a>, il confiait que la le\u00e7on la plus pr\u00e9cieuse<br \/>\nlaiss\u00e9e par Michael Jackson \u00e9tait simple : \u00ab\u00a0Tu n\u2019arr\u00eates jamais<br \/>\nd\u2019apprendre.\u00a0\u00bb Une maxime qu\u2019il r\u00e9p\u00e8te souvent, comme un fil<br \/>\nrouge dans son parcours.<\/p>\n<p>Une villa pens\u00e9e comme un havre<\/p>\n<p>C\u2019est sans doute dans cet esprit qu\u2019en octobre 2024, il a d\u00e9cid\u00e9<br \/>\nde s\u2019installer \u00e0 Agoura Hills, une banlieue hupp\u00e9e \u00e0 l\u2019ouest de<br \/>\n<a href=\"https:\/\/www.closermag.fr\/people\/emily-ratajkowski-a-quoi-ressemble-sa-superbe-maison-de-los-angeles-dont-elle-sest-separee-au-moment-de-son-divorce-3570316\" rel=\"nofollow noopener\" target=\"_blank\"><br \/>\nLos Angeles<\/a>. Loin du faste tapageur d\u2019Hollywood, ce quartier<br \/>\nverdoyant est r\u00e9put\u00e9 pour ses collines et sa tranquillit\u00e9. L\u00e0,<br \/>\nPrince a trouv\u00e9 un refuge \u00e0 sa mesure : <strong>une villa estim\u00e9e \u00e0<br \/>\n6,35 millions de dollars, nich\u00e9e sur un terrain de huit<br \/>\nhectares<\/strong>.<\/p>\n<p>\u00c0 l\u2019int\u00e9rieur, la maison s\u00e9duit par son \u00e9quilibre entre<br \/>\nmodernit\u00e9 et confort. Huit chambres, huit salles de bains, une<br \/>\nsalle de <a href=\"https:\/\/www.closermag.fr\/people\/jencle-ton-pere-et-ta-mere-une-star-du-cinema-accusee-de-violences-deux-versions-sopposent-3569331\" rel=\"nofollow noopener\" target=\"_blank\"><br \/>\ncin\u00e9ma<\/a> et une vaste cuisine de ma\u00eetre composent ce cocon<br \/>\nd\u2019exception. Chaque d\u00e9tail semble pens\u00e9 pour conjuguer intimit\u00e9 et<br \/>\nconvivialit\u00e9. Mais c\u2019est sans doute l\u2019ext\u00e9rieur qui donne toute sa<br \/>\npersonnalit\u00e9 au lieu : <strong>un jardin immense, une piscine avec<br \/>\nspa int\u00e9gr\u00e9 et, surtout, un ch\u00eane majestueux tr\u00f4nant au c\u0153ur de la<br \/>\npropri\u00e9t\u00e9<\/strong>. Un arbre qui para\u00eet presque symbolique, comme<br \/>\nune invitation \u00e0 l\u2019ancrage et \u00e0 la stabilit\u00e9.<\/p>\n<p>Une vie tourn\u00e9e vers l\u2019\u00e9quilibre<\/p>\n<p>Ce choix immobilier n\u2019est pas seulement celui d\u2019un confort<br \/>\nmat\u00e9riel. Il dit quelque chose de la trajectoire d\u2019un homme qui a<br \/>\ngrandi sous les projecteurs, <strong>mais qui aspire \u00e0 la<br \/>\ndiscr\u00e9tion et \u00e0 une forme de normalit\u00e9<\/strong>. Celui qui a<br \/>\ncofond\u00e9 une association caritative semble avoir trouv\u00e9 ici un cadre<br \/>\nid\u00e9al pour se recentrer, travailler \u00e0 ses projets et accueillir ses<br \/>\nproches dans un environnement apais\u00e9.<\/p>\n<p>La villa n\u2019est pas qu\u2019un signe ext\u00e9rieur de richesse : elle est<br \/>\nle reflet d\u2019un \u00e9tat d\u2019esprit. \u00c0 travers elle, <a href=\"https:\/\/www.closermag.fr\/people\/le-temoignage-emouvant-de-prince-jackson-sur-la-mort-de-michael-jackson-172355\" rel=\"nofollow noopener\" target=\"_blank\"><br \/>\nPrince Jackson<\/a> donne <strong>\u00e0 voir une nouvelle maturit\u00e9, une<br \/>\nenvie de b\u00e2tir quelque chose de durable<\/strong>, loin des exc\u00e8s<br \/>\nmais proche de ses valeurs. Une fa\u00e7on d\u2019inscrire son nom autrement<br \/>\nque dans l\u2019ombre de celui de son p\u00e8re.<\/p>\n<p>Diaporama<br \/>\n<img decoding=\"async\" class=\"diapo_img img-responsive lazy-load\" loading=\"lazy\" src=\"https:\/\/www.europesays.com\/fr\/wp-content\/uploads\/2025\/08\/bestimage_00715574_000001.jpg\"\/><\/p>\n<p>Bestimage<\/p>\n<p>1\/5 Une all\u00e9e qui invite \u00e0 d\u00e9couvrir la<br \/>\nvilla<\/p>\n<p>Le chemin bord\u00e9 de pelouse et de massifs<br \/>\nfleuris conduit directement \u00e0 la villa, entre \u00e9l\u00e9gance et<br \/>\nsobri\u00e9t\u00e9.<\/p>\n<p>Le chemin bord\u00e9 de pelouse et de massifs fleuris conduit<br \/>\ndirectement \u00e0 la villa, entre \u00e9l\u00e9gance et sobri\u00e9t\u00e9.<\/p>\n<p><img decoding=\"async\" class=\"diapo_img img-responsive lazy-load\" loading=\"lazy\" src=\"https:\/\/www.europesays.com\/fr\/wp-content\/uploads\/2025\/08\/bestimage_00715574_000006.jpg\"\/><\/p>\n<p>Bestimage<\/p>\n<p>2\/5 Le ch\u00eane, symbole du domaine<\/p>\n<p>Au c\u0153ur de la propri\u00e9t\u00e9, un majestueux<br \/>\nch\u00eane centenaire tr\u00f4ne comme un rep\u00e8re naturel et protecteur.<\/p>\n<p>Au c\u0153ur de la propri\u00e9t\u00e9, un majestueux ch\u00eane centenaire tr\u00f4ne comme<br \/>\nun rep\u00e8re naturel et protecteur.<\/p>\n<p><img decoding=\"async\" class=\"diapo_img img-responsive lazy-load\" loading=\"lazy\" src=\"https:\/\/www.europesays.com\/fr\/wp-content\/uploads\/2025\/08\/bestimage_00715574_000005.jpg\"\/><\/p>\n<p>Bestimage<\/p>\n<p>3\/5 Une villa aux lignes \u00e9l\u00e9gantes<\/p>\n<p>Depuis les hauteurs, la maison se<br \/>\nd\u00e9voile avec ses toits harmonieux, son vaste jardin et son<br \/>\nagencement pens\u00e9 pour le confort.<\/p>\n<p>Depuis les hauteurs, la maison se d\u00e9voile avec ses toits<br \/>\nharmonieux, son vaste jardin et son agencement pens\u00e9 pour le<br \/>\nconfort.<\/p>\n<p><img decoding=\"async\" class=\"diapo_img img-responsive lazy-load\" loading=\"lazy\" src=\"https:\/\/www.europesays.com\/fr\/wp-content\/uploads\/2025\/08\/bestimage_00715574_000004.jpg\"\/><\/p>\n<p>Bestimage<\/p>\n<p>4\/5 Une piscine pens\u00e9e pour la d\u00e9tente<\/p>\n<p>Au centre du jardin, une piscine avec<br \/>\nspa int\u00e9gr\u00e9 offre un espace de repos id\u00e9al sous le soleil de Los<br \/>\nAngeles.<\/p>\n<p>Au centre du jardin, une piscine avec spa int\u00e9gr\u00e9 offre un espace<br \/>\nde repos id\u00e9al sous le soleil de Los Angeles.<\/p>\n<p><img decoding=\"async\" class=\"diapo_img img-responsive lazy-load\" loading=\"lazy\" src=\"https:\/\/www.europesays.com\/fr\/wp-content\/uploads\/2025\/08\/bestimage_00715574_000003.jpg\"\/><\/p>\n<p>Bestimage<\/p>\n<p>5\/5 Un domaine nich\u00e9 dans un quartier<br \/>\ntranquille<\/p>\n<p>Vue a\u00e9rienne de la propri\u00e9t\u00e9 de Prince<br \/>\nJackson \u00e0 Agoura Hills, entour\u00e9e de collines californiennes et<br \/>\nd\u2019espaces arbor\u00e9s.<\/p>\n<p>Vue a\u00e9rienne de la propri\u00e9t\u00e9 de Prince Jackson \u00e0 Agoura Hills,<br \/>\nentour\u00e9e de collines californiennes et d\u2019espaces arbor\u00e9s.<\/p>\n","protected":false},"excerpt":{"rendered":"Le 25 juin 2009, le monde perdait l\u2019un de ses plus grands artistes : Michael Jackson. Derri\u00e8re lui,&hellip;\n","protected":false},"author":2,"featured_media":351666,"comment_status":"","ping_status":"","sticky":false,"template":"","format":"standard","meta":{"footnotes":""},"categories":[1355],"tags":[58,59,1011,27,1638,8414,35268,1361,873],"class_list":{"0":"post-351665","1":"post","2":"type-post","3":"status-publish","4":"format-standard","5":"has-post-thumbnail","7":"category-musique","8":"tag-divertissement","9":"tag-entertainment","10":"tag-fr","11":"tag-france","12":"tag-has_diapo","13":"tag-maisons-de-stars","14":"tag-michael-jackson","15":"tag-music","16":"tag-musique"},"share_on_mastodon":{"url":"https:\/\/pubeurope.com\/@fr\/115111047088440189","error":""},"_links":{"self":[{"href":"https:\/\/www.europesays.com\/fr\/wp-json\/wp\/v2\/posts\/351665","targetHints":{"allow":["GET"]}}],"collection":[{"href":"https:\/\/www.europesays.com\/fr\/wp-json\/wp\/v2\/posts"}],"about":[{"href":"https:\/\/www.europesays.com\/fr\/wp-json\/wp\/v2\/types\/post"}],"author":[{"embeddable":true,"href":"https:\/\/www.europesays.com\/fr\/wp-json\/wp\/v2\/users\/2"}],"replies":[{"embeddable":true,"href":"https:\/\/www.europesays.com\/fr\/wp-json\/wp\/v2\/comments?post=351665"}],"version-history":[{"count":0,"href":"https:\/\/www.europesays.com\/fr\/wp-json\/wp\/v2\/posts\/351665\/revisions"}],"wp:featuredmedia":[{"embeddable":true,"href":"https:\/\/www.europesays.com\/fr\/wp-json\/wp\/v2\/media\/351666"}],"wp:attachment":[{"href":"https:\/\/www.europesays.com\/fr\/wp-json\/wp\/v2\/media?parent=351665"}],"wp:term":[{"taxonomy":"category","embeddable":true,"href":"https:\/\/www.europesays.com\/fr\/wp-json\/wp\/v2\/categories?post=351665"},{"taxonomy":"post_tag","embeddable":true,"href":"https:\/\/www.europesays.com\/fr\/wp-json\/wp\/v2\/tags?post=351665"}],"curies":[{"name":"wp","href":"https:\/\/api.w.org\/{rel}","templated":true}]}}