{"id":351667,"date":"2025-08-29T08:12:11","date_gmt":"2025-08-29T08:12:11","guid":{"rendered":"https:\/\/www.europesays.com\/fr\/351667\/"},"modified":"2025-08-29T08:12:11","modified_gmt":"2025-08-29T08:12:11","slug":"chris-pratt-sera-t-il-le-prochain-batman-james-gunn-repond","status":"publish","type":"post","link":"https:\/\/www.europesays.com\/fr\/351667\/","title":{"rendered":"Chris Pratt sera-t-il le prochain Batman ? James Gunn r\u00e9pond"},"content":{"rendered":"<p>C\u2019est la question qui occupe les adorateurs de DC depuis l\u2019annonce du reboot par James Gunn et Peter Safran. Maintenant que Superman est officiellement entre les mains de David Corenswet, qui sera en charge de porter les nouvelles aventures de Batman au cin\u00e9ma.<\/p>\n<p>Le meilleur ennemi de Clark Kent est sans doute le h\u00e9ros le plus populaire de l\u2019\u00e9curie de comics, celui que le public attend de pied ferme. Sauf que la question de trouver un rempla\u00e7ant \u00e0 Ben Affleck est \u00e9pineuse, la nouvelle licence n\u2019a pas le droit \u00e0 l\u2019erreur. Des noms circulent depuis plusieurs mois, d\u2019Alan Ritchson \u00e0 Jensen Ackles en passant par\u2026 <a href=\"https:\/\/www.journaldugeek.com\/2025\/07\/21\/superman-james-gunn-veut-faire-revenir-henry-cavill\/\" target=\"_blank\" rel=\"noopener\">Henry Cavill<\/a>.<\/p>\n<p>Des envies de fans sans fondement le plus souvent, mais qui s\u2019appuient sur des d\u00e9clarations des acteurs concern\u00e9s ou la probabilit\u00e9 que leur popularit\u00e9 grandissante en fasse des candidats id\u00e9aux. Mais il y a un nom qui revient plus souvent que d\u2019autres, celui d\u2019un habitu\u00e9 de la filmographie de Gunn (au sein du MCU du moins).<\/p>\n<p> Apr\u00e8s Star-Lord\u2026 <\/p>\n<p>L\u2019avenir de Star-Lord au sein du Marvel Cinematic Universe est incertain, le personnage n\u2019a pour l\u2019heure pas \u00e9t\u00e9 convi\u00e9 \u00e0 prendre part aux prochains Avengers et n\u2019a pas de film consacr\u00e9 chez Les Gardiens ou en solo. Une petite pause que Gunn pourrait vouloir exploiter pour lui confier un r\u00f4le autrement c\u00e9l\u00e8bre. Chris Pratt pour jouer Bruce Wayne\u00a0? La question a \u00e9t\u00e9 pos\u00e9e au metteur en sc\u00e8ne par le cr\u00e9ateur de contenu PelucheEN ElEstuche.<\/p>\n<p>La r\u00e9ponse de Gunn ne s\u2019est pas fait attendre. C\u2019est non. L\u2019interpr\u00e8te de Peter Quill ne devrait pas enfiler le costume noir du justicier de Gotham dans un avenir proche. Il n\u2019exclut en revanche pas de l\u2019inviter \u00e0 prendre part \u00e0 son DCU en construction. C\u2019est m\u00eame d\u2019ailleurs presque une certitude. \u201cComme autre chose\u00a0? Oui\u201d.<\/p>\n<p>Il faut dire que Gunn est plut\u00f4t connu pour miser sur des acteurs et actrices qu\u2019il affectionne. Son fr\u00e8re, Sean Gunn, non content d\u2019avoir eu plusieurs r\u00f4les au sein du MCU, a fait son entr\u00e9e au DCU pour <a href=\"https:\/\/www.journaldugeek.com\/critique\/critique-superman-james-gunn-habille-son-heros-des-couleurs-de-lespoir\/\" target=\"_blank\" rel=\"noopener\">Superman<\/a> et <a href=\"https:\/\/www.journaldugeek.com\/critique\/critique-peacemaker-saison-2-une-serie-importante-pour-comprendre-le-dcu\/\" target=\"_blank\" rel=\"false noopener\">Peacemake<\/a>r. Michael Rooker, inoubliable Yondu des Gardiens de la Galaxie et d\u00e9j\u00e0 invit\u00e9s dans The Suicide Squad, a rejoint la distribution de la s\u00e9rie port\u00e9e par John Cena.<\/p>\n<p> Vous allez devoir attendre <\/p>\n<p>Apr\u00e8s le succ\u00e8s relatif de Superman, on pouvait s\u2019attendre \u00e0 ce que James Gunn et son \u00e9quipe misent sur Batman pour investir les cin\u00e9mas en 2026. N\u00e9anmoins, c\u2019est Supergirl qui sera \u00e0 l\u2019\u00e9picentre d\u2019un film l\u2019an prochain. De son c\u00f4t\u00e9, Batman n\u2019a toujours pas donn\u00e9 de ses nouvelles.<\/p>\n<p>Si The Brave and the Bold est toujours au programme des prochaines ann\u00e9es, le projet semble patiner. Il n\u2019a pas donn\u00e9 de ses nouvelles depuis son officialisation et l\u2019annonce d\u2019Andy Muschietti \u00e0 la r\u00e9alisation. Mais il y a une bonne raison \u00e0 cela\u2026<\/p>\n<p>Batman est bien promis \u00e0 un film au cours des prochaines ann\u00e9es, mais il se fera en marge du DCU de Gunn et Safran. La suite de The Batman par Matt Reeves doit prochainement entrer en tournage. Warner Bros ne peut d\u00e9cemment pas avoir deux productions consacr\u00e9es au Chevalier Noir \u00e0 quelques mois d\u2019\u00e9cart, elle doit donc attendre que Robert Pattinson en ait fini avec le personnage avant de s\u2019attaquer \u00e0 cet univers.<\/p>\n<p>Pour le grand public, le DC n\u2019est pas diff\u00e9rent du DC Elseworlds de <a href=\"https:\/\/www.journaldugeek.com\/2025\/06\/30\/enfin-matt-reeves-franchit-une-importante-etape-avec-the-batman-ii\/\" target=\"_blank\" rel=\"noopener\">The Batman<\/a> et Joker. Le risque de confusion est immense, il leur faut donc avancer avec prudence. Quoi qu\u2019il en soit, le volet Batman est important pour l\u2019avenir du DCU mais ce n\u2019est pas demain que Gunn et Safran statueront sur la question.<\/p>\n<blockquote>\n<p class=\"text-base text-neutral-700 dark:text-neutral-300\">\ud83d\udfe3 Pour ne manquer aucune news sur le Journal du Geek, abonnez-vous sur <a href=\"https:\/\/news.google.com\/publications\/CAAqBwgKMNr_hAswwYyCAw?hl=fr&amp;gl=FR&amp;ceid=FR%3Afr\" target=\"_blank\" rel=\"noopener\">Google Actualit\u00e9s<\/a> et sur <a href=\"https:\/\/whatsapp.com\/channel\/0029VaClM5y4tRry12tb7D2h\" target=\"_blank\" rel=\"noopener\">notre WhatsApp<\/a>. Et si vous nous adorez, on a <a href=\"https:\/\/www.journaldugeek.com\/newsletter\/\" target=\"_blank\" rel=\"noopener\">une newsletter tous les matins<\/a>.<\/p>\n<\/blockquote>\n","protected":false},"excerpt":{"rendered":"C\u2019est la question qui occupe les adorateurs de DC depuis l\u2019annonce du reboot par James Gunn et Peter&hellip;\n","protected":false},"author":2,"featured_media":351668,"comment_status":"","ping_status":"","sticky":false,"template":"","format":"standard","meta":{"footnotes":""},"categories":[1354],"tags":[4781,48834,25359,58,59,1346,1011,27,30487,1360],"class_list":{"0":"post-351667","1":"post","2":"type-post","3":"status-publish","4":"format-standard","5":"has-post-thumbnail","7":"category-films","8":"tag-batman","9":"tag-chris-pratt","10":"tag-dc","11":"tag-divertissement","12":"tag-entertainment","13":"tag-films","14":"tag-fr","15":"tag-france","16":"tag-james-gunn","17":"tag-movies"},"share_on_mastodon":{"url":"https:\/\/pubeurope.com\/@fr\/115111050804534531","error":""},"_links":{"self":[{"href":"https:\/\/www.europesays.com\/fr\/wp-json\/wp\/v2\/posts\/351667","targetHints":{"allow":["GET"]}}],"collection":[{"href":"https:\/\/www.europesays.com\/fr\/wp-json\/wp\/v2\/posts"}],"about":[{"href":"https:\/\/www.europesays.com\/fr\/wp-json\/wp\/v2\/types\/post"}],"author":[{"embeddable":true,"href":"https:\/\/www.europesays.com\/fr\/wp-json\/wp\/v2\/users\/2"}],"replies":[{"embeddable":true,"href":"https:\/\/www.europesays.com\/fr\/wp-json\/wp\/v2\/comments?post=351667"}],"version-history":[{"count":0,"href":"https:\/\/www.europesays.com\/fr\/wp-json\/wp\/v2\/posts\/351667\/revisions"}],"wp:featuredmedia":[{"embeddable":true,"href":"https:\/\/www.europesays.com\/fr\/wp-json\/wp\/v2\/media\/351668"}],"wp:attachment":[{"href":"https:\/\/www.europesays.com\/fr\/wp-json\/wp\/v2\/media?parent=351667"}],"wp:term":[{"taxonomy":"category","embeddable":true,"href":"https:\/\/www.europesays.com\/fr\/wp-json\/wp\/v2\/categories?post=351667"},{"taxonomy":"post_tag","embeddable":true,"href":"https:\/\/www.europesays.com\/fr\/wp-json\/wp\/v2\/tags?post=351667"}],"curies":[{"name":"wp","href":"https:\/\/api.w.org\/{rel}","templated":true}]}}