{"id":351669,"date":"2025-08-29T08:13:10","date_gmt":"2025-08-29T08:13:10","guid":{"rendered":"https:\/\/www.europesays.com\/fr\/351669\/"},"modified":"2025-08-29T08:13:10","modified_gmt":"2025-08-29T08:13:10","slug":"alzheimer-un-simple-test-sanguin-pourrait-bientot-reveler-la-maladie-bien-avant-les-premiers-symptomes","status":"publish","type":"post","link":"https:\/\/www.europesays.com\/fr\/351669\/","title":{"rendered":"Alzheimer : un simple test sanguin pourrait bient\u00f4t r\u00e9v\u00e9ler la maladie bien avant les premiers sympt\u00f4mes"},"content":{"rendered":"<p><strong>Et si un simple pr\u00e9l\u00e8vement de sang pouvait bient\u00f4t bouleverser la mani\u00e8re dont nous abordons la maladie d&rsquo;Alzheimer ? Loin, d\u00e9sormais, de la science-fiction, une v\u00e9ritable r\u00e9volution m\u00e9dicale est en train de s&rsquo;op\u00e9rer. D\u00e9tecter les tout premiers signes de la maladie bien avant que la m\u00e9moire ne vacille, c&rsquo;est le pari audacieux que s&rsquo;appr\u00eate \u00e0 relever une nouvelle g\u00e9n\u00e9ration de tests sanguins. Un espoir immense se profile, offrant \u00e0 chacun la perspective d&rsquo;agir avant que l&rsquo;oubli ne s&rsquo;installe. Mais sommes-nous pr\u00eats \u00e0 franchir ce cap d\u00e9cisif ?<\/strong><\/p>\n<p>Un enjeu de taille : d\u00e9tecter Alzheimer avant l&rsquo;oubli<br \/>\nQuand la m\u00e9moire flanche, il est souvent trop tard<\/p>\n<p>Chaque ann\u00e9e en France, l&rsquo;annonce d&rsquo;un diagnostic d&rsquo;Alzheimer bouleverse des milliers de familles. Pourtant, lorsque les premiers troubles de la m\u00e9moire apparaissent, la maladie est d\u00e9j\u00e0 bien install\u00e9e dans le cerveau. <strong>Les l\u00e9sions silencieuses ont commenc\u00e9 leur \u0153uvre des ann\u00e9es auparavant<\/strong>, rendant toute prise en charge curative complexe. C&rsquo;est ce d\u00e9calage entre le d\u00e9but des atteintes neuronales et la manifestation des sympt\u00f4mes qui rend la maladie si redoutable.<\/p>\n<p> Les limites actuelles des tests de diagnostic classiques<\/p>\n<p>IRM c\u00e9r\u00e9brale, examens neurologiques pouss\u00e9s, ponction lombaire\u2026 Les examens actuels sont souvent lourds, co\u00fbteux et r\u00e9serv\u00e9s \u00e0 des situations de doute av\u00e9r\u00e9. Trop invasifs ou trop tardifs, ils restent inaccessibles \u00e0 un d\u00e9pistage syst\u00e9matique et pr\u00e9coce. <strong>En l&rsquo;absence de solution simple<\/strong>, de nombreux patients attendent que les signes s&rsquo;imposent, freinant ainsi toute d\u00e9marche pr\u00e9ventive.<\/p>\n<p> L&rsquo;\u00e9mergence fracassante du test sanguin<br \/>\n Des biomarqueurs sanguins qui changent la donne<\/p>\n<p>La recherche m\u00e9dicale avance \u00e0 grandes enjamb\u00e9es et, d\u00e9sormais, <strong>certains marqueurs d\u00e9tectables dans le sang permettent d&rsquo;identifier les tout premiers signes d&rsquo;Alzheimer<\/strong>. Ces biomarqueurs, pr\u00e9sents en quantit\u00e9s infimes, t\u00e9moignent de la formation anormale de prot\u00e9ines li\u00e9es \u00e0 la maladie, bien avant l&rsquo;apparition des premiers oublis.<\/p>\n<p>Des r\u00e9sultats prometteurs : vers un diagnostic plus pr\u00e9coce<\/p>\n<p>Les premiers essais r\u00e9alis\u00e9s dans de grands centres hospitaliers europ\u00e9ens mettent en avant une capacit\u00e9 de d\u00e9tection d\u00e8s les phases silencieuses de la maladie. <strong>Le test sanguin appara\u00eet non seulement fiable, mais aussi plus simple et plus rapide que les m\u00e9thodes traditionnelles<\/strong>. Cette avanc\u00e9e ouvre la voie \u00e0 un d\u00e9pistage \u00e9largi, potentiellement accessible en m\u00e9decine de ville.<\/p>\n<p> Comment fonctionne ce test r\u00e9volutionnaire ?<br \/>\nZoom sur les prot\u00e9ines cl\u00e9s : ce que r\u00e9v\u00e8le le sang<\/p>\n<p><strong>Le test sanguin vise principalement deux types de prot\u00e9ines anormales<\/strong> : l&rsquo;amylo\u00efde et la tau. Leur pr\u00e9sence, ou des variations subtiles de leur quantit\u00e9, signalent l&rsquo;installation du processus pathologique. D&rsquo;autres marqueurs, encore \u00e0 l&rsquo;\u00e9tude, viendraient affiner le diagnostic. En quelques millilitres de sang, le laboratoire peut ainsi r\u00e9v\u00e9ler l&rsquo;\u00e9tat r\u00e9el du cerveau, bien avant que le quotidien ne soit perturb\u00e9.<\/p>\n<p>L&rsquo;exp\u00e9rience en laboratoire : rapidit\u00e9 et simplicit\u00e9 d&rsquo;utilisation<\/p>\n<p>Ce nouveau test s&rsquo;effectue sur un pr\u00e9l\u00e8vement sanguin classique, comme pour un contr\u00f4le de cholest\u00e9rol. Quelques jours suffisent avant l&rsquo;obtention des r\u00e9sultats. <strong>Si la r\u00e9alisation technique est d\u00e9j\u00e0 bien ma\u00eetris\u00e9e<\/strong>, c&rsquo;est toute l&rsquo;organisation du suivi et de la prise en charge qui s&rsquo;en trouve transform\u00e9e.<\/p>\n<p> Des espoirs pour les patients et leur entourage<br \/>\nAnticiper, accompagner, adapter : un nouvel horizon pour les familles<\/p>\n<p>La perspective de d\u00e9tecter Alzheimer \u00e0 un stade d\u00e9butant change l&rsquo;approche globale de la maladie. <strong>Les familles peuvent se pr\u00e9parer, anticiper les besoins d&rsquo;accompagnement et adapter les projets de vie.<\/strong> Pour nombre de Fran\u00e7ais, c&rsquo;est aussi l&rsquo;espoir de b\u00e9n\u00e9ficier de traitements pr\u00e9ventifs lorsque ceux-ci verront le jour.<\/p>\n<p>\u00c9thique, \u00e9motions et attentes : l&rsquo;envers du progr\u00e8s<\/p>\n<p>Face \u00e0 cette avanc\u00e9e, des questions d&rsquo;ordre \u00e9thique surgissent. Comment vivre avec une information si lourde, alors que les sympt\u00f4mes ne sont pas l\u00e0 ? Les \u00e9motions sont vives, entre soulagement de savoir et crainte d&rsquo;un avenir incertain. <strong>L&rsquo;accompagnement psychologique et l&rsquo;information transparente deviennent alors essentiels<\/strong> pour transformer un savoir pr\u00e9coce en d\u00e9marche positive.<\/p>\n<p> D\u00e9fi scientifique et obstacles \u00e0 surmonter<br \/>\n \u00c9valuer la fiabilit\u00e9 et les limites du test<\/p>\n<p>Si le test sanguin promet une d\u00e9tection s\u00fbre, il doit encore faire la preuve de sa reproductibilit\u00e9 et de sa pr\u00e9cision sur de larges populations. Les risques de faux positifs ou n\u00e9gatifs interrogent la communaut\u00e9 m\u00e9dicale. <strong>Garantir la fiabilit\u00e9 du dispositif reste l&rsquo;\u00e9tape d\u00e9terminante avant une g\u00e9n\u00e9ralisation \u00e0 grande \u00e9chelle.<\/strong><\/p>\n<p>Le d\u00e9fi de l&rsquo;acc\u00e8s : co\u00fbt, formation et g\u00e9n\u00e9ralisation<\/p>\n<p>Qui pourra acc\u00e9der \u00e0 ce test ? La question du co\u00fbt pour la S\u00e9curit\u00e9 sociale, de la formation des professionnels et du d\u00e9ploiement dans tous les territoires fran\u00e7ais n&rsquo;est pas anodine. <strong>Il faudra des arbitrages et un accompagnement sur-mesure pour que l&rsquo;innovation ne reste pas un privil\u00e8ge r\u00e9serv\u00e9 \u00e0 quelques-uns<\/strong>.<\/p>\n<p> Que nous r\u00e9serve demain pour la lutte contre Alzheimer ?<br \/>\nVers la m\u00e9decine pr\u00e9ventive : de la d\u00e9tection \u00e0 la protection<\/p>\n<p>Ce nouvel outil s&rsquo;inscrit dans une logique de <strong>m\u00e9decine pr\u00e9ventive<\/strong> : prise en charge pr\u00e9coce, adaptation du <a href=\"https:\/\/journaldesseniors.20minutes.fr\/sante\/quelle-est-cette-formule-10-3-2-1-qui-vous-garantit-un-meilleur-sommeil-et-comment-la-mettre-en-place-simplement\/\" target=\"_blank\" rel=\"noopener\">mode de vie<\/a>, espoir de traitements dirig\u00e9s contre les m\u00e9canismes pr\u00e9coces de la maladie. Une page semble d\u00e9finitivement tourn\u00e9e, o\u00f9 le patient n&rsquo;\u00e9tait inform\u00e9 que face \u00e0 l&rsquo;\u00e9vidence du handicap.<\/p>\n<p> Quels prochains pas pour la recherche et le parcours de soin ?<\/p>\n<p>L&rsquo;avenir s&rsquo;annonce fertile en innovations. <strong>D\u00e9velopper des strat\u00e9gies th\u00e9rapeutiques pr\u00e9ventives<\/strong>, affiner le test aupr\u00e8s de populations diverses, former m\u00e9decins et soignants\u2026 tant de d\u00e9fis restent \u00e0 relever pour que cette avanc\u00e9e profite r\u00e9ellement \u00e0 tous. Le test sanguin est un immense premier pas, mais le combat global contre Alzheimer ne fait que commencer.<\/p>\n<p>Synth\u00e8se : une avanc\u00e9e qui redessine la lutte contre Alzheimer<br \/>\n Ce que pourrait changer le test sanguin dans notre rapport \u00e0 la maladie<\/p>\n<p>Avec ce test, c&rsquo;est <strong>toute notre fa\u00e7on de voir Alzheimer qui s&rsquo;inverse<\/strong>. De passives, les personnes concern\u00e9es deviennent actives dans leur prise en charge. L&rsquo;espoir rena\u00eet, celui de ma\u00eetriser l&rsquo;impr\u00e9vu, de planifier, de construire un parcours de vie plus serein.<\/p>\n<p>Conseils et perspectives : s&rsquo;informer, anticiper, esp\u00e9rer<\/p>\n<p>Cette perc\u00e9e scientifique nous invite \u00e0 <strong>s&rsquo;informer d\u00e8s aujourd&rsquo;hui, \u00e0 surveiller l&rsquo;\u00e9volution des recommandations m\u00e9dicales, et \u00e0 soutenir la recherche<\/strong>. Restez attentif aux nouvelles possibilit\u00e9s de d\u00e9pistage, discutez-en avec vos proches et professionnels, soyez acteurs de votre sant\u00e9, et rappelez-vous : l&rsquo;anticipation est parfois la plus belle des protections.<\/p>\n<p>Si la m\u00e9decine offre aujourd&rsquo;hui la cl\u00e9 pour d\u00e9tecter si pr\u00e9cocement Alzheimer, c&rsquo;est aussi \u00e0 chacun de s&#8217;emparer de cette chance avec discernement. <strong>Cette innovation ouvre la voie \u00e0 une prise en charge plus humaine<\/strong>, plus pr\u00e9voyante, et pourrait permettre \u00e0 la m\u00e9moire de rester, le plus longtemps possible, notre fid\u00e8le compagne de vie.<\/p>\n","protected":false},"excerpt":{"rendered":"Et si un simple pr\u00e9l\u00e8vement de sang pouvait bient\u00f4t bouleverser la mani\u00e8re dont nous abordons la maladie d&rsquo;Alzheimer&hellip;\n","protected":false},"author":2,"featured_media":351670,"comment_status":"","ping_status":"","sticky":false,"template":"","format":"standard","meta":{"footnotes":""},"categories":[10],"tags":[1011,27,72,56,71],"class_list":{"0":"post-351669","1":"post","2":"type-post","3":"status-publish","4":"format-standard","5":"has-post-thumbnail","7":"category-sante","8":"tag-fr","9":"tag-france","10":"tag-health","11":"tag-push","12":"tag-sante"},"share_on_mastodon":{"url":"https:\/\/pubeurope.com\/@fr\/115111054811195004","error":""},"_links":{"self":[{"href":"https:\/\/www.europesays.com\/fr\/wp-json\/wp\/v2\/posts\/351669","targetHints":{"allow":["GET"]}}],"collection":[{"href":"https:\/\/www.europesays.com\/fr\/wp-json\/wp\/v2\/posts"}],"about":[{"href":"https:\/\/www.europesays.com\/fr\/wp-json\/wp\/v2\/types\/post"}],"author":[{"embeddable":true,"href":"https:\/\/www.europesays.com\/fr\/wp-json\/wp\/v2\/users\/2"}],"replies":[{"embeddable":true,"href":"https:\/\/www.europesays.com\/fr\/wp-json\/wp\/v2\/comments?post=351669"}],"version-history":[{"count":0,"href":"https:\/\/www.europesays.com\/fr\/wp-json\/wp\/v2\/posts\/351669\/revisions"}],"wp:featuredmedia":[{"embeddable":true,"href":"https:\/\/www.europesays.com\/fr\/wp-json\/wp\/v2\/media\/351670"}],"wp:attachment":[{"href":"https:\/\/www.europesays.com\/fr\/wp-json\/wp\/v2\/media?parent=351669"}],"wp:term":[{"taxonomy":"category","embeddable":true,"href":"https:\/\/www.europesays.com\/fr\/wp-json\/wp\/v2\/categories?post=351669"},{"taxonomy":"post_tag","embeddable":true,"href":"https:\/\/www.europesays.com\/fr\/wp-json\/wp\/v2\/tags?post=351669"}],"curies":[{"name":"wp","href":"https:\/\/api.w.org\/{rel}","templated":true}]}}