{"id":351679,"date":"2025-08-29T08:21:09","date_gmt":"2025-08-29T08:21:09","guid":{"rendered":"https:\/\/www.europesays.com\/fr\/351679\/"},"modified":"2025-08-29T08:21:09","modified_gmt":"2025-08-29T08:21:09","slug":"tuerie-de-minneapolis-qui-sont-harper-et-fletcher-les-deux-enfants-de-10-et-8-ans-tues-dans-la-fusillade","status":"publish","type":"post","link":"https:\/\/www.europesays.com\/fr\/351679\/","title":{"rendered":"Tuerie de Minneapolis\u00a0: qui sont Harper et Fletcher, les deux enfants de\u00a010 et 8\u00a0ans tu\u00e9s dans la fusillade"},"content":{"rendered":"<p class=\"paragraph text_align_left lp-f-body-02\">Ils avaient 8 et 10 ans. Les deux enfants d\u00e9c\u00e9d\u00e9s mercredi <a href=\"https:\/\/www.leparisien.fr\/faits-divers\/au-moins-deux-morts-et-une-douzaine-de-blesses-dans-une-fusillade-dans-une-ecole-catholique-a-minneapolis-27-08-2025-UL2IEOJGVJH43LQTDHXWZLLPZM.php\" target=\"_blank\" rel=\"noreferrer nofollow noopener\">dans la fusillade \u00e0 Minneapolis<\/a>, au nord des \u00c9tats-Unis, s\u2019appelaient Fletcher Merkel et Harper Moyski. Avec des dizaines d\u2019\u00e9coliers, ils assistaient \u00e0 une messe dans l\u2019\u00e9glise l\u2019Annonciation, attenante \u00e0 une \u00e9cole catholique, quand <a href=\"https:\/\/www.leparisien.fr\/faits-divers\/fan-de-tueries-de-masse-ancienne-eleve-linquietant-profil-de-robin-westman-lassaillante-de-minneapolis-27-08-2025-IFUMPVHEPNB2LKYHTJIS3AMETE.php\" target=\"_blank\" rel=\"noreferrer nofollow noopener\">un homme de 23 ans<\/a> a fait feu <a href=\"https:\/\/www.leparisien.fr\/faits-divers\/sil-vous-plait-tenez-moi-la-main-un-habitant-de-minneapolis-raconte-comment-une-fillette-la-implore-lors-de-la-fusillade-dans-une-ecole-28-08-2025-7BNXK76QGBEU5NU4V2GKAYJNME.php\" target=\"_blank\" rel=\"noreferrer nofollow noopener\">\u00e0 des dizaines de reprises<\/a> \u00e0 travers les vitraux.<\/p>\n<p class=\"paragraph text_align_left lp-f-body-02\">\u00ab Hier, un l\u00e2che a d\u00e9cid\u00e9 de nous enlever notre fils Fletcher, \u00e2g\u00e9 de huit ans \u00bb, a d\u00e9clar\u00e9 le p\u00e8re du petit du gar\u00e7on, Jesse Merkel, lors d\u2019une conf\u00e9rence de presse jeudi, \u00e0 laquelle ont assist\u00e9 les m\u00e9dias am\u00e9ricains, dont <a href=\"https:\/\/www.bbc.com\/news\/articles\/cpv0egk8d1ro\" target=\"_blank\" rel=\"noreferrer nofollow noopener\">la BBC<\/a>. \u00ab Souvenez-vous de Fletcher pour la personne qu\u2019il \u00e9tait et non pour l\u2019acte qui a mis fin \u00e0 sa vie \u00bb, a-t-il ajout\u00e9, \u00e9mu aux larmes.<\/p>\n<blockquote class=\"twitter-tweet\">\n<p lang=\"en\" dir=\"ltr\">\u00ab\u00a0Please remember Fletcher for the person he was and not the act that ended his life. Give your kids an extra hug and kiss today.\u00a0\u00bb<\/p>\n<p>The father of 8-year-old Fletcher Merkel, one of the two children killed in a shooting at a Minneapolis Catholic Church Mass, paid tribute to his son\u2026 <a href=\"https:\/\/t.co\/ueNEF8IjbC\" rel=\"nofollow\">pic.twitter.com\/ueNEF8IjbC<\/a><\/p>\n<p>\u2014 Fox News (@FoxNews) <a href=\"https:\/\/twitter.com\/FoxNews\/status\/1961209110721896957?ref_src=twsrc%5Etfw\" rel=\"nofollow noopener\" target=\"_blank\">August 28, 2025<\/a><\/p><\/blockquote>\n<p class=\"paragraph text_align_left lp-f-body-02\">Fletcher \u00ab adorait sa famille, ses amis, la p\u00eache, la cuisine et tous les sports qu\u2019il pouvait pratiquer \u00bb, a-t-il d\u00e9clar\u00e9 \u00e0 propos de son fils. \u00ab On t\u2019aime, Fletcher. Tu seras toujours avec nous \u00bb, a conclu le p\u00e8re. La famille a d\u00e9clar\u00e9 qu\u2019elle souhaitait cr\u00e9er un fonds de bourses au nom de leur fils.<\/p>\n<p>\u00ab Nous sommes bris\u00e9s \u00bb<\/p>\n<p class=\"paragraph text_align_left lp-f-body-02\">Harper \u00e9tait quant \u00e0 elle \u00ab une enfant de 10 ans brillante, joyeuse et profond\u00e9ment aim\u00e9e dont le rire, la gentillesse et l\u2019esprit touchaient tous ceux qui la connaissaient \u00bb, se souviennent ses parents, Michael Moyski et Jackie Flavin, dans un communiqu\u00e9.<\/p>\n<p class=\"paragraph text_align_left lp-f-body-02\">\u00ab En tant que famille, nous sommes bris\u00e9s et les mots ne peuvent pas exprimer la profondeur de notre douleur. Aucune famille ne devrait jamais avoir \u00e0 endurer une telle douleur \u00bb, ont \u00e9crit les parents de la fillette, exhortant les autorit\u00e9s \u00e0 \u00ab prendre des mesures significatives pour lutter contre la violence arm\u00e9e et la crise de sant\u00e9 mentale dans ce pays \u00bb.<\/p>\n<p class=\"paragraph text_align_left lp-f-body-02\">\u00ab Le changement est possible et n\u00e9cessaire, afin que l\u2019histoire de Harper ne s\u2019ajoute pas \u00e0 une longue s\u00e9rie de trag\u00e9dies \u00bb, ont-ils d\u00e9clar\u00e9. \u00ab La lumi\u00e8re de Harper brillera toujours \u00e0 travers nous, et nous esp\u00e9rons que sa m\u00e9moire inspirera d\u2019autres personnes \u00e0 \u0153uvrer pour un monde plus s\u00fbr et plus compatissant \u00bb, ont conclu ses parents, demandant de l\u2019intimit\u00e9 afin de \u00ab faire leur deuil \u00bb.<\/p>\n<blockquote class=\"twitter-tweet\">\n<p lang=\"en\" dir=\"ltr\">Fletcher Merkel, 8, and Harper Moyski, 10, were killed in the Annunciation Catholic School mass shooting, their families confirmed Thursday. <a href=\"https:\/\/t.co\/lUzUPa7oD0\" rel=\"nofollow\">https:\/\/t.co\/lUzUPa7oD0<\/a><\/p>\n<p>\u2014 ABC News (@ABC) <a href=\"https:\/\/twitter.com\/ABC\/status\/1961263450396426247?ref_src=twsrc%5Etfw\" rel=\"nofollow noopener\" target=\"_blank\">August 29, 2025<\/a><\/p><\/blockquote>\n<p class=\"paragraph text_align_left lp-f-body-02\">Dans cette fusillade, 18 autres personnes ont \u00e9t\u00e9 bless\u00e9es, dont 15 enfants, \u00e2g\u00e9s de 6 \u00e0 15 ans. Selon la BBC, au moins une victime \u00e9tait encore jeudi dans un \u00e9tat grave \u00e0 l\u2019h\u00f4pital.<\/p>\n<p class=\"paragraph text_align_left lp-f-body-02\">Le mobile de l\u2019attaque reste encore \u00e0 d\u00e9terminer mais son auteur, <a href=\"https:\/\/www.leparisien.fr\/faits-divers\/fan-de-tueries-de-masse-ancienne-eleve-linquietant-profil-de-robin-westman-lassaillante-de-minneapolis-27-08-2025-IFUMPVHEPNB2LKYHTJIS3AMETE.php\" target=\"_blank\" rel=\"noreferrer nofollow noopener\">identifi\u00e9 comme Robin Westman<\/a>, 23 ans, \u00e9tait \u00ab obs\u00e9d\u00e9 \u00bb par l\u2019id\u00e9e de \u00ab tuer des enfants \u00bb, a d\u00e9clar\u00e9 jeudi \u00e0 la presse Joe Thompson, le procureur de l\u2019\u00c9tat du Minnesota. Elle s\u2019est suicid\u00e9e sur place. La police f\u00e9d\u00e9rale am\u00e9ricaine, le FBI, a ouvert une enqu\u00eate pour \u00ab acte de terrorisme int\u00e9rieur \u00bb et \u00ab crime motiv\u00e9 par la haine anticatholique \u00bb.<\/p>\n<p><script async src=\"https:\/\/platform.twitter.com\/widgets.js\" charset=\"utf-8\"><\/script><\/p>\n","protected":false},"excerpt":{"rendered":"Ils avaient 8 et 10 ans. Les deux enfants d\u00e9c\u00e9d\u00e9s mercredi dans la fusillade \u00e0 Minneapolis, au nord&hellip;\n","protected":false},"author":2,"featured_media":351680,"comment_status":"","ping_status":"","sticky":false,"template":"","format":"standard","meta":{"footnotes":""},"categories":[5],"tags":[11,73,1011,27,14,12,28],"class_list":{"0":"post-351679","1":"post","2":"type-post","3":"status-publish","4":"format-standard","5":"has-post-thumbnail","7":"category-international","8":"tag-actualites","9":"tag-etats-unis","10":"tag-fr","11":"tag-france","12":"tag-international","13":"tag-news","14":"tag-world"},"share_on_mastodon":{"url":"https:\/\/pubeurope.com\/@fr\/115111086234826611","error":""},"_links":{"self":[{"href":"https:\/\/www.europesays.com\/fr\/wp-json\/wp\/v2\/posts\/351679","targetHints":{"allow":["GET"]}}],"collection":[{"href":"https:\/\/www.europesays.com\/fr\/wp-json\/wp\/v2\/posts"}],"about":[{"href":"https:\/\/www.europesays.com\/fr\/wp-json\/wp\/v2\/types\/post"}],"author":[{"embeddable":true,"href":"https:\/\/www.europesays.com\/fr\/wp-json\/wp\/v2\/users\/2"}],"replies":[{"embeddable":true,"href":"https:\/\/www.europesays.com\/fr\/wp-json\/wp\/v2\/comments?post=351679"}],"version-history":[{"count":0,"href":"https:\/\/www.europesays.com\/fr\/wp-json\/wp\/v2\/posts\/351679\/revisions"}],"wp:featuredmedia":[{"embeddable":true,"href":"https:\/\/www.europesays.com\/fr\/wp-json\/wp\/v2\/media\/351680"}],"wp:attachment":[{"href":"https:\/\/www.europesays.com\/fr\/wp-json\/wp\/v2\/media?parent=351679"}],"wp:term":[{"taxonomy":"category","embeddable":true,"href":"https:\/\/www.europesays.com\/fr\/wp-json\/wp\/v2\/categories?post=351679"},{"taxonomy":"post_tag","embeddable":true,"href":"https:\/\/www.europesays.com\/fr\/wp-json\/wp\/v2\/tags?post=351679"}],"curies":[{"name":"wp","href":"https:\/\/api.w.org\/{rel}","templated":true}]}}