{"id":351683,"date":"2025-08-29T08:23:10","date_gmt":"2025-08-29T08:23:10","guid":{"rendered":"https:\/\/www.europesays.com\/fr\/351683\/"},"modified":"2025-08-29T08:23:10","modified_gmt":"2025-08-29T08:23:10","slug":"koh-lanta-gege-candidat-emblematique-de-lemission-est-mort","status":"publish","type":"post","link":"https:\/\/www.europesays.com\/fr\/351683\/","title":{"rendered":"Koh-Lanta\u00a0: G\u00e9g\u00e9, candidat embl\u00e9matique de l\u2019\u00e9mission, est mort"},"content":{"rendered":"<p class=\"paragraph text_align_left lp-f-body-02\">\u00ab Bonjour \u00e0 tous ceux qui l\u2019ont connu, j\u2019ai une mauvaise nouvelle \u00e0 vous annoncer, il nous a quitt\u00e9s cette nuit \u00bb. Le message a \u00e9t\u00e9 post\u00e9 par Fran\u00e7ois, le fils de <a href=\"https:\/\/www.leparisien.fr\/culture-loisirs\/gege-le-macgyver-de-koh-lanta-16-09-2011-1610390.php\" target=\"_self\" rel=\"nofollow noopener\">G\u00e9rard Icardi<\/a>, \u00e0 propos de son p\u00e8re sur <a href=\"https:\/\/www.facebook.com\/search\/top\/?q=fran%C3%A7ois%20icardi&amp;locale=fr_FR\" target=\"_self\" rel=\"nofollow noopener\">Facebook<\/a>, ce jeudi 28 ao\u00fbt. L\u2019homme, surnomm\u00e9 \u00ab G\u00e9g\u00e9 \u00bb, s\u2019est fait conna\u00eetre dans la onzi\u00e8me saison de <a href=\"https:\/\/www.leparisien.fr\/culture-loisirs\/tv\/koh-lanta\/\" target=\"_self\" rel=\"nofollow noopener\">Koh-Lanta<\/a>, l\u2019\u00e9mission de <a href=\"https:\/\/www.leparisien.fr\/culture-loisirs\/tf1-plus\/\" target=\"_self\" rel=\"nofollow noopener\">TF1<\/a>, diffus\u00e9e en 2011. Il est d\u00e9c\u00e9d\u00e9 \u00e0 l\u2019\u00e2ge de 79 ans. Les causes de sa mort n\u2019ont pas \u00e9t\u00e9 d\u00e9voil\u00e9es.<\/p>\n<p>\u00ab C\u2019\u00e9tait un sacr\u00e9 num\u00e9ro \u00bb<\/p>\n<p class=\"paragraph text_align_left lp-f-body-02\">Lors de son passage dans le jeu d\u2019aventure, G\u00e9g\u00e9 \u00e9tait g\u00e9rant d\u2019un parc animalier dans l\u2019Eure et alors \u00e2g\u00e9 de 65 ans, ce qui faisait de lui le v\u00e9t\u00e9ran du programme, qui se d\u00e9roulait dans l\u2019archipel de Raja Ampat. Il a partag\u00e9 son exp\u00e9rience en Indon\u00e9sie avec d\u2019autres candidats embl\u00e9matiques, comme Laurent Maistret, Teheiura ou Martin.<\/p>\n<p class=\"paragraph text_align_left lp-f-body-02\">Patricia Morel, qui \u00e9tait aussi dans la onzi\u00e8me saison de Koh-Lanta aux c\u00f4t\u00e9s de G\u00e9g\u00e9, lui a rendu hommage. \u00ab C\u2019\u00e9tait un sacr\u00e9 num\u00e9ro notre G\u00e9g\u00e9. Je ne l\u2019oublierai jamais car j\u2019\u00e9tais tr\u00e8s proche de lui pendant notre aventure. Repose en paix G\u00e9g\u00e9 \u00bb, a-t-elle comment\u00e9 sur Facebook, sous la publication annon\u00e7ant son d\u00e9c\u00e8s. Denis Brogniart a quant \u00e0 lui lanc\u00e9 \u00ab RIP G\u00e9g\u00e9 ! \u00bb dans l\u2019une de ses stories sur Instagram.<\/p>\n<p>\u00ab Il y a un petit bout de moi qui est rest\u00e9 l\u00e0-bas \u00bb<\/p>\n<p class=\"paragraph text_align_left lp-f-body-02\">Bon bricoleur, mais tr\u00e8s peu \u00e0 l\u2019aise dans l\u2019eau, G\u00e9g\u00e9 avait handicap\u00e9 son \u00e9quipe lors de certaines \u00e9preuves, bien qu\u2019il ait fait en sorte d\u2019apprendre \u00e0 nager un mois avant le d\u00e9but du jeu. Aupr\u00e8s de <a href=\"https:\/\/www.programme-tv.net\/news\/tele-realite\/19335-gege-koh-lanta-je-suis-sorti-parce-que-je-suis-trop-vieux\/\" target=\"_self\" rel=\"nofollow noopener\">T\u00e9l\u00e9-Loisirs<\/a>, il avait confi\u00e9 en 2011 avoir conserv\u00e9 \u00ab plein de bonnes choses \u00bb de son passage dans Koh-Lanta, malgr\u00e9 son \u00e9limination pr\u00e9matur\u00e9e. \u00ab Des paysages de r\u00eave, une aventure exceptionnelle, des moments d\u2019intensit\u00e9 et d\u2019\u00e9motion\u2026 \u00c7a fait plusieurs mois que je suis parti de l\u00e0-bas, mais j\u2019en r\u00eave encore la nuit. Quelque part, il y a un petit bout de moi qui est rest\u00e9 l\u00e0-bas \u00bb, avait-il d\u00e9clar\u00e9.<\/p>\n<p class=\"paragraph text_align_left lp-f-body-02\">En 2013, G\u00e9g\u00e9 avait fait une autre apparition remarqu\u00e9e sur le petit \u00e9cran en participant \u00e0 Splash, le grand plongeon, toujours sur TF1 : malgr\u00e9 ses difficult\u00e9s, il \u00e9tait all\u00e9 loin dans l\u2019aventure.<\/p>\n<p class=\"paragraph text_align_left lp-f-body-02\">La m\u00eame ann\u00e9e, G\u00e9rard Icardi avait \u00e9t\u00e9 mis en examen pour <a href=\"https:\/\/www.leparisien.fr\/laparisienne\/people\/gege-de-koh-lanta-juge-pour-des-agressions-sexuelles-sur-mineures-06-02-2015-4511413.php\" target=\"_self\" rel=\"nofollow noopener\">\u00ab atteintes sexuelles \u00bb<\/a> sur l\u2019une des anciennes stagiaires de son parc animalier. En 2015, <a href=\"https:\/\/www.leparisien.fr\/laparisienne\/people\/deux-ans-de-prison-avec-sursis-pour-gege-de-koh-lanta-20-03-2015-4621473.php\" target=\"_self\" rel=\"nofollow noopener\">l\u2019ancien aventurier avait \u00e9t\u00e9 condamn\u00e9<\/a> \u00e0 deux ans de prison avec sursis par le tribunal correctionnel d\u2019\u00c9vreux. Il avait toujours ni\u00e9 les accusations port\u00e9es contre lui.<\/p>\n","protected":false},"excerpt":{"rendered":"\u00ab Bonjour \u00e0 tous ceux qui l\u2019ont connu, j\u2019ai une mauvaise nouvelle \u00e0 vous annoncer, il nous a&hellip;\n","protected":false},"author":2,"featured_media":351684,"comment_status":"","ping_status":"","sticky":false,"template":"","format":"standard","meta":{"footnotes":""},"categories":[2],"tags":[11,872,1011,27,12,2205],"class_list":{"0":"post-351683","1":"post","2":"type-post","3":"status-publish","4":"format-standard","5":"has-post-thumbnail","7":"category-actualites","8":"tag-actualites","9":"tag-culture-et-loisirs","10":"tag-fr","11":"tag-france","12":"tag-news","13":"tag-television-medias"},"share_on_mastodon":{"url":"https:\/\/pubeurope.com\/@fr\/115111094098668341","error":""},"_links":{"self":[{"href":"https:\/\/www.europesays.com\/fr\/wp-json\/wp\/v2\/posts\/351683","targetHints":{"allow":["GET"]}}],"collection":[{"href":"https:\/\/www.europesays.com\/fr\/wp-json\/wp\/v2\/posts"}],"about":[{"href":"https:\/\/www.europesays.com\/fr\/wp-json\/wp\/v2\/types\/post"}],"author":[{"embeddable":true,"href":"https:\/\/www.europesays.com\/fr\/wp-json\/wp\/v2\/users\/2"}],"replies":[{"embeddable":true,"href":"https:\/\/www.europesays.com\/fr\/wp-json\/wp\/v2\/comments?post=351683"}],"version-history":[{"count":0,"href":"https:\/\/www.europesays.com\/fr\/wp-json\/wp\/v2\/posts\/351683\/revisions"}],"wp:featuredmedia":[{"embeddable":true,"href":"https:\/\/www.europesays.com\/fr\/wp-json\/wp\/v2\/media\/351684"}],"wp:attachment":[{"href":"https:\/\/www.europesays.com\/fr\/wp-json\/wp\/v2\/media?parent=351683"}],"wp:term":[{"taxonomy":"category","embeddable":true,"href":"https:\/\/www.europesays.com\/fr\/wp-json\/wp\/v2\/categories?post=351683"},{"taxonomy":"post_tag","embeddable":true,"href":"https:\/\/www.europesays.com\/fr\/wp-json\/wp\/v2\/tags?post=351683"}],"curies":[{"name":"wp","href":"https:\/\/api.w.org\/{rel}","templated":true}]}}