{"id":351687,"date":"2025-08-29T08:30:15","date_gmt":"2025-08-29T08:30:15","guid":{"rendered":"https:\/\/www.europesays.com\/fr\/351687\/"},"modified":"2025-08-29T08:30:15","modified_gmt":"2025-08-29T08:30:15","slug":"nos-idees-sorties-du-week-end-des-5-6-et-7-septembre-2025-dans-la-loire","status":"publish","type":"post","link":"https:\/\/www.europesays.com\/fr\/351687\/","title":{"rendered":"Nos id\u00e9es sorties du week-end des 5, 6 et 7 septembre 2025 dans la Loire"},"content":{"rendered":"<p class=\"is-style-chapo\">Voici la s\u00e9lection de la r\u00e9daction de If Saint-Etienne pour se divertir et s\u2019amuser dans la Loire le week-end prochain, soit les 5, 6 et 7 septembre. Une liste d\u2019\u00e9v\u00e9nements, s\u00e9lectionn\u00e9s de mani\u00e8re ind\u00e9pendante et, bien entendu, non-exhaustive.<\/p>\n<p><img loading=\"lazy\" decoding=\"async\" width=\"1024\" height=\"576\" src=\"https:\/\/www.europesays.com\/fr\/wp-content\/uploads\/2025\/08\/photographs-256888_1280-1-1024x576.jpg\" alt=\"\" class=\"wp-image-80319\"  \/><\/p>\n<p>1 \u2013 Cheese<\/p>\n<p>Du vendredi 5 au dimanche 7 septembre, l\u2019Amicale la\u00efque du Cr\u00eat de Roch accueille les 48h de la photo. L\u2019\u00e9v\u00e9nement, organis\u00e9 par le <a href=\"https:\/\/pcse42.fr\/\" target=\"_blank\" rel=\"noreferrer noopener\">Photo-club de Saint-Etienne<\/a>, aura pour th\u00e9matique cette ann\u00e9e \u00ab\u00a0Minimalisme\u00a0\u00bb. Au programme du week-end\u00a0: expo, ateliers, balade et marathon photo avec une soir\u00e9e de vernissage \u00e0 19h vendredi.<\/p>\n<p>2 \u2013 Allez les verts<\/p>\n<p>Les 6 et 7 septembre, \u00e0 partir de 10h, le parc Joseph Sanguedolce, \u00e0 Saint-Etienne, re\u00e7oit la 4\u00e8me \u00e9dition du Salon de l\u2019agriculture paysanne et de l\u2019alimentation \u00ab\u00a0<a href=\"https:\/\/www.fabriquedelatransition.fr\/vert-de-terre\/\" target=\"_blank\" rel=\"noreferrer noopener\">Verts de terre<\/a>\u00a0\u00bb. L\u2019occasion d\u2019assister \u00e0 des conf\u00e9rences, des expos, de d\u00e9couvrir le march\u00e9 paysan, les diff\u00e9rentes animations\u2026 et bien s\u00fbr les animaux de la ferme.<\/p>\n<p>3 \u2013 Une toile<\/p>\n<p>Samedi 6 septembre, \u00e0 partir de 21h15, le film Divertimento sera projet\u00e9 au <a href=\"https:\/\/www.facebook.com\/LeLABO.Roanne\/?locale=fr_FR\" target=\"_blank\" rel=\"noreferrer noopener\">Labo<\/a> \u00e0 Roanne. Un cin\u00e9 en plein air pour d\u00e9couvrir l\u2019histoire d\u2019une jeune femme qui r\u00eave de devenir cheffe d\u2019orchestre, et de sa s\u0153ur jumelle, violoncelliste. Mais comment accomplir ces r\u00eaves en 1995 quand on est une femme, d\u2019origine alg\u00e9rienne et qu\u2019on vient de Seine-Saint-Denis ? Avec d\u00e9termination, passion, et courage.<\/p>\n<p>4 \u2013 Roanne race<\/p>\n<p>Toujours \u00e0 Roanne, vous pourrez assister \u00e0 l\u2019Aviron Roanne Race samedi 6 septembre \u00e0 partir de 9h, au <a href=\"https:\/\/www.avironroannelecoteau.net\/\" target=\"_blank\" rel=\"noreferrer noopener\">Club d\u2019Aviron<\/a> Roanne le Coteau. L\u2019occasion d\u2019assister \u00e0 de spectaculaires courses en sprint sur 500 m de bateaux compos\u00e9s de huit rameurs de niveau national venant des meilleurs clubs de France.<\/p>\n<p>5 \u2013 Urban<\/p>\n<p><a href=\"https:\/\/www.helloasso.com\/associations\/forez-colors\/evenements\/urban-show-4?fbclid=IwY2xjawJQwqtleHRuA2FlbQIxMAABHXTqa-8qqJBmAIqWEWjaGzLaWXAQUGbfylCx7Xku05-IZYfJmi0tWuu-YQ_aem_ngBPLoFveq5ejc1QzTPecw.\" target=\"_blank\" rel=\"noreferrer noopener\">L\u2019Urban Show<\/a> est de retour pour une 4\u00e8me \u00e9dition \u00e0 Montbrison, les 6 et 7 septembre de 10h \u00e0 19h au skatepark. Au programme, graffitis sur remorques par des street artistes, contests de BMX et skate, initiations gratuites, et un concert le soir, avec Sinik ou encore Busta Flex.<\/p>\n","protected":false},"excerpt":{"rendered":"Voici la s\u00e9lection de la r\u00e9daction de If Saint-Etienne pour se divertir et s\u2019amuser dans la Loire le&hellip;\n","protected":false},"author":2,"featured_media":351688,"comment_status":"","ping_status":"","sticky":false,"template":"","format":"standard","meta":{"footnotes":""},"categories":[9653],"tags":[48835,44451,14428,1111,11,2430,1777,674,1011,27,14429,12,14430,25,4001,1669],"class_list":{"0":"post-351687","1":"post","2":"type-post","3":"status-publish","4":"format-standard","5":"has-post-thumbnail","7":"category-saint-etienne","8":"tag-activite-saint-etienne","9":"tag-activites-famille-loire","10":"tag-activites-week-end-loire","11":"tag-actu","12":"tag-actualites","13":"tag-auvergne-rhone-alpes","14":"tag-eu","15":"tag-europe","16":"tag-fr","17":"tag-france","18":"tag-idees-sorties-loire","19":"tag-news","20":"tag-recreatif","21":"tag-republique-francaise","22":"tag-saint-etienne","23":"tag-sorties"},"share_on_mastodon":{"url":"https:\/\/pubeurope.com\/@fr\/115111121644272674","error":""},"_links":{"self":[{"href":"https:\/\/www.europesays.com\/fr\/wp-json\/wp\/v2\/posts\/351687","targetHints":{"allow":["GET"]}}],"collection":[{"href":"https:\/\/www.europesays.com\/fr\/wp-json\/wp\/v2\/posts"}],"about":[{"href":"https:\/\/www.europesays.com\/fr\/wp-json\/wp\/v2\/types\/post"}],"author":[{"embeddable":true,"href":"https:\/\/www.europesays.com\/fr\/wp-json\/wp\/v2\/users\/2"}],"replies":[{"embeddable":true,"href":"https:\/\/www.europesays.com\/fr\/wp-json\/wp\/v2\/comments?post=351687"}],"version-history":[{"count":0,"href":"https:\/\/www.europesays.com\/fr\/wp-json\/wp\/v2\/posts\/351687\/revisions"}],"wp:featuredmedia":[{"embeddable":true,"href":"https:\/\/www.europesays.com\/fr\/wp-json\/wp\/v2\/media\/351688"}],"wp:attachment":[{"href":"https:\/\/www.europesays.com\/fr\/wp-json\/wp\/v2\/media?parent=351687"}],"wp:term":[{"taxonomy":"category","embeddable":true,"href":"https:\/\/www.europesays.com\/fr\/wp-json\/wp\/v2\/categories?post=351687"},{"taxonomy":"post_tag","embeddable":true,"href":"https:\/\/www.europesays.com\/fr\/wp-json\/wp\/v2\/tags?post=351687"}],"curies":[{"name":"wp","href":"https:\/\/api.w.org\/{rel}","templated":true}]}}