{"id":351695,"date":"2025-08-29T08:34:24","date_gmt":"2025-08-29T08:34:24","guid":{"rendered":"https:\/\/www.europesays.com\/fr\/351695\/"},"modified":"2025-08-29T08:34:24","modified_gmt":"2025-08-29T08:34:24","slug":"embellie-pour-le-couple-franco-allemand-a-toulon","status":"publish","type":"post","link":"https:\/\/www.europesays.com\/fr\/351695\/","title":{"rendered":"Embellie pour le couple franco-allemand \u00e0 Toulon"},"content":{"rendered":"<p>Le couple franco-allemand vit une v\u00e9ritable idylle. Depuis le 6 mai dernier, date \u00e0 laquelle il a \u00e9t\u00e9 \u00e9lu chancelier, Friedrich Merz et Emmanuel Macron ne se quittent plus. Apr\u00e8s Berlin le 23 juillet, les deux dirigeants se sont vus \u00e0 de tr\u00e8s nombreuses reprises cet \u00e9t\u00e9. \u00c0 Bruxelles, \u00e0 Washington pour apporter leur soutien \u00e0 Volodymyr Zelensky, et encore mercredi en Moldavie pour c\u00e9l\u00e9brer l\u2019anniversaire de l\u2019ind\u00e9pendance de ce petit pays d\u2019Europe de l\u2019est.<\/p>\n<p><strong>Une histoire d\u2019amiti\u00e9<\/strong><\/p>\n<p>L\u2019invitation pour un d\u00eener hier au fort de Br\u00e9gan\u00e7on \u2013 \u00ab\u00a0une marque d\u2019attention particuli\u00e8re\u00a0\u00bb \u00e0 l\u2019\u00e9gard de Friedrich Merz \u2013 n\u2019est qu\u2019une preuve suppl\u00e9mentaire des excellentes relations qu\u2019entretiennent le nouveau chancelier allemand et le pr\u00e9sident de la R\u00e9publique. D\u2019ailleurs, Friedrich Merz, dans une courte allocution en fran\u00e7ais, l\u2019a confirm\u00e9 aux quelque 80 journalistes pr\u00e9sents hier soir \u00e0 la r\u00e9sidence d\u2019\u00e9t\u00e9 du pr\u00e9sident fran\u00e7ais: \u00ab\u00a0C\u2019est un grand honneur pour moi d\u2019\u00eatre dans ce lieu extraordinaire. C\u2019est surtout la preuve de l\u2019amiti\u00e9 qui unit la France et l\u2019Allemagne, et qui nous unit Emmanuel et moi\u00a0\u00bb.<\/p>\n<p>Mais qu\u2019on ne s\u2019y trompe pas. Si l\u2019ambiance dans le fort de Br\u00e9gan\u00e7on \u00e9tait r\u00e9solument d\u00e9contract\u00e9e \u2013 aucun des deux dirigeants ne portait de cravate \u2013, cette rencontre \u00e9tait aussi une r\u00e9union de travail pr\u00e9paratoire au 25e conseil des ministres franco-allemand et au conseil franco-allemand de d\u00e9fense et de s\u00e9curit\u00e9 qui se tiennent aujourd\u2019hui \u00e0 Toulon.<\/p>\n<p>Un double rendez-vous qui, le pr\u00e9sident fran\u00e7ais l\u2019appelle de ses v\u0153ux, permettra \u00ab\u00a0d\u2019impulser une dynamique encore plus forte pour notre Europe. Une Europe plus comp\u00e9titive, plus productive\u00a0\u00bb. Emmanuel Macron l\u2019a rappel\u00e9: \u00ab\u00a0Quand les positions franco-allemandes convergent, quand l\u2019Allemagne et la France sont d\u2019accord, l\u2019Europe va plus vite\u00a0\u00bb.<\/p>\n<p><strong>Vingt ministres annonc\u00e9s aujourd\u2019hui \u00e0 Toulon!<\/strong><\/p>\n<p>C\u2019est aussi vrai pour les questions de g\u00e9opolitique. Le Pr\u00e9sident fran\u00e7ais a d\u2019ailleurs insist\u00e9 sur ce point: \u00ab\u00a0Je crois que le couple franco-allemand aujourd\u2019hui est parfaitement align\u00e9 pour, justement, avoir une Europe plus forte en mati\u00e8re \u00e9conomique, commerciale, mon\u00e9taire, mais aussi une Europe qui tient sa position g\u00e9opolitique dans le conflit en Ukraine, face \u00e0 la guerre d\u2019agression lanc\u00e9e par la Russie, et une Europe qui regarde aussi en face ses d\u00e9fis et qui a d\u00e9cid\u00e9 de se r\u00e9armer pour assurer sa protection\u00a0\u00bb.<\/p>\n<p>Pour aller encore plus loin, \u00ab\u00a0pour avoir des r\u00e9sultats tr\u00e8s importants pour l\u2019agenda bilat\u00e9ral europ\u00e9en et pour nos positions internationales\u00a0\u00bb, Emmanuel Macron et Friedrich Merz se retrouveront donc d\u00e8s ce matin \u00e0 Toulon. Mais l\u2019ambiance sera cette fois plus studieuse puisqu\u2019ils seront chacun accompagn\u00e9s de dix ministres, parmi lesquels les ministres de l\u2019Int\u00e9rieur, de l\u2019\u00c9conomie et des finances, des Arm\u00e9es, des Affaires \u00e9trang\u00e8res, ou encore de l\u2019Industrie.<\/p>\n","protected":false},"excerpt":{"rendered":"Le couple franco-allemand vit une v\u00e9ritable idylle. Depuis le 6 mai dernier, date \u00e0 laquelle il a \u00e9t\u00e9&hellip;\n","protected":false},"author":2,"featured_media":351696,"comment_status":"","ping_status":"","sticky":false,"template":"","format":"standard","meta":{"footnotes":""},"categories":[9619],"tags":[1111,11,1777,674,1011,27,12,316,882,25,2310],"class_list":{"0":"post-351695","1":"post","2":"type-post","3":"status-publish","4":"format-standard","5":"has-post-thumbnail","7":"category-toulon","8":"tag-actu","9":"tag-actualites","10":"tag-eu","11":"tag-europe","12":"tag-fr","13":"tag-france","14":"tag-news","15":"tag-politique","16":"tag-provence-alpes-cote-dazur","17":"tag-republique-francaise","18":"tag-toulon"},"share_on_mastodon":{"url":"https:\/\/pubeurope.com\/@fr\/115111137502678894","error":""},"_links":{"self":[{"href":"https:\/\/www.europesays.com\/fr\/wp-json\/wp\/v2\/posts\/351695","targetHints":{"allow":["GET"]}}],"collection":[{"href":"https:\/\/www.europesays.com\/fr\/wp-json\/wp\/v2\/posts"}],"about":[{"href":"https:\/\/www.europesays.com\/fr\/wp-json\/wp\/v2\/types\/post"}],"author":[{"embeddable":true,"href":"https:\/\/www.europesays.com\/fr\/wp-json\/wp\/v2\/users\/2"}],"replies":[{"embeddable":true,"href":"https:\/\/www.europesays.com\/fr\/wp-json\/wp\/v2\/comments?post=351695"}],"version-history":[{"count":0,"href":"https:\/\/www.europesays.com\/fr\/wp-json\/wp\/v2\/posts\/351695\/revisions"}],"wp:featuredmedia":[{"embeddable":true,"href":"https:\/\/www.europesays.com\/fr\/wp-json\/wp\/v2\/media\/351696"}],"wp:attachment":[{"href":"https:\/\/www.europesays.com\/fr\/wp-json\/wp\/v2\/media?parent=351695"}],"wp:term":[{"taxonomy":"category","embeddable":true,"href":"https:\/\/www.europesays.com\/fr\/wp-json\/wp\/v2\/categories?post=351695"},{"taxonomy":"post_tag","embeddable":true,"href":"https:\/\/www.europesays.com\/fr\/wp-json\/wp\/v2\/tags?post=351695"}],"curies":[{"name":"wp","href":"https:\/\/api.w.org\/{rel}","templated":true}]}}