{"id":351699,"date":"2025-08-29T08:36:21","date_gmt":"2025-08-29T08:36:21","guid":{"rendered":"https:\/\/www.europesays.com\/fr\/351699\/"},"modified":"2025-08-29T08:36:21","modified_gmt":"2025-08-29T08:36:21","slug":"la-cite-bergere-derniere-terre-agricole-menacee-par-un-programme-immobilier","status":"publish","type":"post","link":"https:\/\/www.europesays.com\/fr\/351699\/","title":{"rendered":"la Cit\u00e9 Berg\u00e8re, derni\u00e8re terre agricole menac\u00e9e par un programme immobilier\u00a0?"},"content":{"rendered":"<p>            Par<br \/>\n        <strong><br \/>\n            <a href=\"https:\/\/actu.fr\/auteur\/g-martin\" title=\"Consulter tous les articles de Gil Martin\" rel=\"nofollow noopener\" target=\"_blank\">Gil Martin<\/a><br \/>\n        <\/strong><\/p>\n<p>        Publi\u00e9 le<\/p>\n<p>            29 ao\u00fbt 2025 \u00e0 9h45        <\/p>\n<p>Mais quelle mouche a donc piqu\u00e9 les habitants du quartier des Beaux-Arts, et plus pr\u00e9cis\u00e9ment les riverains de l\u2019avenue Saint Lazare\u00a0? <a href=\"https:\/\/www.change.org\/p\/contre-la-disparition-de-la-derni%C3%A8re-terre-agricole-du-centre-ville-de-montpellier?recruiter=22709039&amp;recruited_by_id=5a4666e0-c396-012f-fe05-4040aa777426\" rel=\"nofollow noopener\" target=\"_blank\">Ces Montpelli\u00e9rains viennent de lancer une p\u00e9tition sur Change.org<\/a> apr\u00e8s avoir vu fleurir sur les murs de la Cit\u00e9 Berg\u00e8re, le dernier mara\u00eechage du centre-ville situ\u00e9 non-loin de l\u2019ancien restaurant Le Jardin des Sens, des panneaux annon\u00e7ant le lancement d\u2019un programme immobilier sur le site.<\/p>\n<p>Deux immeubles de 15 m\u00e8tres<\/p>\n<p class=\" wall-content\">\u00ab\u00a0La Cit\u00e9 Berg\u00e8re, derni\u00e8re terre agricole du centre-ville de Montpellier situ\u00e9e au 21 avenue Saint-Lazare, est sur le point de dispara\u00eetre pour laisser place \u00e0 deux immeubles de plus de 15 m\u00e8tres de hauteur, d\u00e9truisant ainsi un pr\u00e9cieux terrain de mara\u00eechage familial dont les produits sont vendus aux habitants du quartier, pour leur plus grand bonheur\u00a0\u00bb, annonce le collectif dont la p\u00e9tition, lanc\u00e9e il y a quelques jours, cumule d\u00e9j\u00e0 pr\u00e8s de 1300 signatures.<\/p>\n<p>\u2018Il faut sauver la Cit\u00e9 Berg\u00e8re\u00a0\u00bb<\/p>\n<p class=\" wall-content\">\u00ab\u00a0Les riverains, les commer\u00e7ants et les Montpelli\u00e9rains attach\u00e9s \u00e0 une agriculture locale expriment leur profonde inqui\u00e9tude concernant ce projet immobilier dont les deux permis de construire ont \u00e9t\u00e9 d\u00e9livr\u00e9s le 6 ao\u00fbt par la mairie de Montpellier\u00a0\u00bb, pr\u00e9cise le Collectif Riverains Beau-Arts qui entend d\u00e9fendre non-seulement l\u2019activit\u00e9 de mara\u00eechage\u00a0\u00ab\u00a0qui des produits frais et locaux aux habitants\u00a0\u00bb, mais aussi \u00ab\u00a0une partie int\u00e9grante de notre patrimoine historique, culturel et \u00e9cologique\u00a0\u00bb.<\/p>\n<p>    <a href=\"https:\/\/www.google.com\/maps\/embed?pb=!1m18!1m12!1m3!1d5776.640642537741!2d3.8829589756701393!3d43.62069157110367!2m3!1f0!2f0!3f0!3m2!1i1024!2i768!4f13.1!3m3!1m2!1s0x12b6af12b68b83e3%3A0xb51e32fabcc9841e!2s21%20Av.%20Saint-Lazare%2C%2034000%20Montpellier!5e0!3m2!1sfr!2sfr!4v1756484335601!5m2!1sfr!2sfr\" title=\"Ouvrie le lien\" rel=\"nofollow noopener\" target=\"_blank\">Cliquez ici pour visualiser le contenu<\/a><\/p>\n<blockquote class=\"ac-article-quote wall-content\">\n<p>\u00ab\u00a0Pourquoi la Ville soutient-elle un projet qui risque de faire disparaitre la derni\u00e8re terre agricole du centre-ville ?\u00a0\u00bb<\/p>\n<p>    <strong>Collectif Riverains Beaux-Arts<\/strong>\n            <\/p><\/blockquote>\n<p>Vid\u00e9os : en ce moment sur Actu<br \/>\n    <img   decoding=\"async\" loading=\"lazy\" src=\"https:\/\/www.europesays.com\/fr\/wp-content\/uploads\/2025\/08\/photo-cite-bergere-panneau-960x640.jpg\" alt=\"Les panneaux accroch\u00e9s aux grilles de la Cit\u00e9 Berg\u00e8re ont mis le feu aux poudres\" width=\"960\" height=\"640\"\/><br \/>\n    Les panneaux accroch\u00e9s aux grilles de la Cit\u00e9 Berg\u00e8re ont mis le feu aux poudres (\u00a9M\u00e9tropolitain)<\/p>\n<p class=\" wall-content\">\u00ab Ce projet immobilier ne contribuera qu\u2019<strong>\u00e0 la b\u00e9tonisation galopante<\/strong> \u00e0 l\u2019\u0153uvre dans toute la ville de Montpellier \u00bb, tranche les riverains qui se demandent comment se projet a pu voir le jour : \u00ab Le maire de Montpellier a annonc\u00e9 la fin de l\u2019immobilier \u00e0 la parcelle et clame r\u00e9guli\u00e8rement sa volont\u00e9 de pr\u00e9server l\u2019environnement\u2026 Comment se projet a-t-il pu passer ? \u00bb.<\/p>\n<p>Votre r\u00e9gion, votre actu !<\/p>\n<p>Recevez chaque jour les infos qui comptent pour vous.<\/p>\n<p>\t<a href=\"https:\/\/actu.fr\/newsletter\" class=\"ac-btn ac-btn--corner ac-btn--medium ac-btn--blue800\" rel=\"nofollow noopener\" target=\"_blank\">S&rsquo;incrire<\/a><\/p>\n<p class=\" wall-content\">\u00ab <strong>Ce site peut \u00eatre utilis\u00e9 de bien des fa\u00e7ons<\/strong> : conserver en l\u2019\u00e9tat pour faire du mara\u00eechage, cr\u00e9er des jardins partag\u00e9s, \u00eatre transform\u00e9 en ferme p\u00e9dagogique, ce ne sont pas les id\u00e9es qui manquent : pourquoi la Ville soutient-elle un projet qui risque de faire disparaitre tout cela ? \u00bb, questionnent des habitants du quartier.<\/p>\n<p>Une r\u00e9ponse de la Ville ?<\/p>\n<p class=\" wall-content\">M\u00e9tropolitain a contact\u00e9 la Ville de Montpellier pour des pr\u00e9cisions sur ce projet qui serait men\u00e9, selon le collectif, par les Nouveaux Promoteurs. La construction de logements collectifs sur le site de la Cit\u00e9 Berg\u00e8re, o\u00f9 sont aussi install\u00e9s des hangars et une grande villa, induira-t-elle forc\u00e9ment la disparition du mara\u00eechage ? Ou bien cette activit\u00e9 d\u2019agriculture de proximit\u00e9 sera-t-elle maintenue ? Le Collectif Riverains Beaux-Arts attend <strong>les explications de la mairie<\/strong> qui a d\u00e9livr\u00e9 le permis de construire d\u00e9but ao\u00fbt\u2026<\/p>\n<p class=\" wall-content\">Personnalisez votre actualit\u00e9 en ajoutant vos villes et m\u00e9dias en favori avec <a href=\"https:\/\/moncompte.actu.fr\" title=\"D\u00e9couvez Mon Actu\" rel=\"nofollow noopener\" data-trk=\"{&quot;cta&quot;:{&quot;action&quot;:&quot;https:\\\/\\\/moncompte.actu.fr&quot;,&quot;category&quot;:&quot;mon compte&quot;,&quot;from&quot;:&quot;article footer&quot;,&quot;name&quot;:&quot;Mon actu&quot;,&quot;type&quot;:&quot;cta&quot;}}\" target=\"_blank\">Mon Actu<\/a>.<\/p>\n","protected":false},"excerpt":{"rendered":"Par Gil Martin Publi\u00e9 le 29 ao\u00fbt 2025 \u00e0 9h45 Mais quelle mouche a donc piqu\u00e9 les habitants&hellip;\n","protected":false},"author":2,"featured_media":351700,"comment_status":"","ping_status":"","sticky":false,"template":"","format":"standard","meta":{"footnotes":""},"categories":[9599],"tags":[1111,11,327,33,436,1777,674,1011,27,1116,2208,12,2680,25],"class_list":{"0":"post-351699","1":"post","2":"type-post","3":"status-publish","4":"format-standard","5":"has-post-thumbnail","7":"category-montpellier","8":"tag-actu","9":"tag-actualites","10":"tag-agriculture","11":"tag-economie","12":"tag-environnement","13":"tag-eu","14":"tag-europe","15":"tag-fr","16":"tag-france","17":"tag-immobilier","18":"tag-montpellier","19":"tag-news","20":"tag-occitanie","21":"tag-republique-francaise"},"share_on_mastodon":{"url":"https:\/\/pubeurope.com\/@fr\/115111145261381960","error":""},"_links":{"self":[{"href":"https:\/\/www.europesays.com\/fr\/wp-json\/wp\/v2\/posts\/351699","targetHints":{"allow":["GET"]}}],"collection":[{"href":"https:\/\/www.europesays.com\/fr\/wp-json\/wp\/v2\/posts"}],"about":[{"href":"https:\/\/www.europesays.com\/fr\/wp-json\/wp\/v2\/types\/post"}],"author":[{"embeddable":true,"href":"https:\/\/www.europesays.com\/fr\/wp-json\/wp\/v2\/users\/2"}],"replies":[{"embeddable":true,"href":"https:\/\/www.europesays.com\/fr\/wp-json\/wp\/v2\/comments?post=351699"}],"version-history":[{"count":0,"href":"https:\/\/www.europesays.com\/fr\/wp-json\/wp\/v2\/posts\/351699\/revisions"}],"wp:featuredmedia":[{"embeddable":true,"href":"https:\/\/www.europesays.com\/fr\/wp-json\/wp\/v2\/media\/351700"}],"wp:attachment":[{"href":"https:\/\/www.europesays.com\/fr\/wp-json\/wp\/v2\/media?parent=351699"}],"wp:term":[{"taxonomy":"category","embeddable":true,"href":"https:\/\/www.europesays.com\/fr\/wp-json\/wp\/v2\/categories?post=351699"},{"taxonomy":"post_tag","embeddable":true,"href":"https:\/\/www.europesays.com\/fr\/wp-json\/wp\/v2\/tags?post=351699"}],"curies":[{"name":"wp","href":"https:\/\/api.w.org\/{rel}","templated":true}]}}