{"id":351701,"date":"2025-08-29T08:37:17","date_gmt":"2025-08-29T08:37:17","guid":{"rendered":"https:\/\/www.europesays.com\/fr\/351701\/"},"modified":"2025-08-29T08:37:17","modified_gmt":"2025-08-29T08:37:17","slug":"solitaire-du-figaro-2025-rouen-village-depart-un-veritable-coup-de-coeur-selon-le-directeur-de-course","status":"publish","type":"post","link":"https:\/\/www.europesays.com\/fr\/351701\/","title":{"rendered":"Solitaire du Figaro 2025 : Rouen, village d\u00e9part, \u00ab\u00a0un v\u00e9ritable coup de c\u0153ur\u00a0\u00bb, selon le directeur de course"},"content":{"rendered":"<p>\u00ab\u00a0Ici naissent les l\u00e9gendes\u00a0\u00bb, voici le slogan de la Solitaire du Figaro dont le village d\u00e9part ouvre ce samedi \u00e0 Rouen, pour la deuxi\u00e8me fois en deux ans.<br \/>\nLe directeur de course, Yann Ch\u00e2teau, est l&rsquo;invit\u00e9 de ICI Normandie, ce vendredi 29 ao\u00fbt.<\/p>\n<p>L&rsquo;ouverture du village d\u00e9part de la Solitaire du Figaro \u00e0 Rouen approche \u00e0 grands pas\u00a0: c&rsquo;est ce samedi 30 ao\u00fbt 2025. 35 bateaux vont participer cette ann\u00e9e, avant le grand d\u00e9part dimanche 7 septembre depuis Le Havre. C&rsquo;est <strong>la deuxi\u00e8me fois que la course de voile s&rsquo;\u00e9lance depuis Rouen<\/strong>. \u00ab\u00a0Rouen, c&rsquo;est forc\u00e9ment un coup de c\u0153ur, j&rsquo;y suis n\u00e9, j&rsquo;ai fait mes \u00e9tudes\u00a0\u00bb, r\u00e9agit sur ICI Normandie, Yann Ch\u00e2teau, le directeur de course, invit\u00e9 ce vendredi 29 ao\u00fbt. Un choix assez inhabituel, <strong>d&rsquo;habitude, la Solitaire varie ses choix de d\u00e9part<\/strong>. \u00ab\u00a0Effectivement, c&rsquo;est une course itin\u00e9rante, donc les villes changent \u00e0 chaque \u00e9dition et pour cette ann\u00e9e, nous sommes rest\u00e9s avec la belle ville de Rouen, en raison de l&rsquo;accueil\u00a0 du public rouennais et de pouvoir voir les bateaux au c\u0153ur d&rsquo;une grande ville, c&rsquo;est quelque chose de tr\u00e8s positif\u00a0\u00bb, explique Yann Ch\u00e2teau.<\/p>\n<p>La Normandie offre un \u00ab\u00a0terrain de jeu tr\u00e8s int\u00e9ressant, avec ses vents et ses courants, notamment sur la pointe du Cotentin. C&rsquo;est un terrain exigeant, qui offre souvent de bons rebondissements sur l&rsquo;eau.\u00a0\u00bb Et <strong>l&rsquo;id\u00e9e du parcours, en trois \u00e9tapes<\/strong>, Le Havre-Morlaix, en passant par un d\u00e9tour sur la pointe sud-ouest de l&rsquo;Irlande, et une arriv\u00e9e \u00e0 Saint-Vaast La Hougue dans la Manche, \u00ab\u00a0c&rsquo;est d&rsquo;offrir une course vraiment compl\u00e8te, diversifi\u00e9e et exigeante, avec de\u00a0 la haute mer, une partie un peu c\u00f4ti\u00e8re, avec des effets de courants et la possibilit\u00e9 d&rsquo;une strat\u00e9gie de m\u00e9t\u00e9o.\u00a0\u00bb<\/p>\n<p>La <strong>plupart des stars de la voile sont pass\u00e9es par la Solitaire<\/strong>\u00a0: Jean Le Cam, Armel Le Cl\u00e9a&rsquo;ch, Michel Desjoyeaux, Fran\u00e7ois Gabart, Charlie Dalin. \u00ab\u00a0C&rsquo;est une course qui est effectivement tr\u00e8s exigeante et surtout ce qui change par rapport \u00e0 quasiment toutes les autres courses au large, c&rsquo;est que les marins \u00e9voluent sur des Figaro Beneteau 3 qui sont tous issus du m\u00eame moule. Ce sont tous les m\u00eames bateaux. Et quand tout le monde a le m\u00eame bateau, c&rsquo;est bien le marin qui fait la diff\u00e9rence. Et donc il faut bien se surpasser et \u00eatre tr\u00e8s fort pour pouvoir briller sur la Solitaire.\u00a0\u00bb <strong>Trois Normands sont en lice<\/strong>, et particuli\u00e8rement \u00e0 suivre\u00a0:\u00a0Jules Ducelier (R\u00e9gion Normandie, licenci\u00e9 au Havre), Alexis Loison (R\u00e9el, natif de Rouen) qui participe pour la 19e fois et Yvon Larnicol (Auray-Quiberon, originaire de Dieppe).<\/p>\n<p>\u00c0 lire aussi   <img decoding=\"async\" src=\"https:\/\/www.europesays.com\/fr\/wp-content\/uploads\/2025\/08\/1756456637_432_200x200\" alt=\"Le village d\u00e9part \u00e0 Rouen en 2024\" style=\"--_image-preview:url('data:image\/jpeg;base64,\/9j\/2wBDACgcHiMeGSgjISMtKygwPGRBPDc3PHtYXUlkkYCZlo+AjIqgtObDoKrarYqMyP\/L2u71\/\/\/\/m8H\/\/\/\/6\/+b9\/\/j\/2wBDASstLTw1PHZBQXb4pYyl+Pj4+Pj4+Pj4+Pj4+Pj4+Pj4+Pj4+Pj4+Pj4+Pj4+Pj4+Pj4+Pj4+Pj4+Pj4+Pj4+Pj\/wAARCAAqACoDASIAAhEBAxEB\/8QAGAABAQEBAQAAAAAAAAAAAAAAAgEAAwT\/xAAXEAEBAQEAAAAAAAAAAAAAAAAAARES\/8QAFQEBAQAAAAAAAAAAAAAAAAAAAAH\/xAAUEQEAAAAAAAAAAAAAAAAAAAAA\/9oADAMBAAIRAxEAPwD0dJ0Ojain03Tnamg6dN0562gdGnQoo1GqaCto62iO9oWlQoo2jatCg1qdJREf\/9k=');\" loading=\"lazy\" fetchpriority=\"low\" aria-hidden=\"true\" class=\"svelte-1pnmlwx rounded\" onload=\"this.__e=event\" onerror=\"this.__e=event\"\/><\/p>\n","protected":false},"excerpt":{"rendered":"\u00ab\u00a0Ici naissent les l\u00e9gendes\u00a0\u00bb, voici le slogan de la Solitaire du Figaro dont le village d\u00e9part ouvre ce&hellip;\n","protected":false},"author":2,"featured_media":351702,"comment_status":"","ping_status":"","sticky":false,"template":"","format":"standard","meta":{"footnotes":""},"categories":[9587],"tags":[1111,11,1777,674,1011,27,12,5161,25,9590],"class_list":{"0":"post-351701","1":"post","2":"type-post","3":"status-publish","4":"format-standard","5":"has-post-thumbnail","7":"category-rouen","8":"tag-actu","9":"tag-actualites","10":"tag-eu","11":"tag-europe","12":"tag-fr","13":"tag-france","14":"tag-news","15":"tag-normandie","16":"tag-republique-francaise","17":"tag-rouen"},"share_on_mastodon":{"url":"https:\/\/pubeurope.com\/@fr\/115111149151576656","error":""},"_links":{"self":[{"href":"https:\/\/www.europesays.com\/fr\/wp-json\/wp\/v2\/posts\/351701","targetHints":{"allow":["GET"]}}],"collection":[{"href":"https:\/\/www.europesays.com\/fr\/wp-json\/wp\/v2\/posts"}],"about":[{"href":"https:\/\/www.europesays.com\/fr\/wp-json\/wp\/v2\/types\/post"}],"author":[{"embeddable":true,"href":"https:\/\/www.europesays.com\/fr\/wp-json\/wp\/v2\/users\/2"}],"replies":[{"embeddable":true,"href":"https:\/\/www.europesays.com\/fr\/wp-json\/wp\/v2\/comments?post=351701"}],"version-history":[{"count":0,"href":"https:\/\/www.europesays.com\/fr\/wp-json\/wp\/v2\/posts\/351701\/revisions"}],"wp:featuredmedia":[{"embeddable":true,"href":"https:\/\/www.europesays.com\/fr\/wp-json\/wp\/v2\/media\/351702"}],"wp:attachment":[{"href":"https:\/\/www.europesays.com\/fr\/wp-json\/wp\/v2\/media?parent=351701"}],"wp:term":[{"taxonomy":"category","embeddable":true,"href":"https:\/\/www.europesays.com\/fr\/wp-json\/wp\/v2\/categories?post=351701"},{"taxonomy":"post_tag","embeddable":true,"href":"https:\/\/www.europesays.com\/fr\/wp-json\/wp\/v2\/tags?post=351701"}],"curies":[{"name":"wp","href":"https:\/\/api.w.org\/{rel}","templated":true}]}}