{"id":351703,"date":"2025-08-29T08:38:42","date_gmt":"2025-08-29T08:38:42","guid":{"rendered":"https:\/\/www.europesays.com\/fr\/351703\/"},"modified":"2025-08-29T08:38:42","modified_gmt":"2025-08-29T08:38:42","slug":"fc-rouen-courtet-titulaire-la-compo-probable-de-stephane-moulin","status":"publish","type":"post","link":"https:\/\/www.europesays.com\/fr\/351703\/","title":{"rendered":"FC Rouen : Courtet titulaire ? La compo probable de St\u00e9phane Moulin"},"content":{"rendered":"<p>Avec des retours de blessure et un renfort offensif, le VAFC pourrait bien afficher un nouveau visage contre le FC Rouen. D\u00e9couvrez la composition probable de St\u00e9phane Moulin pour ce match comptant pour la quatri\u00e8me journ\u00e9e de National.<\/p>\n<p>Du changement dans toutes les lignes<\/p>\n<p>Tr\u00e8s d\u00e9\u00e7u par le comportement son \u00e9quipe \u00e0 Orl\u00e9ans, St\u00e9phane Moulin a reconnu que cela allait tr\u00e8s probablement se traduire par des changements pour la r\u00e9ception du FC Rouen. \u00ab\u00a0Pour qu\u2019un groupe vive, il faut de la concurrence. Pour qu\u2019elle soit l\u00e0, il faut s\u2019en servir. On ne peut pas remettre en question un joueur \u00e0 chaque match, ce n\u2019est pas l\u2019id\u00e9e, Mais quand \u00e7a se r\u00e9p\u00e8te, que \u00e7a ne marche pas, il faut trouver d\u2019autres options. Mon r\u00f4le est proposer autre chose.\u00a0\u00bb<\/p>\n<p>De retour dans le groupe, <strong>Ga\u00ebtan Courtet <\/strong>peut-il \u00eatre imm\u00e9diatement propuls\u00e9 titulaire, histoire d\u2019\u00e9pauler un Samy Baghdadi parfois trop isol\u00e9 depuis le d\u00e9but de saison ? D\u00e9fensivement,<strong> Lo\u00efck Landre<\/strong> pourrait \u00e9galement \u00eatre une option. Les deux hommes viennent en tout cas donner un peu plus de contenance au groupe valenciennois. Dans l\u2019entrejeu, la question se pose dans l\u2019entrejeu avec un Sambou Sissoko absent.<\/p>\n<p><strong>A lire aussi <\/strong>&gt;&gt; <a href=\"https:\/\/le11hdf.fr\/orleans-vafc-chaine-voir-match-national\/\" rel=\"nofollow noopener\" target=\"_blank\">Orl\u00e9ans \u2013 VAFC : sur quelle cha\u00eene voir le match de National ?<\/a><\/p>\n<p><strong>VAFC<\/strong>\u00a0(4-2-3-1) : Louchet \u2013 A.Diomand\u00e9, Coeff, Thomas (c.), Abu \u2013 Roua\u00ef, K. Diomand\u00e9 \u2013 Appuah, Courtet, Ipi\u00e9l\u00e9 \u2013 Baghdadi<\/p>\n<p>Rempla\u00e7ants (\u00e0 choisir parmi) : Lacombe (g.) Landre, Koum, Boissier, El Hadary, Takaoka, Sissoko<\/p>\n<p>Absents : Belloumou (r\u00e9serve), Collet, Kouakou, Oyewusi, Wahib, Buades, Sissoko (choix)<\/p>\n<p>Entra\u00eeneur : St\u00e9phane Moulin<\/p>\n<p>Cr\u00e9dits photo : Maxime Le Pihif\/FEP\/<a href=\"http:\/\/iconsport.photo\" target=\"_blank\" rel=\"noopener nofollow\">Icon Sport<\/a><a target=\"_blank\" rel=\"noreferrer noopener\"\/><\/p>\n","protected":false},"excerpt":{"rendered":"Avec des retours de blessure et un renfort offensif, le VAFC pourrait bien afficher un nouveau visage contre&hellip;\n","protected":false},"author":2,"featured_media":351704,"comment_status":"","ping_status":"","sticky":false,"template":"","format":"standard","meta":{"footnotes":""},"categories":[9587],"tags":[1111,11,1777,674,1011,27,12,5161,25,9590],"class_list":{"0":"post-351703","1":"post","2":"type-post","3":"status-publish","4":"format-standard","5":"has-post-thumbnail","7":"category-rouen","8":"tag-actu","9":"tag-actualites","10":"tag-eu","11":"tag-europe","12":"tag-fr","13":"tag-france","14":"tag-news","15":"tag-normandie","16":"tag-republique-francaise","17":"tag-rouen"},"share_on_mastodon":{"url":"https:\/\/pubeurope.com\/@fr\/115111153067939556","error":""},"_links":{"self":[{"href":"https:\/\/www.europesays.com\/fr\/wp-json\/wp\/v2\/posts\/351703","targetHints":{"allow":["GET"]}}],"collection":[{"href":"https:\/\/www.europesays.com\/fr\/wp-json\/wp\/v2\/posts"}],"about":[{"href":"https:\/\/www.europesays.com\/fr\/wp-json\/wp\/v2\/types\/post"}],"author":[{"embeddable":true,"href":"https:\/\/www.europesays.com\/fr\/wp-json\/wp\/v2\/users\/2"}],"replies":[{"embeddable":true,"href":"https:\/\/www.europesays.com\/fr\/wp-json\/wp\/v2\/comments?post=351703"}],"version-history":[{"count":0,"href":"https:\/\/www.europesays.com\/fr\/wp-json\/wp\/v2\/posts\/351703\/revisions"}],"wp:featuredmedia":[{"embeddable":true,"href":"https:\/\/www.europesays.com\/fr\/wp-json\/wp\/v2\/media\/351704"}],"wp:attachment":[{"href":"https:\/\/www.europesays.com\/fr\/wp-json\/wp\/v2\/media?parent=351703"}],"wp:term":[{"taxonomy":"category","embeddable":true,"href":"https:\/\/www.europesays.com\/fr\/wp-json\/wp\/v2\/categories?post=351703"},{"taxonomy":"post_tag","embeddable":true,"href":"https:\/\/www.europesays.com\/fr\/wp-json\/wp\/v2\/tags?post=351703"}],"curies":[{"name":"wp","href":"https:\/\/api.w.org\/{rel}","templated":true}]}}