{"id":351705,"date":"2025-08-29T08:39:10","date_gmt":"2025-08-29T08:39:10","guid":{"rendered":"https:\/\/www.europesays.com\/fr\/351705\/"},"modified":"2025-08-29T08:39:10","modified_gmt":"2025-08-29T08:39:10","slug":"une-autre-vision-de-la-republique-face-au-repli-reactionnaire","status":"publish","type":"post","link":"https:\/\/www.europesays.com\/fr\/351705\/","title":{"rendered":"une autre vision de la R\u00e9publique face au repli r\u00e9actionnaire"},"content":{"rendered":"<p>\u00c0 Grenoble, nous faisons un choix clair et assum\u00e9 : celui de l\u2019hospitalit\u00e9.<\/p>\n<p>Alors que Bruno Retailleau et la droite r\u00e9actionnaire d\u00e9fendent une vision ferm\u00e9e de la R\u00e9publique, o\u00f9 l\u2019exclusion des personnes migrantes deviendrait la norme, notre majorit\u00e9 municipale affirme une autre ambition : une R\u00e9publique fid\u00e8le \u00e0 ses valeurs de libert\u00e9, d\u2019\u00e9galit\u00e9 et de fraternit\u00e9, o\u00f9 la dignit\u00e9 humaine est non n\u00e9gociable.<\/p>\n<p>Le rapport Grenoble, Terre d\u2019accueil en est la d\u00e9monstration concr\u00e8te. Il ne s\u2019agit pas d\u2019un catalogue de bonnes intentions, mais d\u2019un \u00e9tat des lieux solide et document\u00e9 de l\u2019ensemble des politiques que nous d\u00e9ployons pour r\u00e9pondre aux besoins des personnes en situation de migration, avec l\u2019appui du CCAS, des associations et des personnes concern\u00e9es.<\/p>\n<p><img fetchpriority=\"high\" decoding=\"async\" class=\"wp-image-5474 aligncenter\" src=\"data:image\/svg+xml,%3Csvg%20xmlns=\" http:=\"\" alt=\"\" width=\"1125\" height=\"465\" data-lazy- data-lazy- data-lazy-src=\"https:\/\/www.europesays.com\/fr\/wp-content\/uploads\/2025\/08\/IMG_20250827_175240_241-scaled-e1756394517744-300x124.jpg\"\/><\/p>\n<p><b>Un socle d\u2019hospitalit\u00e9 transversale<\/b><\/p>\n<p>Ce rapport montre comment Grenoble a choisi de placer l\u2019hospitalit\u00e9 au c\u0153ur de toutes ses politiques publiques.\u00a0<\/p>\n<p>La Ville est notamment actrice du dispositif Agora port\u00e9 par la M\u00e9tropole pour \u00e9couter, entendre et prendre en compte les besoins que soul\u00e8vent les personnes en situation d\u2019exil.<\/p>\n<p>Dans l\u2019\u00e9ducation, cela passe par la scolarisation syst\u00e9matique de tous les enfants, sans distinction de statut, l\u2019ouverture de classes allophones et un soutien renforc\u00e9 aux familles via les Maisons des Habitant-es. Dans la petite enfance, nos cr\u00e8ches accueillent de mani\u00e8re inconditionnelle plus de 2 400 enfants par an, avec des places r\u00e9serv\u00e9es pour les familles en insertion sociale ou professionnelle.<\/p>\n<p>En mati\u00e8re de logement, la Ville et le CCAS g\u00e8rent pr\u00e8s de 340 places d\u2019h\u00e9bergement d\u2019urgence dont certaines d\u00e9di\u00e9es aux femmes victimes de violences. Sous-financ\u00e9es par l\u2019\u00c9tat, la Ville, fid\u00e8le \u00e0 ses valeurs, pallie aux carences du Gouvernement en soutenant ses 340 places dont 100 places ont m\u00eame \u00e9t\u00e9 cr\u00e9\u00e9es par la majorit\u00e9 municipale gr\u00e2ce au bouclier social et climatique. \u00c0 cela s\u2019ajoute la mise \u00e0 disposition de b\u00e2timents municipaux \u00e0 des associations pour loger de jeunes personnes en situation de migration ou des familles d\u00e9plac\u00e9es, comme lors de l\u2019accueil des r\u00e9fugi\u00e9-es ukrainien-nes.<\/p>\n<p>Le rapport rappelle aussi nos efforts pour garantir l\u2019acc\u00e8s aux droits et \u00e0 l\u2019information : domiciliation administrative de plus de 4 500 personnes, caravane des droits qui a accompagn\u00e9 570 m\u00e9nages en 2024, site solidarites-grenoble.fr accessible en plusieurs langues, ateliers socio-linguistiques dans les Maisons des Habitant-es.<\/p>\n<p>Enfin, Grenoble met la sant\u00e9 et la culture au centre de son hospitalit\u00e9. Des s\u00e9ances th\u00e9rapeutiques sp\u00e9cialis\u00e9es pour les enfants exil\u00e9s sont propos\u00e9es via le Programme de R\u00e9ussite \u00c9ducative et des collections multilingues et activit\u00e9s interculturelles sont d\u00e9velopp\u00e9es dans nos biblioth\u00e8ques et cr\u00e8ches.<\/p>\n<p>\u00a0<\/p>\n<p><b>L\u00e0 o\u00f9 Retailleau ferme, nous ouvrons<\/b><\/p>\n<p>Face \u00e0 cela, que propose Bruno Retailleau ? La r\u00e9duction des droits sociaux, la remise en cause de l\u2019aide m\u00e9dicale d\u2019\u00c9tat, la stigmatisation des familles \u00e9trang\u00e8res, le tri permanent entre \u00ab bons \u00bb et \u00ab mauvais \u00bb migrant-es. Une vision \u00e9triqu\u00e9e et punitive, qui fracture notre R\u00e9publique et nie son histoire.<\/p>\n<p>\u00c0 Grenoble, nous affirmons l\u2019inverse : il n\u2019y a pas de coh\u00e9sion sociale sans justice, pas de vivre-ensemble sans accueil digne, pas de paix sans reconnaissance de la dignit\u00e9 de l\u2019autre. L\u00e0 o\u00f9 Retailleau brandit l\u2019exclusion comme horizon politique, nous faisons de l\u2019inclusion une r\u00e9alit\u00e9 quotidienne et inconditionnelle.<\/p>\n<p><img loading=\"lazy\" decoding=\"async\" class=\" wp-image-5472 aligncenter\" src=\"data:image\/svg+xml,%3Csvg%20xmlns=\" http:=\"\" alt=\"\" width=\"561\" height=\"316\" data-lazy- data-lazy- data-lazy-src=\"https:\/\/www.europesays.com\/fr\/wp-content\/uploads\/2025\/08\/photo_9_2025-08-28_17-18-28-300x169.jpg\"\/><\/p>\n<p><b>Une R\u00e9publique vivante et fid\u00e8le \u00e0 ses valeurs<\/b><\/p>\n<p>Ce rapport est \u00e0 la fois un manifeste et une feuille de route. Il prouve que l\u2019hospitalit\u00e9 n\u2019est pas un slogan, mais une politique publique transversale, durable et exemplaire. Il d\u00e9montre qu\u2019une ville peut, m\u00eame dans un contexte de contraintes budg\u00e9taires, rester fid\u00e8le \u00e0 l\u2019id\u00e9al r\u00e9publicain du service public pour tous-tes.<\/p>\n<p>Nous en sommes fier-es. Et nous appelons toutes celles et ceux qui croient en une R\u00e9publique vivante et fraternelle \u00e0 r\u00e9sister aux discours de peur et \u00e0 poursuivre avec nous le chemin de l\u2019hospitalit\u00e9 et du faire commun.<\/p>\n<p>\u00a0<\/p>\n<p>\u00a0<\/p>\n","protected":false},"excerpt":{"rendered":"\u00c0 Grenoble, nous faisons un choix clair et assum\u00e9 : celui de l\u2019hospitalit\u00e9. Alors que Bruno Retailleau et&hellip;\n","protected":false},"author":2,"featured_media":351706,"comment_status":"","ping_status":"","sticky":false,"template":"","format":"standard","meta":{"footnotes":""},"categories":[9566],"tags":[1111,11,2430,1777,674,1011,27,2731,12,25],"class_list":{"0":"post-351705","1":"post","2":"type-post","3":"status-publish","4":"format-standard","5":"has-post-thumbnail","7":"category-grenoble","8":"tag-actu","9":"tag-actualites","10":"tag-auvergne-rhone-alpes","11":"tag-eu","12":"tag-europe","13":"tag-fr","14":"tag-france","15":"tag-grenoble","16":"tag-news","17":"tag-republique-francaise"},"share_on_mastodon":{"url":"https:\/\/pubeurope.com\/@fr\/115111157001656697","error":""},"_links":{"self":[{"href":"https:\/\/www.europesays.com\/fr\/wp-json\/wp\/v2\/posts\/351705","targetHints":{"allow":["GET"]}}],"collection":[{"href":"https:\/\/www.europesays.com\/fr\/wp-json\/wp\/v2\/posts"}],"about":[{"href":"https:\/\/www.europesays.com\/fr\/wp-json\/wp\/v2\/types\/post"}],"author":[{"embeddable":true,"href":"https:\/\/www.europesays.com\/fr\/wp-json\/wp\/v2\/users\/2"}],"replies":[{"embeddable":true,"href":"https:\/\/www.europesays.com\/fr\/wp-json\/wp\/v2\/comments?post=351705"}],"version-history":[{"count":0,"href":"https:\/\/www.europesays.com\/fr\/wp-json\/wp\/v2\/posts\/351705\/revisions"}],"wp:featuredmedia":[{"embeddable":true,"href":"https:\/\/www.europesays.com\/fr\/wp-json\/wp\/v2\/media\/351706"}],"wp:attachment":[{"href":"https:\/\/www.europesays.com\/fr\/wp-json\/wp\/v2\/media?parent=351705"}],"wp:term":[{"taxonomy":"category","embeddable":true,"href":"https:\/\/www.europesays.com\/fr\/wp-json\/wp\/v2\/categories?post=351705"},{"taxonomy":"post_tag","embeddable":true,"href":"https:\/\/www.europesays.com\/fr\/wp-json\/wp\/v2\/tags?post=351705"}],"curies":[{"name":"wp","href":"https:\/\/api.w.org\/{rel}","templated":true}]}}