{"id":351707,"date":"2025-08-29T08:40:17","date_gmt":"2025-08-29T08:40:17","guid":{"rendered":"https:\/\/www.europesays.com\/fr\/351707\/"},"modified":"2025-08-29T08:40:17","modified_gmt":"2025-08-29T08:40:17","slug":"oyonnax-rugby-veut-redorer-le-blason-face-a-grenoble-pour-son-retour-a-mathon-la-voix-de-lain","status":"publish","type":"post","link":"https:\/\/www.europesays.com\/fr\/351707\/","title":{"rendered":"Oyonnax Rugby veut \u201credorer le blason\u201d face \u00e0 Grenoble pour son retour \u00e0 Mathon \u2022 La Voix de l&rsquo;Ain"},"content":{"rendered":"<p>Justin Bouraux et l&rsquo;US Oyonnax entament la nouvel saison de Pro D2 par la r\u00e9ception de Grenoble. &#8211; Photo : Archives JF. Basset.<\/p>\n<p>\n\t\t\t\t\t\t\t\tOyonnax Rugby entame ce vendredi soir sa saison de Pro D2 par la r\u00e9ception de Grenoble au stade Charles-Mathon (21 h). Un derby prometteur et all\u00e9chant pour lancer ce nouvel exercice et repartir sur de bonnes bases.\n\t\t\t\t\t\t\t<\/p>\n<p>\n\t\t\t\t\t\t\t\tLe bruit de la sir\u00e8ne, l&rsquo;impact des plaquages, des m\u00eal\u00e9es toutes aussi disput\u00e9es les unes que les autres ou encore l&rsquo;adresse entre les poteaux&#8230; \u00c0 Charles-Mathon, le rugby fait enfin\u2026\n\t\t\t\t\t\t\t<\/p>\n","protected":false},"excerpt":{"rendered":"Justin Bouraux et l&rsquo;US Oyonnax entament la nouvel saison de Pro D2 par la r\u00e9ception de Grenoble. &#8211;&hellip;\n","protected":false},"author":2,"featured_media":351708,"comment_status":"","ping_status":"","sticky":false,"template":"","format":"standard","meta":{"footnotes":""},"categories":[9566],"tags":[1111,11,2430,1777,674,1011,27,2731,12,25],"class_list":{"0":"post-351707","1":"post","2":"type-post","3":"status-publish","4":"format-standard","5":"has-post-thumbnail","7":"category-grenoble","8":"tag-actu","9":"tag-actualites","10":"tag-auvergne-rhone-alpes","11":"tag-eu","12":"tag-europe","13":"tag-fr","14":"tag-france","15":"tag-grenoble","16":"tag-news","17":"tag-republique-francaise"},"share_on_mastodon":{"url":"https:\/\/pubeurope.com\/@fr\/115111160963106743","error":""},"_links":{"self":[{"href":"https:\/\/www.europesays.com\/fr\/wp-json\/wp\/v2\/posts\/351707","targetHints":{"allow":["GET"]}}],"collection":[{"href":"https:\/\/www.europesays.com\/fr\/wp-json\/wp\/v2\/posts"}],"about":[{"href":"https:\/\/www.europesays.com\/fr\/wp-json\/wp\/v2\/types\/post"}],"author":[{"embeddable":true,"href":"https:\/\/www.europesays.com\/fr\/wp-json\/wp\/v2\/users\/2"}],"replies":[{"embeddable":true,"href":"https:\/\/www.europesays.com\/fr\/wp-json\/wp\/v2\/comments?post=351707"}],"version-history":[{"count":0,"href":"https:\/\/www.europesays.com\/fr\/wp-json\/wp\/v2\/posts\/351707\/revisions"}],"wp:featuredmedia":[{"embeddable":true,"href":"https:\/\/www.europesays.com\/fr\/wp-json\/wp\/v2\/media\/351708"}],"wp:attachment":[{"href":"https:\/\/www.europesays.com\/fr\/wp-json\/wp\/v2\/media?parent=351707"}],"wp:term":[{"taxonomy":"category","embeddable":true,"href":"https:\/\/www.europesays.com\/fr\/wp-json\/wp\/v2\/categories?post=351707"},{"taxonomy":"post_tag","embeddable":true,"href":"https:\/\/www.europesays.com\/fr\/wp-json\/wp\/v2\/tags?post=351707"}],"curies":[{"name":"wp","href":"https:\/\/api.w.org\/{rel}","templated":true}]}}