{"id":351715,"date":"2025-08-29T08:48:11","date_gmt":"2025-08-29T08:48:11","guid":{"rendered":"https:\/\/www.europesays.com\/fr\/351715\/"},"modified":"2025-08-29T08:48:11","modified_gmt":"2025-08-29T08:48:11","slug":"le-pire-et-le-meilleur-tirage-pour-strasbourg-en-ligue-conference","status":"publish","type":"post","link":"https:\/\/www.europesays.com\/fr\/351715\/","title":{"rendered":"Le pire et le meilleur tirage pour Strasbourg en Ligue Conf\u00e9rence"},"content":{"rendered":"<p>La composition compl\u00e8te des chapeaux de la Ligue Conf\u00e9rence<\/p>\n<p><b>Chapeau 1 :<\/b> Fiorentina, AZ\u00a0Alkmaar, Shakhtar\u00a0Donetsk, Slovan\u00a0Bratislava, SK\u00a0Rapid, Legia\u00a0Warszawa<br \/><b>Chapeau 2 :<\/b> Sparta Praha, Dynamo Kyiv, Crystal Palace, Lech Poznan, Rayo Vallecano, Shamrock Rovers<br \/><b>Chapeau 3 :<\/b> Omonoia, Mainz, <b>Strasbourg<\/b>, Jagiellonia Bialystok, Celje, Rijeka<br \/><b>Chapeau 4 :<\/b> Zrinjski, Lincoln Red Imps, KuPS Kuopio, AEK Athens, Aberdeen, Drita<br \/><b>Chapeau 5 :<\/b> Breioablik, Sigma Olomouc, Samsunspor, Rakow, AEK Larnaca, Shk\u00ebndija<br \/><b>Chapeau 6 : <\/b>H\u00e4cken, Lausanne-Sport, Universitatea Craiova, Hamrun Spartans, Noah, Shelbourne<\/p>\n","protected":false},"excerpt":{"rendered":"La composition compl\u00e8te des chapeaux de la Ligue Conf\u00e9rence Chapeau 1 : Fiorentina, AZ\u00a0Alkmaar, Shakhtar\u00a0Donetsk, Slovan\u00a0Bratislava, SK\u00a0Rapid, Legia\u00a0WarszawaChapeau&hellip;\n","protected":false},"author":2,"featured_media":351716,"comment_status":"","ping_status":"","sticky":false,"template":"","format":"standard","meta":{"footnotes":""},"categories":[2820],"tags":[1111,11,1777,674,1011,27,775,12,25,640],"class_list":{"0":"post-351715","1":"post","2":"type-post","3":"status-publish","4":"format-standard","5":"has-post-thumbnail","7":"category-strasbourg","8":"tag-actu","9":"tag-actualites","10":"tag-eu","11":"tag-europe","12":"tag-fr","13":"tag-france","14":"tag-grand-est","15":"tag-news","16":"tag-republique-francaise","17":"tag-strasbourg"},"share_on_mastodon":{"url":"https:\/\/pubeurope.com\/@fr\/115111192334175342","error":""},"_links":{"self":[{"href":"https:\/\/www.europesays.com\/fr\/wp-json\/wp\/v2\/posts\/351715","targetHints":{"allow":["GET"]}}],"collection":[{"href":"https:\/\/www.europesays.com\/fr\/wp-json\/wp\/v2\/posts"}],"about":[{"href":"https:\/\/www.europesays.com\/fr\/wp-json\/wp\/v2\/types\/post"}],"author":[{"embeddable":true,"href":"https:\/\/www.europesays.com\/fr\/wp-json\/wp\/v2\/users\/2"}],"replies":[{"embeddable":true,"href":"https:\/\/www.europesays.com\/fr\/wp-json\/wp\/v2\/comments?post=351715"}],"version-history":[{"count":0,"href":"https:\/\/www.europesays.com\/fr\/wp-json\/wp\/v2\/posts\/351715\/revisions"}],"wp:featuredmedia":[{"embeddable":true,"href":"https:\/\/www.europesays.com\/fr\/wp-json\/wp\/v2\/media\/351716"}],"wp:attachment":[{"href":"https:\/\/www.europesays.com\/fr\/wp-json\/wp\/v2\/media?parent=351715"}],"wp:term":[{"taxonomy":"category","embeddable":true,"href":"https:\/\/www.europesays.com\/fr\/wp-json\/wp\/v2\/categories?post=351715"},{"taxonomy":"post_tag","embeddable":true,"href":"https:\/\/www.europesays.com\/fr\/wp-json\/wp\/v2\/tags?post=351715"}],"curies":[{"name":"wp","href":"https:\/\/api.w.org\/{rel}","templated":true}]}}