{"id":351717,"date":"2025-08-29T08:54:13","date_gmt":"2025-08-29T08:54:13","guid":{"rendered":"https:\/\/www.europesays.com\/fr\/351717\/"},"modified":"2025-08-29T08:54:13","modified_gmt":"2025-08-29T08:54:13","slug":"ocean-race-europe-a-nice-odyssee-ultim-a-antibes-la-mediterranee-nouveau-terrain-de-jeu-de-la-course-au-large","status":"publish","type":"post","link":"https:\/\/www.europesays.com\/fr\/351717\/","title":{"rendered":"Ocean Race Europe \u00e0 Nice, Odyss\u00e9e Ultim \u00e0 Antibes&#8230; La M\u00e9diterran\u00e9e, nouveau terrain de jeu de la course au large"},"content":{"rendered":"<p class=\"article__intro\">La troisi\u00e8me \u00e9tape de The Ocean Race Europe arrive \u00e0 Nice ce vendredi. Une nouvelle course de maxi-trimarans partira d&rsquo;Antibes le 28 avril 2026. L&rsquo;Odyss\u00e9e Ultim, boucle de 2000 milles nautiques en M\u00e9diterran\u00e9e, conduira ces g\u00e9ants des mers jusqu&rsquo;en Gr\u00e8ce. Ce nouveau rendez-vous illustre l&rsquo;attrait grandissant de la Mare Nostrum pour la course au large, traditionnellement plus tourn\u00e9e vers l&rsquo;Atlantique.<\/p>\n<p>\n      L\u2019actu des r\u00e9gions\n    <\/p>\n<p>\n      Chaque jour, un tour d\u2019horizon des principales infos de toutes les r\u00e9gions.\n    <\/p>\n<p>    France T\u00e9l\u00e9visions utilise votre adresse e-mail afin de vous envoyer la newsletter \u00ab\u00a0L\u2019actu des r\u00e9gions\u00a0\u00bb. Vous pouvez vous d\u00e9sinscrire \u00e0 tout moment via le lien en bas de cette newsletter. <a target=\"_blank\" href=\"https:\/\/www.francetelevisions.fr\/groupe\/confidentialite\/politique-de-confidentialite\/politique-de-confidentialite-de-france-televisions-6503\" rel=\"nofollow noopener\">Notre politique de confidentialit\u00e9<\/a><\/p>\n<p>Apr\u00e8s deux victoires en autant d&rsquo;\u00e9tapes, l&rsquo;\u00e9quipage de Biotherm, emmen\u00e9 par le skipper Paul Meilhat, a pris le meilleur d\u00e9part \u00e0 Carthag\u00e8ne (Espagne) ce mardi, pour la troisi\u00e8me \u00e9tape de <a href=\"https:\/\/www.theoceanrace.com\/en\/therace\/343_What-is-The-Ocean-Race\" target=\"_blank\" rel=\"noopener nofollow\">The Ocean Race Europe<\/a> qui doit arriver \u00e0 Nice ce vendredi.<br \/>Partis au pr\u00e8s, c&rsquo;est-\u00e0-dire avec un vent venant de l&rsquo;avant du bateau, et dans des conditions relativement engag\u00e9es (13 \u00e0 15 noeuds de vent), les sept voiliers ont pris la direction \u00e0 partir de 15h10 d&rsquo;une marque de passage au sud-est de l&rsquo;Espagne.<\/p>\n<p>Cette deuxi\u00e8me \u00e9dition de The Ocean Race Europe, qui se court sur des bateaux de la classe IMOCA &#8211; celle du Vend\u00e9e Globe &#8211; se dispute en cinq \u00e9tapes jusqu&rsquo;\u00e0 Kotor, au Mont\u00e9n\u00e9gro.<br \/>Au classement g\u00e9n\u00e9ral, Meilhat est en t\u00eate apr\u00e8s deux \u00e9tapes, devant <a href=\"https:\/\/france3-regions.franceinfo.fr\/provence-alpes-cote-d-azur\/var\/frejus-et-saint-raphael\/vendee-globe-yoann-richomme-sur-la-deuxieme-place-du-podium-retour-sur-ses-exploits-et-les-moments-forts-de-sa-course-3091048.html\" target=\"_blank\" rel=\"noopener nofollow\">le voilier du Varois Yoann Richomme (Paprec Arkea) <\/a>et celui de <a href=\"https:\/\/france3-regions.franceinfo.fr\/provence-alpes-cote-d-azur\/alpes-maritimes\/boris-herrmann-termine-le-vendee-globe-a-la-12-place-apres-80-jours-en-mer-au-bout-de-l-effort-et-au-bout-de-lui-meme-3099865.html\" target=\"_blank\" rel=\"noopener nofollow\">l&rsquo;Allemand Boris Herrmann (Malizia) du Yacht-Club de Monaco.<\/a><\/p>\n<\/p>\n<p>Ce dimanche, ne manquez pas le grand d\u00e9part de la quatri\u00e8me \u00e9tape vers G\u00eanes puis la baie de Kotor, au Mont\u00e9n\u00e9gro.<\/p>\n<p>Il y a presque un an, les g\u00e9ants des mers se sont invit\u00e9s sur la C\u00f4te d&rsquo;Azur. Sixi\u00e8me et derni\u00e8re \u00e9preuve de l\u2019ann\u00e9e 2024 produite par Ultim Sailing la course \u00ab\u00a0Finist\u00e8re Atlantique\u00a0\u00bb avait quitt\u00e9 Concarneau en Bretagne pour rallier Antibes.<\/p>\n<p>Cinq Ultim et leurs \u00e9quipages \u00e9taient engag\u00e9s dans cette 2\u1d49 \u00e9dition. Le spectacle \u00e9tait majestueux !<\/p>\n<p><a data-article-figure=\"\" href=\"https:\/\/france3-regions.franceinfo.fr\/image\/LfxoEZ9SgB9Rdl64Hf_IzArqquk\/4032x3024\/regions\/2024\/10\/04\/whatsapp-image-2024-10-04-at-09-05-31-66ffba107acb9440726594.jpeg\" data-pswp-width=\"4032\" data-pswp-height=\"3024\" target=\"_blank\" rel=\"nofollow noopener\"><\/p>\n<p>          <img width=\"600\" height=\"400\" class=\"article-image lazy\" data-src=\"https:\/\/www.europesays.com\/fr\/wp-content\/uploads\/2025\/08\/whatsapp-image-2024-10-04-at-09-05-31-66ffba107acb9440726594.jpeg\" alt=\"L'objectif pour les \u00e9quipages de trois de ces g\u00e9ants des mers - Sodebo, SVR Lazartigue et le Maxi Edmond de Rothschild - \u00e9tait de pr\u00e9parer leurs tentatives de Troph\u00e9e Jules Verne pr\u00e9vues cet hiver. Tous les Ultim sont \u00e0 admirer sur les quais du Port Vauban \u00e0 Antibes :\" fetchpriority=\"high\" as=\"image\"\/><\/p>\n<p>\n            L&rsquo;objectif pour les \u00e9quipages de trois de ces g\u00e9ants des mers &#8211; Sodebo, SVR Lazartigue et le Maxi Edmond de Rothschild &#8211; \u00e9tait de pr\u00e9parer leurs tentatives de Troph\u00e9e Jules Verne pr\u00e9vues cet hiver. Tous les Ultim sont \u00e0 admirer sur les quais du Port Vauban \u00e0 Antibes :<br \/>\n                           \u2022<br \/>\n                                      \u00a9 Anne Le Hars FTV\n                      <\/p>\n<p><\/a><\/p>\n<p>Dans les starting-blocks depuis cette Finist\u00e8re Atlantique 2024, Antibes a officialis\u00e9 sa place de premier plan dans le calendrier des courses oc\u00e9aniques. La cit\u00e9 des Remparts sera le point de d\u00e9part, le 29 avril prochain, d&rsquo;une aventure in\u00e9dite pour les plus grands multicoques de course au large <a href=\"https:\/\/odyssee-ultim.com\/\" target=\"_blank\" rel=\"noopener nofollow\">: l&rsquo;Odyss\u00e9e Ultim.<\/a><\/p>\n<p>\u00ab\u00a0Apr\u00e8s les transatlantiques et le tour du monde, on est heureux aujourd&rsquo;hui d&rsquo;avoir un parcours \u00e0 la hauteur de nos bateaux en M\u00e9diterran\u00e9e\u00a0\u00bb, s&rsquo;\u00e9tait f\u00e9licit\u00e9 Samuel Tual, pr\u00e9sident d&rsquo;Actual et de la classe Ultim, lors d&rsquo;un point presse annon\u00e7ant l&rsquo;\u00e9v\u00e9nement.<\/p>\n<\/p>\n<p>Cette course de 2\u00a0000 milles nautiques verra cinq maxi-trimarans \u2013 Banque Populaire, Sodebo, Maxi Edmond de Rothschild, Actual et SVR-Lazartigue \u2013 s&rsquo;\u00e9lancer sur un parcours mythologique. Ces v\u00e9ritables Formule 1 des mers, mesurant 32 m\u00e8tres de long pour 23 m\u00e8tres de large, devront aller chercher une bou\u00e9e au large d&rsquo;Olympie, en Gr\u00e8ce, avant de revenir \u00e0 leur port de d\u00e9part.<\/p>\n<p>\u00ab\u00a0La M\u00e9diterran\u00e9e sera un terrain de jeu exceptionnel\u00a0\u00bb, a promis Patrick Gilliot, cofondateur de CapMed, l&rsquo;organisateur de la course, faisant r\u00e9f\u00e9rence \u00e0 l&rsquo;arriv\u00e9e de la <a href=\"https:\/\/www.ultimsailing.com\/finistere-atlantique-challenge\/\" target=\"_blank\" rel=\"noopener nofollow\">Finist\u00e8re Atlantique<\/a> \u00e0 Antibes.<\/p>\n<p><a data-article-figure=\"\" href=\"https:\/\/france3-regions.franceinfo.fr\/image\/dC9r5Q9JB8KBWTBpHqo9Tz-VLCI\/3024x4032\/regions\/2025\/08\/29\/whatsapp-image-2025-08-29-at-08-47-42-68b1678e7997f041759694.jpg\" data-pswp-width=\"3024\" data-pswp-height=\"4032\" target=\"_blank\" rel=\"nofollow noopener\"><\/p>\n<p>          <img width=\"600\" height=\"400\" class=\"article-image lazy\" data-src=\"https:\/\/www.europesays.com\/fr\/wp-content\/uploads\/2025\/08\/whatsapp-image-2025-08-29-at-08-47-42-68b1678e7997f041759694.jpg\" alt=\"Il y a presque un an, les g\u00e9ants des mers se sont invit\u00e9s sur la C\u00f4te d'Azur. Sixi\u00e8me et derni\u00e8re \u00e9preuve de l\u2019ann\u00e9e 2024 produite par Ultim Sailing la course &quot;Finist\u00e8re Atlantique&quot; avait quitt\u00e9 Concarneau en Bretagne pour rallier Antibes.\" fetchpriority=\"high\" as=\"image\"\/><\/p>\n<p>\n            Il y a presque un an, les g\u00e9ants des mers se sont invit\u00e9s sur la C\u00f4te d&rsquo;Azur. Sixi\u00e8me et derni\u00e8re \u00e9preuve de l\u2019ann\u00e9e 2024 produite par Ultim Sailing la course \u00ab\u00a0Finist\u00e8re Atlantique\u00a0\u00bb avait quitt\u00e9 Concarneau en Bretagne pour rallier Antibes.<br \/>\n                           \u2022<br \/>\n                                      \u00a9 Anne Le Hars FTV\n                      <\/p>\n<p><\/a><\/p>\n<p>Cette nouvelle comp\u00e9tition confirme l&rsquo;int\u00e9r\u00eat croissant des organisateurs pour la <a href=\"https:\/\/france3-regions.franceinfo.fr\/nature\/mer\/mediterranee\" target=\"_blank\" rel=\"noopener nofollow\">mer M\u00e9diterran\u00e9e,<\/a> longtemps rest\u00e9e dans l&rsquo;ombre des grands \u00e9v\u00e9nements transatlantiques.<\/p>\n<p>Pour les skippers, cette mer int\u00e9rieure offre des d\u00e9fis bien diff\u00e9rents de ceux de l&rsquo;oc\u00e9an.\u00a0<\/p>\n<blockquote class=\"ftvi_content_quote\">\n<p class=\"ftvi_citation_quote\">C&rsquo;est une navigation plus nerveuse, avec des syst\u00e8mes m\u00e9t\u00e9o moins r\u00e9guliers que lors d&rsquo;une transatlantique. Il y a souvent des rebondissements.<\/p>\n<p>Armel Le Cl\u00e9ac&rsquo;h, skipper de Banque Populaire et vainqueur de la Finist\u00e8re Atlantique 2024.<\/p>\n<p class=\"ftvi_citation_source\">AFP<\/p>\n<\/blockquote>\n<p>Charles Caudrelier, \u00e0 la barre du Maxi Edmond de Rothschild, abonde dans ce sens : \u00ab\u00a0Ce sont des eaux compliqu\u00e9es. Le vent bascule d&rsquo;un instant \u00e0 l&rsquo;autre, cela rend la tactique tr\u00e8s int\u00e9ressante. Il y a \u00e9norm\u00e9ment d&rsquo;\u00eeles sur le trac\u00e9, donc les choix strat\u00e9giques sont importants.\u00a0\u00bb<\/p>\n<p>L&rsquo;\u00e9vocation d&rsquo;Hom\u00e8re n&rsquo;est pas fortuite dans le nom de cette course. Les \u00e9quipages longeront, si la m\u00e9t\u00e9o le permet, l&rsquo;\u00eele d&rsquo;Ithaque, patrie l\u00e9gendaire d&rsquo;Ulysse. Une dimension po\u00e9tique qui n&rsquo;a pas \u00e9chapp\u00e9 \u00e0 Thomas Coville, skipper de Sodebo et v\u00e9t\u00e9ran des tours du monde.<\/p>\n<p>\u00ab\u00a0J&rsquo;ai pass\u00e9 plus de dix fois le Cap Horn, mais je ne suis jamais all\u00e9 aussi loin en M\u00e9diterran\u00e9e, je suis ravi\u00a0\u00bb, confie-t-il. \u00ab\u00a0Ces bateaux ont \u00e9t\u00e9 pens\u00e9s pour faire de la plan\u00e8te enti\u00e8re leur terrain de jeu. Ce voyage-l\u00e0, c&rsquo;est un peu celui d&rsquo;Ulysse. La course au large, on l&rsquo;a pour beaucoup commenc\u00e9e gr\u00e2ce \u00e0 cette part d&rsquo;aventure qui fait r\u00eaver.\u00a0\u00bb<\/p>\n<p>Sans mar\u00e9es mais avec ses p\u00e9riodes de calme plat et ses sautes de vent impr\u00e9visibles, la M\u00e9diterran\u00e9e promet aux concurrents une \u00e9preuve technique d&rsquo;environ cinq jours.\u00a0<\/p>\n<blockquote class=\"ftvi_content_quote\">\n<p class=\"ftvi_citation_quote\">Elle est belle et capricieuse, instable, et c&rsquo;est \u00e7a qu&rsquo;on aime aussi. J&rsquo;ai go\u00fbt\u00e9 \u00e0 des r\u00e9gates ici en Optimist et en Laser, mais jamais sur des bateaux d&rsquo;une taille pareille.<\/p>\n<p>Anthony Marchand, barreur d&rsquo;Actual.<\/p>\n<\/blockquote>\n<p>Cette \u00e9preuve antiboise s&rsquo;inscrit dans une strat\u00e9gie de diversification des parcours pour ces maxi-trimarans capables de voler sur l&rsquo;eau \u00e0 plus de 40 n\u0153uds.<\/p>\n<p>Apr\u00e8s avoir conquis l&rsquo;Atlantique et fait le tour du monde, les voil\u00e0 pr\u00eats \u00e0 \u00e9crire un nouveau chapitre de leur histoire dans le berceau de la navigation m\u00e9diterran\u00e9enne.<\/p>\n","protected":false},"excerpt":{"rendered":"La troisi\u00e8me \u00e9tape de The Ocean Race Europe arrive \u00e0 Nice ce vendredi. Une nouvelle course de maxi-trimarans&hellip;\n","protected":false},"author":2,"featured_media":351718,"comment_status":"","ping_status":"","sticky":false,"template":"","format":"standard","meta":{"footnotes":""},"categories":[2819],"tags":[1111,11,1777,674,1011,27,12,2401,882,25],"class_list":{"0":"post-351717","1":"post","2":"type-post","3":"status-publish","4":"format-standard","5":"has-post-thumbnail","7":"category-nice","8":"tag-actu","9":"tag-actualites","10":"tag-eu","11":"tag-europe","12":"tag-fr","13":"tag-france","14":"tag-news","15":"tag-nice","16":"tag-provence-alpes-cote-dazur","17":"tag-republique-francaise"},"share_on_mastodon":{"url":"https:\/\/pubeurope.com\/@fr\/115111215991334553","error":""},"_links":{"self":[{"href":"https:\/\/www.europesays.com\/fr\/wp-json\/wp\/v2\/posts\/351717","targetHints":{"allow":["GET"]}}],"collection":[{"href":"https:\/\/www.europesays.com\/fr\/wp-json\/wp\/v2\/posts"}],"about":[{"href":"https:\/\/www.europesays.com\/fr\/wp-json\/wp\/v2\/types\/post"}],"author":[{"embeddable":true,"href":"https:\/\/www.europesays.com\/fr\/wp-json\/wp\/v2\/users\/2"}],"replies":[{"embeddable":true,"href":"https:\/\/www.europesays.com\/fr\/wp-json\/wp\/v2\/comments?post=351717"}],"version-history":[{"count":0,"href":"https:\/\/www.europesays.com\/fr\/wp-json\/wp\/v2\/posts\/351717\/revisions"}],"wp:featuredmedia":[{"embeddable":true,"href":"https:\/\/www.europesays.com\/fr\/wp-json\/wp\/v2\/media\/351718"}],"wp:attachment":[{"href":"https:\/\/www.europesays.com\/fr\/wp-json\/wp\/v2\/media?parent=351717"}],"wp:term":[{"taxonomy":"category","embeddable":true,"href":"https:\/\/www.europesays.com\/fr\/wp-json\/wp\/v2\/categories?post=351717"},{"taxonomy":"post_tag","embeddable":true,"href":"https:\/\/www.europesays.com\/fr\/wp-json\/wp\/v2\/tags?post=351717"}],"curies":[{"name":"wp","href":"https:\/\/api.w.org\/{rel}","templated":true}]}}