{"id":351720,"date":"2025-08-29T08:56:26","date_gmt":"2025-08-29T08:56:26","guid":{"rendered":"https:\/\/www.europesays.com\/fr\/351720\/"},"modified":"2025-08-29T08:56:26","modified_gmt":"2025-08-29T08:56:26","slug":"une-grande-soiree-espagnole-a-nantes-big-city-nantes","status":"publish","type":"post","link":"https:\/\/www.europesays.com\/fr\/351720\/","title":{"rendered":"Une grande soir\u00e9e espagnole \u00e0 Nantes \u2013 Big City Nantes"},"content":{"rendered":"<p><img fetchpriority=\"high\" width=\"527\" height=\"264\" src=\"https:\/\/www.europesays.com\/fr\/wp-content\/uploads\/2025\/08\/Soiree-flamenco-a-Nantes.png\" class=\"attachment-csco-thumbnail-uncropped size-csco-thumbnail-uncropped wp-post-image\" alt=\"Soire\u0301e flamenco a\u0300 Nantes\" decoding=\"async\"   data-pagespeed-url-hash=\"3498165139\" onload=\"pagespeed.CriticalImages.checkImageForCriticality(this);\"\/>\t<img loading=\"lazy\" width=\"1044\" height=\"522\" src=\"https:\/\/www.europesays.com\/fr\/wp-content\/uploads\/2025\/08\/Soiree-flamenco-a-Nantes.png\" class=\"attachment-csco-large-uncropped size-csco-large-uncropped wp-post-image\" alt=\"Soire\u0301e flamenco a\u0300 Nantes\" decoding=\"async\"   data-pagespeed-url-hash=\"3498165139\" onload=\"pagespeed.CriticalImages.checkImageForCriticality(this);\"\/>\t<\/p>\n<p>\nSoire\u0301e flamenco a\u0300 Nantes\t<\/p>\n<p>La rentr\u00e9e s\u2019annonce caliente \u00e0 Nantes \ud83d\udd25 Pas question de d\u00e9primer\u2026 la chaleur espagnole s\u2019empare de la Cit\u00e9 des Ducs<strong> le samedi 13 septembre pour une soir\u00e9e sp\u00e9ciale \u00e0 Magmaa <\/strong>! Un \u00e9v\u00e9nement flamenco XXL t\u2019attend : danse, musique, food ib\u00e9rique et ambiance festive garantie. Et le meilleur dans tout \u00e7a ? <strong>C\u2019est gratuit<\/strong>. Alors, garde ton \u00e9ventail \u00e0 port\u00e9e de main et viens faire durer l\u2019\u00e9t\u00e9 un peu plus longtemps. Big City t\u2019explique le programme juste en dessous \ud83d\ude09<\/p>\n<p>Nantes : Une soir\u00e9e flamenco \u00e0 Magmaa avec Alameda le samedi 13 septembre 2025<br \/>\n<img loading=\"lazy\" decoding=\"async\" width=\"1160\" height=\"653\" src=\"https:\/\/www.europesays.com\/fr\/wp-content\/uploads\/2025\/08\/soiree-espagnole-a-magmaa-nantes-1160x653.jpg\" alt=\"soire\u0301e espagnole a\u0300 magmaa nantes\" class=\"wp-image-117122\"   data-pagespeed-url-hash=\"3956479508\" onload=\"pagespeed.CriticalImages.checkImageForCriticality(this);\"\/>soire\u0301e espagnole a\u0300 magmaa nantes<\/p>\n<p>Si tu as toujours r\u00eav\u00e9 de taper dans tes mains en rythme ou de t\u2019essayer \u00e0 quelques pas de danse, tu vas \u00eatre servi. L\u2019association <strong>Alameda<\/strong>, r\u00e9f\u00e9rence nantaise du flamenco, d\u00e9barque avec toute son \u00e9nergie et son authenticit\u00e9 \u00e0 Magmaa. Au programme, <strong>des initiations, des d\u00e9monstrations et m\u00eame un flashmob g\u00e9ant<\/strong> :<\/p>\n<ul class=\"wp-block-list\">\n<li><strong>18h30<\/strong> : initiation \u00e0 la danse, ouverte \u00e0 tous, histoire de chauffer la piste.<\/li>\n<li><strong>19h30<\/strong> : les \u00e9l\u00e8ves d\u2019Alameda montent sur sc\u00e8ne pour un premier show.<\/li>\n<li><strong>20h30<\/strong> : place au <strong>flashmob<\/strong> g\u00e9ant ! <a href=\"https:\/\/www.facebook.com\/magmaafoodhall\/videos\/773877342260589?idorvanity=2239303956521977\" target=\"_blank\" rel=\"noreferrer noopener nofollow\">La chor\u00e9graphie est dispo ici <\/a>si tu veux r\u00e9p\u00e9ter avant. Puis, spectacle des pros d\u2019Alameda, pour un moment de tablao digne de S\u00e9ville.<\/li>\n<li><strong>21h45<\/strong> : le groupe espagnol <strong>Tu Mira<\/strong> prend le relais pour un concert qui t\u2019embarque jusqu\u2019\u00e0 la fin de la soir\u00e9e.<\/li>\n<\/ul>\n<p>Bref, une soir\u00e9e qui sent le soleil, les palmiers et la bonne humeur andalouse \ud83d\udc83<\/p>\n<p>Tapas, paella et soleil dans l\u2019assiette : Un corner food 100% ib\u00e9rique au menu<br \/>\n<img loading=\"lazy\" decoding=\"async\" width=\"680\" height=\"510\" src=\"https:\/\/www.europesays.com\/fr\/wp-content\/uploads\/2025\/08\/Tapas-paella-croquetas-Food-espagnole-a-Nantes.png\" alt=\"Tapas, paella, croquetas Food espagnole a\u0300 Nantes\" class=\"wp-image-117124\"   data-pagespeed-url-hash=\"1644294983\" onload=\"pagespeed.CriticalImages.checkImageForCriticality(this);\"\/>Tapas, paella, croquetas Food espagnole a\u0300 Nantes<\/p>\n<p>On ne va pas se mentir : une soir\u00e9e espagnole sans tapas, ce serait un peu comme une paella sans riz. Heureusement, <strong>R\u00e9mi de Sole\u00e1 Cuisine<\/strong> a pens\u00e9 \u00e0 tout avec son corner food 100 % ib\u00e9rique. Tu retrouveras <strong>croquetas, patatas bravas, paella et autres saveurs authentiques <\/strong>qui sentent bon l\u2019Andalousie. Et quand on dit authentiques, ce n\u2019est pas pour rien : R\u00e9mi a v\u00e9cu en Espagne et a appris l\u00e0-bas \u00e0 pr\u00e9parer ces bons petits plats. De quoi voyager autant par les papilles que par la musique !<\/p>\n<p>Alors, t\u2019attends quoi pour venir trinquer, danser et chanter \u00e0 l\u2019espagnole ? <\/p>\n","protected":false},"excerpt":{"rendered":"Soire\u0301e flamenco a\u0300 Nantes La rentr\u00e9e s\u2019annonce caliente \u00e0 Nantes \ud83d\udd25 Pas question de d\u00e9primer\u2026 la chaleur espagnole&hellip;\n","protected":false},"author":2,"featured_media":351721,"comment_status":"","ping_status":"","sticky":false,"template":"","format":"standard","meta":{"footnotes":""},"categories":[2818],"tags":[1111,11,1777,674,1011,27,766,12,2636,25],"class_list":{"0":"post-351720","1":"post","2":"type-post","3":"status-publish","4":"format-standard","5":"has-post-thumbnail","7":"category-nantes","8":"tag-actu","9":"tag-actualites","10":"tag-eu","11":"tag-europe","12":"tag-fr","13":"tag-france","14":"tag-nantes","15":"tag-news","16":"tag-pays-de-la-loire","17":"tag-republique-francaise"},"share_on_mastodon":{"url":"https:\/\/pubeurope.com\/@fr\/115111224219529117","error":""},"_links":{"self":[{"href":"https:\/\/www.europesays.com\/fr\/wp-json\/wp\/v2\/posts\/351720","targetHints":{"allow":["GET"]}}],"collection":[{"href":"https:\/\/www.europesays.com\/fr\/wp-json\/wp\/v2\/posts"}],"about":[{"href":"https:\/\/www.europesays.com\/fr\/wp-json\/wp\/v2\/types\/post"}],"author":[{"embeddable":true,"href":"https:\/\/www.europesays.com\/fr\/wp-json\/wp\/v2\/users\/2"}],"replies":[{"embeddable":true,"href":"https:\/\/www.europesays.com\/fr\/wp-json\/wp\/v2\/comments?post=351720"}],"version-history":[{"count":0,"href":"https:\/\/www.europesays.com\/fr\/wp-json\/wp\/v2\/posts\/351720\/revisions"}],"wp:featuredmedia":[{"embeddable":true,"href":"https:\/\/www.europesays.com\/fr\/wp-json\/wp\/v2\/media\/351721"}],"wp:attachment":[{"href":"https:\/\/www.europesays.com\/fr\/wp-json\/wp\/v2\/media?parent=351720"}],"wp:term":[{"taxonomy":"category","embeddable":true,"href":"https:\/\/www.europesays.com\/fr\/wp-json\/wp\/v2\/categories?post=351720"},{"taxonomy":"post_tag","embeddable":true,"href":"https:\/\/www.europesays.com\/fr\/wp-json\/wp\/v2\/tags?post=351720"}],"curies":[{"name":"wp","href":"https:\/\/api.w.org\/{rel}","templated":true}]}}