{"id":351722,"date":"2025-08-29T08:59:12","date_gmt":"2025-08-29T08:59:12","guid":{"rendered":"https:\/\/www.europesays.com\/fr\/351722\/"},"modified":"2025-08-29T08:59:12","modified_gmt":"2025-08-29T08:59:12","slug":"anantara-plaza-nice-lesprit-riviera-et-le-chic-retro","status":"publish","type":"post","link":"https:\/\/www.europesays.com\/fr\/351722\/","title":{"rendered":"ANANTARA PLAZA NICE *****, l\u2019esprit Riviera et le chic r\u00e9tro"},"content":{"rendered":"<p>\tANANTARA PLAZA NICE *****, l\u2019esprit Riviera et le chic r\u00e9tro &#8211; Toutma<\/p>\n<p>&#13;<br \/>\n&#13;<\/p>\n<p>&#13;<br \/>\n\t\t&#13;<\/p>\n<p>Nous utilisons des cookies pour vous garantir la meilleure exp\u00e9rience sur notre site web. Si vous continuez \u00e0 utiliser ce site, nous supposerons que vous en \u00eates satisfait.OK<\/p>\n<p>\t\t&#13;<\/p>\n","protected":false},"excerpt":{"rendered":"ANANTARA PLAZA NICE *****, l\u2019esprit Riviera et le chic r\u00e9tro &#8211; Toutma &#13; &#13; &#13; &#13; Nous utilisons&hellip;\n","protected":false},"author":2,"featured_media":351723,"comment_status":"","ping_status":"","sticky":false,"template":"","format":"standard","meta":{"footnotes":""},"categories":[2819],"tags":[1111,11,1777,674,1011,27,12,2401,882,25],"class_list":{"0":"post-351722","1":"post","2":"type-post","3":"status-publish","4":"format-standard","5":"has-post-thumbnail","7":"category-nice","8":"tag-actu","9":"tag-actualites","10":"tag-eu","11":"tag-europe","12":"tag-fr","13":"tag-france","14":"tag-news","15":"tag-nice","16":"tag-provence-alpes-cote-dazur","17":"tag-republique-francaise"},"share_on_mastodon":{"url":"https:\/\/pubeurope.com\/@fr\/115111235681882703","error":""},"_links":{"self":[{"href":"https:\/\/www.europesays.com\/fr\/wp-json\/wp\/v2\/posts\/351722","targetHints":{"allow":["GET"]}}],"collection":[{"href":"https:\/\/www.europesays.com\/fr\/wp-json\/wp\/v2\/posts"}],"about":[{"href":"https:\/\/www.europesays.com\/fr\/wp-json\/wp\/v2\/types\/post"}],"author":[{"embeddable":true,"href":"https:\/\/www.europesays.com\/fr\/wp-json\/wp\/v2\/users\/2"}],"replies":[{"embeddable":true,"href":"https:\/\/www.europesays.com\/fr\/wp-json\/wp\/v2\/comments?post=351722"}],"version-history":[{"count":0,"href":"https:\/\/www.europesays.com\/fr\/wp-json\/wp\/v2\/posts\/351722\/revisions"}],"wp:featuredmedia":[{"embeddable":true,"href":"https:\/\/www.europesays.com\/fr\/wp-json\/wp\/v2\/media\/351723"}],"wp:attachment":[{"href":"https:\/\/www.europesays.com\/fr\/wp-json\/wp\/v2\/media?parent=351722"}],"wp:term":[{"taxonomy":"category","embeddable":true,"href":"https:\/\/www.europesays.com\/fr\/wp-json\/wp\/v2\/categories?post=351722"},{"taxonomy":"post_tag","embeddable":true,"href":"https:\/\/www.europesays.com\/fr\/wp-json\/wp\/v2\/tags?post=351722"}],"curies":[{"name":"wp","href":"https:\/\/api.w.org\/{rel}","templated":true}]}}