{"id":351731,"date":"2025-08-29T09:04:09","date_gmt":"2025-08-29T09:04:09","guid":{"rendered":"https:\/\/www.europesays.com\/fr\/351731\/"},"modified":"2025-08-29T09:04:09","modified_gmt":"2025-08-29T09:04:09","slug":"suivez-le-tirage-au-sort-des-adversaires-de-lol-lille-nice-et-strasbourg-en-live","status":"publish","type":"post","link":"https:\/\/www.europesays.com\/fr\/351731\/","title":{"rendered":"suivez le tirage au sort des adversaires de l&rsquo;OL, Lille, Nice et Strasbourg en live"},"content":{"rendered":"<p>AS Roma, FC Porto, Glasgow Rangers, Lille, Lyon, Nice&#8230; 36 \u00e9quipes sont engag\u00e9es en <a href=\"https:\/\/rmcsport.bfmtv.com\/football\/europa-league\/ligue-europa-les-adversaires-potentiels-de-lille-l-ol-et-nice-pour-la-phase-de-ligue_AV-202508280838.html\" title=\"Ligue Europa: les adversaires potentiels de Lille, l&#039;OL et Nice pour la phase de ligue\" class=\"internal_link\" rel=\"nofollow noopener\" target=\"_blank\">Ligue Europa.<\/a> Elles sont r\u00e9parties en 4 chapeaux de 9 \u00e9quipes. Pour rappel, deux clubs du m\u00eame pays ne peuvent pas s&rsquo;affronter d\u00e8s la phase de ligue.<\/p>\n<p><strong>Chapeau 1:<\/strong> AS Roma, FC Porto, Glasgow Rangers, Feyenoord, <strong>Lille<\/strong>, Dinamo Zagreb, Betis S\u00e9ville, Salzbourg, Aston Villa<\/p>\n<p><strong>Chapeau 2:<\/strong> Fenerbah\u00e7e, Braga, Etoile Rouge de Belgrade, <strong>Lyon<\/strong>, PAOK, Plzen, Ferencvaros, Celtic, Maccabi Tel Aviv<\/p>\n<p><strong>Chapeau 3:<\/strong> Young Boys de Berne, B\u00e2le, Midtjylland, Fribourg, Ludogorets, Nottingham Forest, Sturm Graz, FCSB, <strong>Nice<\/strong><\/p>\n<p><strong>Chapeau 4:<\/strong> Bologne, Celta Vigo, Stuttgart, Panathina\u00efkos, Malm\u00f6, Go Ahead Eagles, Utrecht, Genk, Brann<\/p>\n","protected":false},"excerpt":{"rendered":"AS Roma, FC Porto, Glasgow Rangers, Lille, Lyon, Nice&#8230; 36 \u00e9quipes sont engag\u00e9es en Ligue Europa. Elles sont&hellip;\n","protected":false},"author":2,"featured_media":351732,"comment_status":"","ping_status":"","sticky":false,"template":"","format":"standard","meta":{"footnotes":""},"categories":[2815],"tags":[1111,11,1777,674,1011,27,811,1307,12,25],"class_list":{"0":"post-351731","1":"post","2":"type-post","3":"status-publish","4":"format-standard","5":"has-post-thumbnail","7":"category-lille","8":"tag-actu","9":"tag-actualites","10":"tag-eu","11":"tag-europe","12":"tag-fr","13":"tag-france","14":"tag-hauts-de-france","15":"tag-lille","16":"tag-news","17":"tag-republique-francaise"},"share_on_mastodon":{"url":"https:\/\/pubeurope.com\/@fr\/115111255353453102","error":""},"_links":{"self":[{"href":"https:\/\/www.europesays.com\/fr\/wp-json\/wp\/v2\/posts\/351731","targetHints":{"allow":["GET"]}}],"collection":[{"href":"https:\/\/www.europesays.com\/fr\/wp-json\/wp\/v2\/posts"}],"about":[{"href":"https:\/\/www.europesays.com\/fr\/wp-json\/wp\/v2\/types\/post"}],"author":[{"embeddable":true,"href":"https:\/\/www.europesays.com\/fr\/wp-json\/wp\/v2\/users\/2"}],"replies":[{"embeddable":true,"href":"https:\/\/www.europesays.com\/fr\/wp-json\/wp\/v2\/comments?post=351731"}],"version-history":[{"count":0,"href":"https:\/\/www.europesays.com\/fr\/wp-json\/wp\/v2\/posts\/351731\/revisions"}],"wp:featuredmedia":[{"embeddable":true,"href":"https:\/\/www.europesays.com\/fr\/wp-json\/wp\/v2\/media\/351732"}],"wp:attachment":[{"href":"https:\/\/www.europesays.com\/fr\/wp-json\/wp\/v2\/media?parent=351731"}],"wp:term":[{"taxonomy":"category","embeddable":true,"href":"https:\/\/www.europesays.com\/fr\/wp-json\/wp\/v2\/categories?post=351731"},{"taxonomy":"post_tag","embeddable":true,"href":"https:\/\/www.europesays.com\/fr\/wp-json\/wp\/v2\/tags?post=351731"}],"curies":[{"name":"wp","href":"https:\/\/api.w.org\/{rel}","templated":true}]}}