{"id":351737,"date":"2025-08-29T09:07:08","date_gmt":"2025-08-29T09:07:08","guid":{"rendered":"https:\/\/www.europesays.com\/fr\/351737\/"},"modified":"2025-08-29T09:07:08","modified_gmt":"2025-08-29T09:07:08","slug":"les-dates-de-ledition-2025-de-la-fete-des-lumieres-de-lyon-devoilees","status":"publish","type":"post","link":"https:\/\/www.europesays.com\/fr\/351737\/","title":{"rendered":"Les dates de l&rsquo;\u00e9dition 2025 de la F\u00eate des Lumi\u00e8res de Lyon d\u00e9voil\u00e9es"},"content":{"rendered":"<p itemprop=\"description\"><strong>Des dates \u00e0 cocher dans son agenda.<\/strong><\/p>\n<p>C\u2019est incontestablement l\u2019un des \u00e9v\u00e8nements les plus attendus \u00e0 Lyon chaque ann\u00e9e. L\u2019\u00e9dition 2025 de la F\u00eate des Lumi\u00e8res aura lieu du vendredi 5 au lundi 8 d\u00e9cembre. Les dates ont \u00e9t\u00e9 d\u00e9voil\u00e9es ce vendredi matin par la Ville de Lyon.\u00a0<\/p>\n<p>Une conf\u00e9rence de presse de pr\u00e9sentation aura lieu le mercredi 5 novembre afin d\u2019en savoir plus sur les illuminations pr\u00e9vues \u00e0 cette occasion. Que retrouvera-t-on sur la place Bellecour ou encore au parc de la T\u00eate d\u2019Or ? Encore un peu de patience avec plus de d\u00e9tails dans quelques semaines\u2026<\/p>\n<p>On connait n\u00e9anmoins d\u00e9j\u00e0 l\u2019association qui sera b\u00e9n\u00e9ficiaire de l\u2019op\u00e9ration des Lumignons du C\u0153ur. Il s\u2019agit de Singa, \u00ab\u00a0qui favorise l\u2019inclusion des personnes r\u00e9fugi\u00e9es en cr\u00e9ant des liens durables avec la soci\u00e9t\u00e9 d\u2019accueil\u00a0\u00bb. \u00a0<\/p>\n","protected":false},"excerpt":{"rendered":"Des dates \u00e0 cocher dans son agenda. C\u2019est incontestablement l\u2019un des \u00e9v\u00e8nements les plus attendus \u00e0 Lyon chaque&hellip;\n","protected":false},"author":2,"featured_media":351738,"comment_status":"","ping_status":"","sticky":false,"template":"","format":"standard","meta":{"footnotes":""},"categories":[1889],"tags":[1111,11,2813,2190,2430,1109,251,1112,2811,1777,674,118,1011,27,1922,1110,1114,2428,2810,12,241,316,25,2812,517,800],"class_list":{"0":"post-351737","1":"post","2":"type-post","3":"status-publish","4":"format-standard","5":"has-post-thumbnail","7":"category-lyon","8":"tag-actu","9":"tag-actualites","10":"tag-article","11":"tag-asvel","12":"tag-auvergne-rhone-alpes","13":"tag-breves","14":"tag-culture","15":"tag-depeches","16":"tag-economique","17":"tag-eu","18":"tag-europe","19":"tag-faits-divers","20":"tag-fr","21":"tag-france","22":"tag-info","23":"tag-informations","24":"tag-infos","25":"tag-lyon","26":"tag-lyonmag","27":"tag-news","28":"tag-ol","29":"tag-politique","30":"tag-republique-francaise","31":"tag-sociale","32":"tag-sport","33":"tag-transports"},"share_on_mastodon":{"url":"https:\/\/pubeurope.com\/@fr\/115111267070208967","error":""},"_links":{"self":[{"href":"https:\/\/www.europesays.com\/fr\/wp-json\/wp\/v2\/posts\/351737","targetHints":{"allow":["GET"]}}],"collection":[{"href":"https:\/\/www.europesays.com\/fr\/wp-json\/wp\/v2\/posts"}],"about":[{"href":"https:\/\/www.europesays.com\/fr\/wp-json\/wp\/v2\/types\/post"}],"author":[{"embeddable":true,"href":"https:\/\/www.europesays.com\/fr\/wp-json\/wp\/v2\/users\/2"}],"replies":[{"embeddable":true,"href":"https:\/\/www.europesays.com\/fr\/wp-json\/wp\/v2\/comments?post=351737"}],"version-history":[{"count":0,"href":"https:\/\/www.europesays.com\/fr\/wp-json\/wp\/v2\/posts\/351737\/revisions"}],"wp:featuredmedia":[{"embeddable":true,"href":"https:\/\/www.europesays.com\/fr\/wp-json\/wp\/v2\/media\/351738"}],"wp:attachment":[{"href":"https:\/\/www.europesays.com\/fr\/wp-json\/wp\/v2\/media?parent=351737"}],"wp:term":[{"taxonomy":"category","embeddable":true,"href":"https:\/\/www.europesays.com\/fr\/wp-json\/wp\/v2\/categories?post=351737"},{"taxonomy":"post_tag","embeddable":true,"href":"https:\/\/www.europesays.com\/fr\/wp-json\/wp\/v2\/tags?post=351737"}],"curies":[{"name":"wp","href":"https:\/\/api.w.org\/{rel}","templated":true}]}}