{"id":351739,"date":"2025-08-29T09:08:10","date_gmt":"2025-08-29T09:08:10","guid":{"rendered":"https:\/\/www.europesays.com\/fr\/351739\/"},"modified":"2025-08-29T09:08:10","modified_gmt":"2025-08-29T09:08:10","slug":"les-dates-sont-connues-voici-quand-levenement-aura-lieu","status":"publish","type":"post","link":"https:\/\/www.europesays.com\/fr\/351739\/","title":{"rendered":"les dates sont connues, voici quand l&rsquo;\u00e9v\u00e9nement aura lieu"},"content":{"rendered":"<p>            Par<br \/>\n        <strong><br \/>\n            <a href=\"https:\/\/actu.fr\/auteur\/anthony-soudani\" title=\"Consulter tous les articles de Anthony Soudani\" target=\"_blank\" rel=\"noopener\">Anthony Soudani<\/a><br \/>\n        <\/strong><\/p>\n<p>        Publi\u00e9 le<\/p>\n<p>            29 ao\u00fbt 2025 \u00e0 11h01        <\/p>\n<p>On connait enfin les dates de la <a href=\"https:\/\/actu.fr\/tag\/fete-des-lumieres-de-lyon\" target=\"_blank\" rel=\"noopener\">F\u00eate des Lumi\u00e8res<\/a> 2025 \u00e0 Lyon. Ce rendez-vous embl\u00e9matique et incontournable, qui attire plus de 2 millions de visiteurs chaque ann\u00e9e, se d\u00e9roulera <strong>du 5 au 8 d\u00e9cembre.<\/strong><\/p>\n<p class=\" wall-content\">Une petite partie de la programmation a \u00e9t\u00e9 r\u00e9v\u00e9l\u00e9e \u00e0 l\u2019occasion de cette annonce. Comme chaque ann\u00e9e, l\u2019\u00e9v\u00e9nement s\u2019accompagnera de l\u2019op\u00e9ration solidaire des Lumignons du C\u0153ur.<\/p>\n<p>Singa, une association d\u2019aide aux r\u00e9fugi\u00e9s choisie<\/p>\n<p class=\" wall-content\">Les visiteurs sont invit\u00e9s \u00e0 acheter un lumignon au prix de 2 \u20ac, dont la totalit\u00e9 des recettes sera revers\u00e9e \u00e0 une association caritative.<\/p>\n<p class=\" wall-content\">En 2025, la mairie de <a href=\"https:\/\/actu.fr\/lyon\/\" target=\"_blank\" rel=\"noopener\">Lyon<\/a> annonce que les dons collect\u00e9s soutiendront Singa, association qui favorise l\u2019inclusion des personnes r\u00e9fugi\u00e9es en cr\u00e9ant des liens durables avec la soci\u00e9t\u00e9 d\u2019accueil.<\/p>\n<blockquote class=\"ac-article-quote wall-content\">\n<p>Partenaire important de la Ville et de son plan d\u2019action Lyon Ville hospitali\u00e8re 2022-2026, Singa s\u2019est distingu\u00e9e par ses actions au Th\u00e9\u00e2tre des C\u00e9lestins dans le cadre de la billetterie solidaire, sa participation au March\u00e9 de No\u00ebl place Carnot aux c\u00f4t\u00e9s de cr\u00e9atrices r\u00e9fugi\u00e9es, ou au festival Agir \u00e0 Lyon. Elle a \u00e9galement c\u00e9l\u00e9br\u00e9 cette ann\u00e9e la 10\u1d49 \u00e9dition d\u2019Inspire, grand temps fort qui a rassembl\u00e9 plusieurs centaines d\u2019habitants autour de parcours inspirants et de projets d\u2019inclusion.<\/p>\n<p>    <strong>Ville de Lyon<\/strong>\n            <\/p><\/blockquote>\n<p class=\" wall-content\">Pr\u00e9sente aux Biennales de l\u2019Hospitalit\u00e9 en 2023 et 2025, l\u2019association travaille aussi en synergie avec les acteurs de la Maison de l\u2019Hospitalit\u00e9 inaugur\u00e9e en juin dernier.<\/p>\n<p class=\" wall-content\"><strong>Le reste du programme devrait \u00eatre r\u00e9v\u00e9l\u00e9 dans les prochaines semaines.\u00a0<\/strong><\/p>\n<p class=\" wall-content\">Personnalisez votre actualit\u00e9 en ajoutant vos villes et m\u00e9dias en favori avec <a href=\"https:\/\/moncompte.actu.fr\" title=\"D\u00e9couvez Mon Actu\" rel=\"nofollow noopener\" data-trk=\"{&quot;cta&quot;:{&quot;action&quot;:&quot;https:\\\/\\\/moncompte.actu.fr&quot;,&quot;category&quot;:&quot;mon compte&quot;,&quot;from&quot;:&quot;article footer&quot;,&quot;name&quot;:&quot;Mon actu&quot;,&quot;type&quot;:&quot;cta&quot;}}\" target=\"_blank\">Mon Actu<\/a>.<\/p>\n","protected":false},"excerpt":{"rendered":"Par Anthony Soudani Publi\u00e9 le 29 ao\u00fbt 2025 \u00e0 11h01 On connait enfin les dates de la F\u00eate&hellip;\n","protected":false},"author":2,"featured_media":351740,"comment_status":"","ping_status":"","sticky":false,"template":"","format":"standard","meta":{"footnotes":""},"categories":[1889],"tags":[1111,11,2430,1777,674,48836,48837,1011,27,2428,12,25,104],"class_list":{"0":"post-351739","1":"post","2":"type-post","3":"status-publish","4":"format-standard","5":"has-post-thumbnail","7":"category-lyon","8":"tag-actu","9":"tag-actualites","10":"tag-auvergne-rhone-alpes","11":"tag-eu","12":"tag-europe","13":"tag-fete-des-lumieres","14":"tag-fete-des-lumieres-de-lyon","15":"tag-fr","16":"tag-france","17":"tag-lyon","18":"tag-news","19":"tag-republique-francaise","20":"tag-societe"},"share_on_mastodon":{"url":"https:\/\/pubeurope.com\/@fr\/115111271030262347","error":""},"_links":{"self":[{"href":"https:\/\/www.europesays.com\/fr\/wp-json\/wp\/v2\/posts\/351739","targetHints":{"allow":["GET"]}}],"collection":[{"href":"https:\/\/www.europesays.com\/fr\/wp-json\/wp\/v2\/posts"}],"about":[{"href":"https:\/\/www.europesays.com\/fr\/wp-json\/wp\/v2\/types\/post"}],"author":[{"embeddable":true,"href":"https:\/\/www.europesays.com\/fr\/wp-json\/wp\/v2\/users\/2"}],"replies":[{"embeddable":true,"href":"https:\/\/www.europesays.com\/fr\/wp-json\/wp\/v2\/comments?post=351739"}],"version-history":[{"count":0,"href":"https:\/\/www.europesays.com\/fr\/wp-json\/wp\/v2\/posts\/351739\/revisions"}],"wp:featuredmedia":[{"embeddable":true,"href":"https:\/\/www.europesays.com\/fr\/wp-json\/wp\/v2\/media\/351740"}],"wp:attachment":[{"href":"https:\/\/www.europesays.com\/fr\/wp-json\/wp\/v2\/media?parent=351739"}],"wp:term":[{"taxonomy":"category","embeddable":true,"href":"https:\/\/www.europesays.com\/fr\/wp-json\/wp\/v2\/categories?post=351739"},{"taxonomy":"post_tag","embeddable":true,"href":"https:\/\/www.europesays.com\/fr\/wp-json\/wp\/v2\/tags?post=351739"}],"curies":[{"name":"wp","href":"https:\/\/api.w.org\/{rel}","templated":true}]}}