{"id":351741,"date":"2025-08-29T09:09:19","date_gmt":"2025-08-29T09:09:19","guid":{"rendered":"https:\/\/www.europesays.com\/fr\/351741\/"},"modified":"2025-08-29T09:09:19","modified_gmt":"2025-08-29T09:09:19","slug":"le-retour-en-force-des-vins-dile-de-france","status":"publish","type":"post","link":"https:\/\/www.europesays.com\/fr\/351741\/","title":{"rendered":"le retour en force des vins d\u2019\u00cele-de-France"},"content":{"rendered":"<p>D\u00e9truites par la crise du phyllox\u00e9ra \u00e0 la fin du XIXe si\u00e8cle et menac\u00e9es par l\u2019urbanisation, les nombreuses vignes de la r\u00e9gion parisienne ont bien failli dispara\u00eetre. Aujourd\u2019hui, gr\u00e2ce \u00e0 quelques passionn\u00e9s, le vin francilien rena\u00eet.<\/p>\n<p class=\"fig-paragraph\">De l\u2019\u00e2ge d\u2019or des vins d\u2019\u00cele-de-France, il ne reste aujourd\u2019hui dans Paris intra-muros que les c\u00e9l\u00e8bres vignes du Clos-<a href=\"http:\/\/www.lefigaro.fr\/actualite-france\/c-est-le-coeur-battant-de-montmartre-ces-adorateurs-discrets-qui-se-relaient-nuit-et-jour-sur-la-butte-depuis-140-ans-20250801\" data-fig-type=\"Article\" data-gtm-custom-categorie=\"navigation\" data-gtm-custom-action=\"crossclick\" data-gtm-custom-label=\"Contextuel\" data-gtm-event=\"customEventSPE\" data-fig-domain=\"LEFIGARO\" target=\"_blank\" rel=\"noopener\">Montmartre<\/a>, plant\u00e9es en 1933 dans le 18e arrondissement, les ceps de Bercy (12e), ceux du parc de Belleville (20e) , du parc Georges-Brassens (15e), les treilles des Ar\u00e8nes de Lut\u00e8ce, non loin du Jardin des Plantes (5e) et celles du bois de Boulogne au domaine de Paris-<a href=\"https:\/\/www.lefigaro.fr\/culture\/en-ile-de-france-le-chateau-de-bagatelle-fait-peau-neuve-20210607\" data-fig-type=\"Article\" data-gtm-custom-categorie=\"navigation\" data-gtm-custom-action=\"crossclick\" data-gtm-custom-label=\"Contextuel\" data-gtm-event=\"customEventSPE\" data-fig-domain=\"LEFIGARO\" target=\"_blank\" rel=\"noopener\">Bagatelle<\/a>\u00a0(16e)\u2026 Bien s\u00fbr, quelques plants \u00e9pars ont surv\u00e9cu et donnent encore \u00e7\u00e0 et l\u00e0 une poign\u00e9e de grappes, mais il faut franchir les Mar\u00e9chaux, puis le p\u00e9riph\u00e9rique pour commencer \u00e0 arpenter de vraies vignes \u00e0 Suresnes (Hauts-de-Seine), Argenteuil (Val-d\u2019Oise), Conflans-Sainte-Honorine, Davron (Yvelines), ou Chelles (Seine-et-Marne), des communes historiques dont le terroir et la toponymie ont conserv\u00e9 de nombreuses traces des vignerons qui ont autrefois fait leur fortune.<\/p>\n<p class=\"fig-paragraph\">\u00ab La plupart des Parisiens l\u2019ont oubli\u00e9, mais, jusqu\u2019\u00e0 la fin du XIXe si\u00e8cle, l\u2019\u00cele-de-France \u00e9tait la plus grande r\u00e9gion viticole\u2026<\/p>\n<p class=\"fig-premium-paywall__infos\">\n        Cet article est r\u00e9serv\u00e9 aux abonn\u00e9s.        Il vous reste 77% \u00e0 d\u00e9couvrir.\n    <\/p>\n<p>                <img  data- alt=\"Le Figaro\" class=\"fig-img--complete fig-img\"\/><\/p>\n<p class=\"fig-premium-paywall__title\">Vente Flash<\/p>\n<p class=\"fig-premium-paywall__subtitle\">4,99\u20ac par mois pendant 12 mois. Sans engagement<\/p>\n<p class=\"fig-premium-paywall__connect\">\n                D\u00e9j\u00e0 abonn\u00e9\u00a0?                <a class=\"fig-premium-paywall__connect-link\" href=\"https:\/\/connect.lefigaro.fr\/login?client=horizon_web&amp;type=main&amp;redirect_uri=https%3A%2F%2Fwww.lefigaro.fr%2Factualite-france%2Fdes-terroirs-exceptionnels-le-retour-en-force-des-vins-d-ile-de-france-20250829\" data-js-gtm=\"{&quot;customCategorie&quot;: &quot;conversion&quot;, &quot;customAction&quot;: &quot;before_Landing_Connexion_paywall_auto&quot;, &quot;customLabel&quot;: &quot;bGVmaWdhcm8uZnJfXzFmMDgzZjQxLTM5YjQtNjFhMC05NjM2LTU1ZTNhMGEyNTg5MV9fQXJ0aWNsZQ==_Des terroirs exceptionnels: le retour en force des vins d\u2019\u00cele-de-France_129&quot;, &quot;customIDSPE&quot;: &quot;bGVmaWdhcm8uZnJfXzFmMDgzZjQxLTM5YjQtNjFhMC05NjM2LTU1ZTNhMGEyNTg5MV9fQXJ0aWNsZQ==&quot;, &quot;event&quot;: &quot;customEventSPE&quot;}\" target=\"_blank\" rel=\"noopener\"><br \/>\n                    Connectez-vous<br \/>\n                <\/a>\n            <\/p>\n","protected":false},"excerpt":{"rendered":"D\u00e9truites par la crise du phyllox\u00e9ra \u00e0 la fin du XIXe si\u00e8cle et menac\u00e9es par l\u2019urbanisation, les nombreuses&hellip;\n","protected":false},"author":2,"featured_media":351742,"comment_status":"","ping_status":"","sticky":false,"template":"","format":"standard","meta":{"footnotes":""},"categories":[1592],"tags":[1111,11,1777,674,1011,27,662,12,626,25,4802],"class_list":{"0":"post-351741","1":"post","2":"type-post","3":"status-publish","4":"format-standard","5":"has-post-thumbnail","7":"category-ile-de-france","8":"tag-actu","9":"tag-actualites","10":"tag-eu","11":"tag-europe","12":"tag-fr","13":"tag-france","14":"tag-ile-de-france","15":"tag-news","16":"tag-paris","17":"tag-republique-francaise","18":"tag-vignes"},"share_on_mastodon":{"url":"https:\/\/pubeurope.com\/@fr\/115111274952875448","error":""},"_links":{"self":[{"href":"https:\/\/www.europesays.com\/fr\/wp-json\/wp\/v2\/posts\/351741","targetHints":{"allow":["GET"]}}],"collection":[{"href":"https:\/\/www.europesays.com\/fr\/wp-json\/wp\/v2\/posts"}],"about":[{"href":"https:\/\/www.europesays.com\/fr\/wp-json\/wp\/v2\/types\/post"}],"author":[{"embeddable":true,"href":"https:\/\/www.europesays.com\/fr\/wp-json\/wp\/v2\/users\/2"}],"replies":[{"embeddable":true,"href":"https:\/\/www.europesays.com\/fr\/wp-json\/wp\/v2\/comments?post=351741"}],"version-history":[{"count":0,"href":"https:\/\/www.europesays.com\/fr\/wp-json\/wp\/v2\/posts\/351741\/revisions"}],"wp:featuredmedia":[{"embeddable":true,"href":"https:\/\/www.europesays.com\/fr\/wp-json\/wp\/v2\/media\/351742"}],"wp:attachment":[{"href":"https:\/\/www.europesays.com\/fr\/wp-json\/wp\/v2\/media?parent=351741"}],"wp:term":[{"taxonomy":"category","embeddable":true,"href":"https:\/\/www.europesays.com\/fr\/wp-json\/wp\/v2\/categories?post=351741"},{"taxonomy":"post_tag","embeddable":true,"href":"https:\/\/www.europesays.com\/fr\/wp-json\/wp\/v2\/tags?post=351741"}],"curies":[{"name":"wp","href":"https:\/\/api.w.org\/{rel}","templated":true}]}}