{"id":351743,"date":"2025-08-29T09:10:12","date_gmt":"2025-08-29T09:10:12","guid":{"rendered":"https:\/\/www.europesays.com\/fr\/351743\/"},"modified":"2025-08-29T09:10:12","modified_gmt":"2025-08-29T09:10:12","slug":"rentree-2025-une-famille-francilienne-sur-deux-aidee-par-lars","status":"publish","type":"post","link":"https:\/\/www.europesays.com\/fr\/351743\/","title":{"rendered":"Rentr\u00e9e 2025 : une famille francilienne sur deux aid\u00e9e par l\u2019ARS"},"content":{"rendered":"<p><img loading=\"lazy\" decoding=\"async\" alt=\"\u00a9 Shutterstock - En \u00cele-de-France, 516 000 familles b\u00e9n\u00e9ficient de l\u2019allocation de rentr\u00e9e scolaire. La Seine-Saint-Denis concentre les taux d\u2019aide les plus \u00e9lev\u00e9s.\" data-zoom-src=\"https:\/\/www.europesays.com\/fr\/wp-content\/uploads\/2025\/08\/initial-allocation-de-rentree-scolaire.jpg\" data-zoomable=\"\" height=\"702\" src=\"https:\/\/www.europesays.com\/fr\/wp-content\/uploads\/2025\/08\/initial-allocation-de-rentree-scolaire.jpg\" width=\"1248\"\/>  <\/p>\n<p class=\"article-desc\">\u00a9 Shutterstock &#8211; En \u00cele-de-France, 516 000 familles b\u00e9n\u00e9ficient de l\u2019allocation de rentr\u00e9e scolaire. La Seine-Saint-Denis concentre les taux d\u2019aide les plus \u00e9lev\u00e9s. <\/p>\n<p>En cette rentr\u00e9e 2025, pr\u00e8s d\u2019une famille francilienne sur deux b\u00e9n\u00e9ficie de l\u2019<strong>allocation de rentr\u00e9e scolaire<\/strong> (ARS). Cette aide, attribu\u00e9e <strong>sous conditions de ressources<\/strong>, vise \u00e0 <strong>all\u00e9ger le co\u00fbt des fournitures, v\u00eatements et autres d\u00e9penses li\u00e9es \u00e0 la rentr\u00e9e<\/strong>. Selon l\u2019Insee, <strong>44 % des 1,35 million de familles avec enfants scolaris\u00e9s en \u00cele-de-France ont per\u00e7u cette allocation<\/strong>. En Seine-Saint-Denis, d\u00e9partement le plus touch\u00e9 par la <a href=\"https:\/\/mesinfos.fr\/gel-des-prestations-sociales-risque-accru-de-precarite-pour-les-jeunes-et-les-retraites-227540.html\" rel=\"noopener nofollow\" target=\"_blank\">pr\u00e9carit\u00e9<\/a>, la proportion atteint jusqu\u2019\u00e0 deux tiers des foyers. <\/p>\n<p>Des disparit\u00e9s fortes selon les territoires <\/p>\n<p>Si la moyenne r\u00e9gionale reste proche de celle du reste de la France (46 %), <strong>les \u00e9carts entre territoires sont notables<\/strong>. Dans l\u2019ouest parisien et certaines intercommunalit\u00e9s de grande couronne comme Versailles Grand Parc, moins d\u2019un tiers des familles touchent l\u2019ARS. \u00c0 l\u2019inverse, dans la communaut\u00e9 d\u2019agglom\u00e9ration Roissy Pays de France, \u00e0 cheval sur la Seine-et-Marne et le Val-d\u2019Oise, ou <strong>dans plusieurs intercommunalit\u00e9s de Seine-Saint-Denis, entre 63 et 68 %<\/strong> des familles en b\u00e9n\u00e9ficient. Ces diff\u00e9rences refl\u00e8tent directement les in\u00e9galit\u00e9s de revenus et de niveau de vie. <\/p>\n<p>Les familles monoparentales particuli\u00e8rement aid\u00e9es <\/p>\n<p>L\u2019\u00e9tude souligne \u00e9galement la situation sp\u00e9cifique des <strong>familles monoparentales<\/strong>, qui repr\u00e9sentent un quart des foyers avec enfants scolaris\u00e9s dans la r\u00e9gion. Parmi elles,<strong> 82 % per\u00e7oivent l\u2019ARS<\/strong>, contre <strong>seulement 31 % des couples avec enfants<\/strong>. Cette proportion illustre la fragilit\u00e9 financi\u00e8re de ces m\u00e9nages, souvent plus expos\u00e9s aux <a href=\"https:\/\/mesinfos.fr\/75000-paris\/sante-logement-isolement-les-urgences-sociales-persistent-a-paris-226253.html\" rel=\"noopener nofollow\" target=\"_blank\">difficult\u00e9s de logement<\/a>, d\u2019emploi et de pouvoir d\u2019achat.<\/p>\n<p>  Un contexte marqu\u00e9 par la hausse des prix <\/p>\n<p>Entre 2021 et 2025, <strong>les prix \u00e0 la consommation ont augment\u00e9 de 14,4 %<\/strong> en France m\u00e9tropolitaine. Les produits alimentaires (+24,1 %) et les cantines scolaires (+15 %) ont particuli\u00e8rement pes\u00e9 sur les budgets. Dans ce <strong>contexte inflationniste<\/strong>, l\u2019ARS repr\u00e9sente un soutien essentiel, m\u00eame si son montant reste encadr\u00e9 : 423 \u20ac pour un enfant de 6 \u00e0 10 ans, 447 euros pour un enfant de 11 \u00e0 14 ans et 462 euros pour un adolescent de 15 \u00e0 17 ans. <\/p>\n<p>Un enjeu social pour la rentr\u00e9e francilienne <\/p>\n<p>Avec <strong>2,35 millions d\u2019\u00e9l\u00e8ves scolaris\u00e9s en \u00cele-de-France<\/strong>, la rentr\u00e9e repr\u00e9sente chaque ann\u00e9e un moment crucial pour les familles. Le poids des d\u00e9penses, plus \u00e9lev\u00e9 dans la r\u00e9gion qu\u2019en province, accentue les in\u00e9galit\u00e9s sociales et territoriales. En rendant visible la part des foyers aid\u00e9s, l\u2019Insee rappelle que l\u2019ARS reste un pilier du soutien aux m\u00e9nages fragilis\u00e9s, tout particuli\u00e8rement dans les d\u00e9partements populaires comme la Seine-Saint-Denis.<\/p>\n","protected":false},"excerpt":{"rendered":"\u00a9 Shutterstock &#8211; En \u00cele-de-France, 516 000 familles b\u00e9n\u00e9ficient de l\u2019allocation de rentr\u00e9e scolaire. La Seine-Saint-Denis concentre les&hellip;\n","protected":false},"author":2,"featured_media":351744,"comment_status":"","ping_status":"","sticky":false,"template":"","format":"standard","meta":{"footnotes":""},"categories":[1592],"tags":[1111,11,42252,1777,674,1011,27,662,2066,12,626,25],"class_list":{"0":"post-351743","1":"post","2":"type-post","3":"status-publish","4":"format-standard","5":"has-post-thumbnail","7":"category-ile-de-france","8":"tag-actu","9":"tag-actualites","10":"tag-allocations","11":"tag-eu","12":"tag-europe","13":"tag-fr","14":"tag-france","15":"tag-ile-de-france","16":"tag-insee","17":"tag-news","18":"tag-paris","19":"tag-republique-francaise"},"share_on_mastodon":{"url":"https:\/\/pubeurope.com\/@fr\/115111279891862954","error":""},"_links":{"self":[{"href":"https:\/\/www.europesays.com\/fr\/wp-json\/wp\/v2\/posts\/351743","targetHints":{"allow":["GET"]}}],"collection":[{"href":"https:\/\/www.europesays.com\/fr\/wp-json\/wp\/v2\/posts"}],"about":[{"href":"https:\/\/www.europesays.com\/fr\/wp-json\/wp\/v2\/types\/post"}],"author":[{"embeddable":true,"href":"https:\/\/www.europesays.com\/fr\/wp-json\/wp\/v2\/users\/2"}],"replies":[{"embeddable":true,"href":"https:\/\/www.europesays.com\/fr\/wp-json\/wp\/v2\/comments?post=351743"}],"version-history":[{"count":0,"href":"https:\/\/www.europesays.com\/fr\/wp-json\/wp\/v2\/posts\/351743\/revisions"}],"wp:featuredmedia":[{"embeddable":true,"href":"https:\/\/www.europesays.com\/fr\/wp-json\/wp\/v2\/media\/351744"}],"wp:attachment":[{"href":"https:\/\/www.europesays.com\/fr\/wp-json\/wp\/v2\/media?parent=351743"}],"wp:term":[{"taxonomy":"category","embeddable":true,"href":"https:\/\/www.europesays.com\/fr\/wp-json\/wp\/v2\/categories?post=351743"},{"taxonomy":"post_tag","embeddable":true,"href":"https:\/\/www.europesays.com\/fr\/wp-json\/wp\/v2\/tags?post=351743"}],"curies":[{"name":"wp","href":"https:\/\/api.w.org\/{rel}","templated":true}]}}