{"id":351745,"date":"2025-08-29T09:11:19","date_gmt":"2025-08-29T09:11:19","guid":{"rendered":"https:\/\/www.europesays.com\/fr\/351745\/"},"modified":"2025-08-29T09:11:19","modified_gmt":"2025-08-29T09:11:19","slug":"accord-dati-barnier-rentree-syndicale-et-le-psg-pas-epargne-en-ligue-des-champions","status":"publish","type":"post","link":"https:\/\/www.europesays.com\/fr\/351745\/","title":{"rendered":"Accord Dati-Barnier, rentr\u00e9e syndicale et le PSG pas \u00e9pargn\u00e9 en Ligue des champions"},"content":{"rendered":"<p>Vous avez manqu\u00e9 les infos de ce d\u00e9but de matin\u00e9e\u00a0? On vous a concoct\u00e9 un r\u00e9cap&rsquo; pour vous aider \u00e0 y voir plus clair et briller \u00e0 la machine \u00e0 caf\u00e9.<\/p>\n<p>La Commission nationale d\u2019investiture des <a href=\"https:\/\/www.20minutes.fr\/politique\/lr\/\" target=\"_blank\" class=\"c-link c-link--is-underlined\" rel=\"noopener\">R\u00e9publicains<\/a> a confirm\u00e9 jeudi soir la candidature de <a href=\"https:\/\/www.20minutes.fr\/dossier\/michel_barnier\" target=\"_blank\" class=\"c-link c-link--is-underlined\" rel=\"noopener\">Michel Barnier<\/a> pour la l\u00e9gislative partielle dans la 2e circonscription de Paris (21 et 28\u00a0septembre 2025). Cette d\u00e9cision marque le retrait de <a href=\"https:\/\/www.20minutes.fr\/politique\/rachida_dati\" target=\"_blank\" class=\"c-link c-link--is-underlined\" rel=\"noopener\">Rachida Dati<\/a>, d\u00e9sormais officiellement investie par LR pour les municipales de\u00a02026 \u00e0 <a href=\"https:\/\/www.20minutes.fr\/dossier\/mairie_de_paris\" target=\"_blank\" class=\"c-link c-link--is-underlined\" rel=\"noopener\">Paris<\/a>.<\/p>\n<p>Si ce retrait peut sembler un recul, il s\u2019apparente surtout \u00e0 une victoire strat\u00e9gique pour la ministre de la Culture. En renon\u00e7ant \u00e0 un affrontement direct avec Michel Barnier, elle s\u2019assure le soutien unanime de son parti pour la conqu\u00eate de l\u2019H\u00f4tel de Ville, tout en imposant son autorit\u00e9 face aux tentatives de dissidence ou de contr\u00f4le de sa liste. Confront\u00e9e \u00e0 une droite parisienne divis\u00e9e, \u00e0 la concurrence interne de figures comme Cl\u00e9ment Beaune ou Francis Szpiner, et aux affaires judiciaires qui la visent, Rachida Dati confirme son image \u00ab\u00a0d\u2019insubmersible\u00a0\u00bb.<\/p>\n<p>L\u2019intersyndicale au complet (<a href=\"https:\/\/www.20minutes.fr\/dossier\/cfdt\" class=\"c-link c-link--is-underlined\" target=\"_blank\" rel=\"noopener\">CFDT<\/a>, <a href=\"https:\/\/www.20minutes.fr\/dossier\/cgt\" class=\"c-link c-link--is-underlined\" target=\"_blank\" rel=\"noopener\">CGT<\/a>, FO, CFE-CGC, CFTC, Unsa et Solidaires) se r\u00e9unit ce vendredi \u00e0 8 heures au si\u00e8ge de la CFDT \u00e0 Paris pour discuter d\u2019une date d\u2019une mobilisation unitaire en septembre. Une conf\u00e9rence de presse est pr\u00e9vue dans la foul\u00e9e, \u00e0 10 heures.<\/p>\n<p>Initialement programm\u00e9e \u00e0 lundi prochain, cette r\u00e9union a \u00e9t\u00e9 avanc\u00e9e \u00e0 la suite de l\u2019annonce d\u2019un <a href=\"https:\/\/www.20minutes.fr\/dossier\/vote_de_confiance\" class=\"c-link c-link--is-underlined\" target=\"_blank\" rel=\"noopener\">vote de confiance<\/a> \u00e0 l\u2019Assembl\u00e9e nationale le 8\u00a0septembre. \u00ab\u00a0La situation politique et celle du pays ont n\u00e9cessit\u00e9 une rencontre plus rapide\u00a0\u00bb, avaient pr\u00e9cis\u00e9 les organisateurs. Au menu des discussions\u00a0: trouver une date de mobilisation alors qu\u2019un collectif a d\u00e9j\u00e0 appel\u00e9 \u00e0 bloquer tout le pays le 10\u00a0septembre.<\/p>\n<p>Le tirage au sort de la <a href=\"https:\/\/www.20minutes.fr\/sport\/ligue_des_champions\/\" target=\"_blank\" class=\"c-link c-link--is-underlined\" rel=\"noopener\">Ligue des champions<\/a> a r\u00e9serv\u00e9 un programme explosif aux clubs fran\u00e7ais. Le <a href=\"https:\/\/www.20minutes.fr\/sport\/psg\/\" target=\"_blank\" class=\"c-link c-link--is-underlined\" rel=\"noopener\">PSG<\/a> devra affronter le <a href=\"https:\/\/www.20minutes.fr\/sport\/bayern_munich\/\" target=\"_blank\" class=\"c-link c-link--is-underlined\" rel=\"noopener\">Bayern Munich<\/a>, le <a href=\"https:\/\/www.20minutes.fr\/sport\/fc_barcelone\/\" target=\"_blank\" class=\"c-link c-link--is-underlined\" rel=\"noopener\">FC Barcelone<\/a> de Lamine Yamal, Tottenham et Newcastle dans une phase de poules qui s\u2019annonce comme un v\u00e9ritable parcours du combattant. M\u00eame les \u00e9quipes en reconstruction comme l\u2019Atalanta, Leverkusen ou le Sporting Portugal restent des adversaires dangereux.<\/p>\n<p>L\u2019<a href=\"https:\/\/www.20minutes.fr\/sport\/om\/\" target=\"_blank\" class=\"c-link c-link--is-underlined\" rel=\"noopener\">Olympique de Marseille<\/a>, qui retrouve la C1, n\u2019a pas \u00e9t\u00e9 mieux servi avec le <a href=\"https:\/\/www.20minutes.fr\/sport\/real_madrid\/\" target=\"_blank\" class=\"c-link c-link--is-underlined\" rel=\"noopener\">Real Madrid<\/a>, <a href=\"https:\/\/www.20minutes.fr\/sport\/liverpool\/\" target=\"_blank\" class=\"c-link c-link--is-underlined\" rel=\"noopener\">Liverpool<\/a>, Newcastle et l\u2019Ajax. Si le V\u00e9lodrome promet des ambiances br\u00fblantes face aux cadors europ\u00e9ens, les d\u00e9placements en Belgique et aux Pays-Bas risquent aussi de tendre le calendrier des Phoc\u00e9ens.<\/p>\n<p>L\u2019<a href=\"https:\/\/www.20minutes.fr\/sport\/as_monaco\/\" target=\"_blank\" class=\"c-link c-link--is-underlined\" rel=\"noopener\">AS Monaco<\/a>, enfin, devra composer avec <a href=\"https:\/\/www.20minutes.fr\/sport\/manchester_city\/\" target=\"_blank\" class=\"c-link c-link--is-underlined\" rel=\"noopener\">Manchester City<\/a>, la <a href=\"https:\/\/www.20minutes.fr\/sport\/juventus_turin\/\" target=\"_blank\" class=\"c-link c-link--is-underlined\" rel=\"noopener\">Juventus<\/a> et le Real Madrid, tout en encha\u00eenant de longs voyages jusqu\u2019en Norv\u00e8ge pour d\u00e9fier Bodo Glimt et \u00e0 Chypre face au Pafos FC. Un d\u00e9fi sportif et logistique qui pourrait peser lourd sur la dynamique mon\u00e9gasque.<\/p>\n","protected":false},"excerpt":{"rendered":"Vous avez manqu\u00e9 les infos de ce d\u00e9but de matin\u00e9e\u00a0? On vous a concoct\u00e9 un r\u00e9cap&rsquo; pour vous&hellip;\n","protected":false},"author":2,"featured_media":351746,"comment_status":"","ping_status":"","sticky":false,"template":"","format":"standard","meta":{"footnotes":""},"categories":[1888],"tags":[1111,1928,47,11,1927,2266,1270,5949,1777,674,63,1011,27,16748,447,27636,12,1926,2333,626,1925,2332,316,417,25,104,11564,1269],"class_list":{"0":"post-351745","1":"post","2":"type-post","3":"status-publish","4":"format-standard","5":"has-post-thumbnail","7":"category-paris","8":"tag-actu","9":"tag-actu-paris","10":"tag-actualite","11":"tag-actualites","12":"tag-actualites-paris","13":"tag-as-monaco","14":"tag-cfdt","15":"tag-elections","16":"tag-eu","17":"tag-europe","18":"tag-football","19":"tag-fr","20":"tag-france","21":"tag-lamine-yamal","22":"tag-ligue-des-champions","23":"tag-michel-barnier","24":"tag-news","25":"tag-news-paris","26":"tag-olympique-de-marseille-om","27":"tag-paris","28":"tag-paris-news","29":"tag-paris-saint-germain-psg","30":"tag-politique","31":"tag-rachida-dati","32":"tag-republique-francaise","33":"tag-societe","34":"tag-syndicat","35":"tag-unsa"},"share_on_mastodon":{"url":"https:\/\/pubeurope.com\/@fr\/115111282786410431","error":""},"_links":{"self":[{"href":"https:\/\/www.europesays.com\/fr\/wp-json\/wp\/v2\/posts\/351745","targetHints":{"allow":["GET"]}}],"collection":[{"href":"https:\/\/www.europesays.com\/fr\/wp-json\/wp\/v2\/posts"}],"about":[{"href":"https:\/\/www.europesays.com\/fr\/wp-json\/wp\/v2\/types\/post"}],"author":[{"embeddable":true,"href":"https:\/\/www.europesays.com\/fr\/wp-json\/wp\/v2\/users\/2"}],"replies":[{"embeddable":true,"href":"https:\/\/www.europesays.com\/fr\/wp-json\/wp\/v2\/comments?post=351745"}],"version-history":[{"count":0,"href":"https:\/\/www.europesays.com\/fr\/wp-json\/wp\/v2\/posts\/351745\/revisions"}],"wp:featuredmedia":[{"embeddable":true,"href":"https:\/\/www.europesays.com\/fr\/wp-json\/wp\/v2\/media\/351746"}],"wp:attachment":[{"href":"https:\/\/www.europesays.com\/fr\/wp-json\/wp\/v2\/media?parent=351745"}],"wp:term":[{"taxonomy":"category","embeddable":true,"href":"https:\/\/www.europesays.com\/fr\/wp-json\/wp\/v2\/categories?post=351745"},{"taxonomy":"post_tag","embeddable":true,"href":"https:\/\/www.europesays.com\/fr\/wp-json\/wp\/v2\/tags?post=351745"}],"curies":[{"name":"wp","href":"https:\/\/api.w.org\/{rel}","templated":true}]}}