{"id":351747,"date":"2025-08-29T09:12:12","date_gmt":"2025-08-29T09:12:12","guid":{"rendered":"https:\/\/www.europesays.com\/fr\/351747\/"},"modified":"2025-08-29T09:12:12","modified_gmt":"2025-08-29T09:12:12","slug":"paris-45-millions-deuros-damendes-infligees-pour-affichage-sauvage","status":"publish","type":"post","link":"https:\/\/www.europesays.com\/fr\/351747\/","title":{"rendered":"Paris: 4,5 millions d&rsquo;euros d&rsquo;amendes inflig\u00e9es pour affichage sauvage"},"content":{"rendered":"<p>\n                                        <b>Par<\/b><br \/>\n                                        <br \/>AFP\n                                    <\/p>\n<p>\n                                    <b>Publi\u00e9 le<\/b><br \/>\n                                    <\/p>\n<p>                                        29 ao\u00fbt 2025<\/p>\n<p class=\"article-content col-md-8 offset-md-1\">\n                                La mairie de Paris a inflig\u00e9 4,5 millions d&rsquo;euros d&rsquo;amendes pour affichage commercial sauvage depuis janvier 2024, verbalisant 122 annonceurs et entreprises pour lutter contre la pollution visuelle de l&rsquo;espace public, a-t-elle indiqu\u00e9 jeudi \u00e0 l&rsquo;AFP.<\/p>\n<p><img decoding=\"async\" class=\"news-image\" style=\"width:100%;\" src=\"https:\/\/www.europesays.com\/fr\/wp-content\/uploads\/2025\/08\/10c8.jpg\" alt=\"L'Arc de Triomphe \u00e0 Paris\" loading=\"lazy\"\/>L&rsquo;Arc de Triomphe \u00e0 Paris &#8211; Shutterstock<\/p>\n<p>Ces amendes administratives, qui s&rsquo;\u00e9l\u00e8vent \u00e0 \u00ab\u00a01.500 euros par affiche\u00a0\u00bb, sont \u00ab\u00a0\u00e9videmment dissuasives\u00a0\u00bb et, lorsqu&rsquo;elles sont cumul\u00e9es, \u00ab\u00a0peuvent rapidement faire des montants importants\u00a0\u00bb, a pr\u00e9cis\u00e9 \u00e0 l&rsquo;AFP l&rsquo;adjoint en charge de la pr\u00e9vention, de la s\u00e9curit\u00e9 et de la police municipale, Nicolas Nordman.<\/p>\n<p>\u00ab\u00a0On parle ici de l&rsquo;affichage sur tous les lieux non autoris\u00e9s et ils sont nombreux: des agrafages sur les arbres, des collages sur les vitrines de commerces inoccup\u00e9s, mais aussi directement sur des b\u00e2timents, priv\u00e9s, publics et m\u00eame parfois historiques\u00a0\u00bb, souligne l&rsquo;adjoint.<\/p>\n<p class=\"col-md-8 offset-md-1 article-content--texte\">Comme les autres communes, la mairie de Paris a r\u00e9cup\u00e9r\u00e9 au 1er janvier 2024 la comp\u00e9tence de verbalisation de l&rsquo;affichage sauvage, auparavant aux mains de l&rsquo;\u00c9tat, dans le cadre d&rsquo;un amendement de la loi Climat et R\u00e9silience vot\u00e9e en ao\u00fbt 2021.<\/p>\n<p>\u00ab\u00a0On s&rsquo;est \u00e9videmment saisi de cette nouvelle comp\u00e9tence, en mobilisant tr\u00e8s activement la police municipale et les services de la propret\u00e9 qui interviennent en tandem sur cette lutte contre l&rsquo;affichage sauvage\u00a0\u00bb, a assur\u00e9 l&rsquo;adjoint \u00e0 la propret\u00e9, Antoine Guillou.<\/p>\n<p>Parmi les contrevenants cit\u00e9s, des \u00ab\u00a0entreprises de luxe\u00a0\u00bb, comme \u00ab\u00a0<a class=\"fnwAddLinks\" href=\"https:\/\/tn.fashionnetwork.com\/tags-audemars-piguet\" title=\"Audemars Piguet\" target=\"_blank\" rel=\"noopener\">Audemars Piguet<\/a> ou <a class=\"fnwAddLinks\" href=\"https:\/\/tn.fashionnetwork.com\/tags-burberry\" title=\"Burberry\" target=\"_blank\" rel=\"noopener\">Burberry<\/a>\u00ab\u00a0, ou des \u00ab\u00a0marques de plus grande consommation\u00a0\u00bb, dont le g\u00e9ant am\u00e9ricain de l&rsquo;\u00e9quipement sportif, <a class=\"fnwAddLinks\" href=\"https:\/\/tn.fashionnetwork.com\/tags-nike\" title=\"Nike\" target=\"_blank\" rel=\"noopener\">Nike<\/a>.<\/p>\n<p>\u00ab\u00a0On a aussi des entreprises de production de musique\u00a0\u00bb, ajoute M. Guillou, citant entre autres des acteurs culturels comme les labels <a class=\"fnwAddLinks\" href=\"https:\/\/tn.fashionnetwork.com\/tags-sony\" title=\"Sony\" target=\"_blank\" rel=\"noopener\">Sony<\/a> et Warner, \u00ab\u00a0qui font des campagnes d&rsquo;affichage sauvage pour promouvoir tel ou tel artiste\u00a0\u00bb.<\/p>\n<p>Le montant total des amendes encourues (4.480.500 euros) en 2025 est nettement sup\u00e9rieur aux 2.446.500 euros factur\u00e9s en 2024. Un constat qui refl\u00e8terait une \u00ab\u00a0augmentation du nombre d&rsquo;amendes\u00a0\u00bb \u00e9mises davantage qu&rsquo;une hausse des pratiques d&rsquo;affichage.<\/p>\n<p>\u00ab\u00a0On voit quand m\u00eame une diminution du ph\u00e9nom\u00e8ne\u00a0\u00bb, observe Antoine Guillou. \u00ab\u00a0On a vraiment voulu mettre le paquet sur la lutte contre l&rsquo;affichage sauvage. Et on commence \u00e0 en voir les effets en termes de dissuasion\u00a0\u00bb.<\/p>\n<p>Souvent critiqu\u00e9e pour l&rsquo;entretien de ses rues, la mairie de Paris a fait de la lutte contre l&rsquo;affichage commercial sauvage, comme celle contre les tags et graffitis, un de ses chevaux de bataille. M\u00eame si elle a pu faire preuve de cl\u00e9mence vis-\u00e0-vis des messages f\u00e9ministes ou de l&rsquo;affichage politique en p\u00e9riode \u00e9lectorale.<\/p>\n<p>\u00ab\u00a0L&rsquo;affichage politique doit rester dans les supports d&rsquo;affichage pr\u00e9vus \u00e0 cet effet, sinon il s&rsquo;expose aux m\u00eames sanctions que les autres\u00a0\u00bb, rappelle n\u00e9anmoins M. Guillou.<\/p>\n<p>Paris, 28 ao\u00fbt 2025 (AFP)\n                            <\/p>\n<p>\n                                Tous droits de reproduction et de repr\u00e9sentation r\u00e9serv\u00e9s.<br \/>\u00a9 2025 Agence France-Presse<br \/>Toutes les informations reproduites dans cette rubrique (ou sur cette page selon le cas) sont prot\u00e9g\u00e9es par des droits de propri\u00e9t\u00e9 intellectuelle d\u00e9tenus par l&rsquo;AFP. Par cons\u00e9quent, aucune de ces informations ne peut \u00eatre reproduite, modifi\u00e9e, rediffus\u00e9e, traduite, exploit\u00e9e commercialement ou r\u00e9utilis\u00e9e de quelque mani\u00e8re que ce soit sans l&rsquo;accord pr\u00e9alable \u00e9crit de l&rsquo;AFP. L&rsquo;AFP ne pourra \u00eatre tenue pour responsable des d\u00e9lais, erreurs, omissions qui ne peuvent \u00eatre exclus, ni des cons\u00e9quences des actions ou transactions effectu\u00e9es sur la base de ces informations.\n                            <\/p>\n","protected":false},"excerpt":{"rendered":"Par AFP Publi\u00e9 le 29 ao\u00fbt 2025 La mairie de Paris a inflig\u00e9 4,5 millions d&rsquo;euros d&rsquo;amendes pour&hellip;\n","protected":false},"author":2,"featured_media":351748,"comment_status":"","ping_status":"","sticky":false,"template":"","format":"standard","meta":{"footnotes":""},"categories":[1888],"tags":[1111,1928,11,1927,48839,2424,48838,537,2423,1777,674,1011,27,2425,985,12,1926,14460,2298,626,1925,2426,2427,25,2421,8209,2422],"class_list":{"0":"post-351747","1":"post","2":"type-post","3":"status-publish","4":"format-standard","5":"has-post-thumbnail","7":"category-paris","8":"tag-actu","9":"tag-actu-paris","10":"tag-actualites","11":"tag-actualites-paris","12":"tag-audemars-piguet","13":"tag-beaute","14":"tag-burberry","15":"tag-contact","16":"tag-cosmetiques","17":"tag-eu","18":"tag-europe","19":"tag-fr","20":"tag-france","21":"tag-luxe","22":"tag-mode","23":"tag-news","24":"tag-news-paris","25":"tag-nike","26":"tag-parfum","27":"tag-paris","28":"tag-paris-news","29":"tag-professionnel","30":"tag-professionnels","31":"tag-republique-francaise","32":"tag-reseau","33":"tag-sony","34":"tag-textile"},"share_on_mastodon":{"url":"","error":""},"_links":{"self":[{"href":"https:\/\/www.europesays.com\/fr\/wp-json\/wp\/v2\/posts\/351747","targetHints":{"allow":["GET"]}}],"collection":[{"href":"https:\/\/www.europesays.com\/fr\/wp-json\/wp\/v2\/posts"}],"about":[{"href":"https:\/\/www.europesays.com\/fr\/wp-json\/wp\/v2\/types\/post"}],"author":[{"embeddable":true,"href":"https:\/\/www.europesays.com\/fr\/wp-json\/wp\/v2\/users\/2"}],"replies":[{"embeddable":true,"href":"https:\/\/www.europesays.com\/fr\/wp-json\/wp\/v2\/comments?post=351747"}],"version-history":[{"count":0,"href":"https:\/\/www.europesays.com\/fr\/wp-json\/wp\/v2\/posts\/351747\/revisions"}],"wp:featuredmedia":[{"embeddable":true,"href":"https:\/\/www.europesays.com\/fr\/wp-json\/wp\/v2\/media\/351748"}],"wp:attachment":[{"href":"https:\/\/www.europesays.com\/fr\/wp-json\/wp\/v2\/media?parent=351747"}],"wp:term":[{"taxonomy":"category","embeddable":true,"href":"https:\/\/www.europesays.com\/fr\/wp-json\/wp\/v2\/categories?post=351747"},{"taxonomy":"post_tag","embeddable":true,"href":"https:\/\/www.europesays.com\/fr\/wp-json\/wp\/v2\/tags?post=351747"}],"curies":[{"name":"wp","href":"https:\/\/api.w.org\/{rel}","templated":true}]}}