{"id":351753,"date":"2025-08-29T09:21:07","date_gmt":"2025-08-29T09:21:07","guid":{"rendered":"https:\/\/www.europesays.com\/fr\/351753\/"},"modified":"2025-08-29T09:21:07","modified_gmt":"2025-08-29T09:21:07","slug":"accrochages-verbaux-a-repetition-entre-le-gouvernement-hongrois-de-viktor-orban-et-lukraine-le-monde-fr","status":"publish","type":"post","link":"https:\/\/www.europesays.com\/fr\/351753\/","title":{"rendered":"Accrochages verbaux \u00e0 r\u00e9p\u00e9tition entre le gouvernement hongrois de Viktor Orban et l&#039;Ukraine &#8211; Le Monde.fr"},"content":{"rendered":"<ol>\n<li><a href=\"https:\/\/news.google.com\/rss\/articles\/CBMi-gFBVV95cUxOZl9UWTZuQTJzSHZuUnhEUDlOUU9FVENNajVwVHA5U0t0Z3JSdGVEbVFwSHZMNzlRZzZoeEdlemVBOHFLUmZuSjRPS1BWMmtyTTRGaW5FdFlOSk1wUVBqcldISUFUOGxUdUYyU1dXc0t4S1VIYjJVSE1tbjlBRVZ0ejl3c2JBSWhqZ3duN3FCU1ZwUFNmUlRTQW1LR3J4OGo2eFBBa3p4bllMYlpqZkcyWFFqVGc0emxSblZCZFA4al9IUTNtSl9fSmR5cDhrWWlQSlZGUGUtWFdUVmxKMWlmZmphSmFXaDlKWEtCUTF0QkNYRTlyMElKZzhB?oc=5\" target=\"_blank\" rel=\"nofollow noopener\">Accrochages verbaux \u00e0 r\u00e9p\u00e9tition entre le gouvernement hongrois de Viktor Orban et l&rsquo;Ukraine<\/a>&nbsp;&nbsp;Le Monde.fr<\/li>\n<li><a href=\"https:\/\/news.google.com\/rss\/articles\/CBMixAFBVV95cUxNMVMzUDA3cmdCdEdoeTVhVzU3NnVqaXJVcU5OdXVvVktLTWxjQ0NyVGVNSDlmYkgwVUh2NGFFSS1XcFJLR0lCcVpkcnpOTTh0dm56VGFMNS1ObG1LNTFQbnVnOU00czI3YzB0R1lubFI5SXhmSldWWDdBcXRhSGpSQ3RiLU84dlBudTVrTnJoUC15MTZnZ3NLQXlra2dIcy1RQ0lCQzFlOFR0Nk01N1MtSC1RMmNIeE1GWTJvQzZzbmRENVhi?oc=5\" target=\"_blank\" rel=\"nofollow noopener\">L\u2019ol\u00e9oduc qui alimente la Hongrie en p\u00e9trole brut sib\u00e9rien frapp\u00e9 par l\u2019Ukraine<\/a>&nbsp;&nbsp;Le Figaro<\/li>\n<li><a href=\"https:\/\/news.google.com\/rss\/articles\/CBMixAFBVV95cUxObGhoMFFqY0NUN1Azalh4MDdSSG1aNDl4eFNBOE16M0dHLXh3VVVPSlF0Yk5mVzBKVTRLbnNxeDM2ZHVfMlZ1Y2dRSEc3Y1ZhMWgxNlJ4RHpjbDlyUlppWmhuSGYwcnI0ZmxLZG5hX0szZTZVaDJGN0hGNE94RFJlM0F3TktWY2Vzc3BfYlRheWtXY0xVbE1LU1hOdXVBVzdZU0NsTWlCMk4xd2hvMUFBWm1tRktYRFBYSlU4NHViMU85c1Jp?oc=5\" target=\"_blank\" rel=\"nofollow noopener\">Quand le pipeline de l\u2019amiti\u00e9 divise l\u2019Ukraine et l\u2019Europe centrale<\/a>&nbsp;&nbsp;20 Minutes<\/li>\n<li><a href=\"https:\/\/news.google.com\/rss\/articles\/CBMi2wFBVV95cUxOYUVrLV8yc0toOXIza3JwVGVzZUNWazBkQWxXeG40dlFjMjdDWXR1UXBNOEpUS0otQ0RqWDZCU053UWZtRkJCR2JoY0Q3ODl2WFJKc05TRF8wMUREQ20tUEFoWjloanRDaU5ONVJNR3lfTlhFVlFiSDlQeXRDajBWbmQ2UklPTlktSXBfbWxaTHhWU094MHdWX1IxTnJpeFU3VXVwRjBoZkhlT3VlNk9uYnJYcmZnVVFsbnZYLTFnZmZ2aVRXSjc5MkhYbFQ1dUNWWXJmY2thZFhmVW8?oc=5\" target=\"_blank\" rel=\"nofollow noopener\">Hongrie: Budapest sanctionne un commandant ukrainien apr\u00e8s les livraisons perturb\u00e9es de p\u00e9trole russe<\/a>&nbsp;&nbsp;RFI<\/li>\n<li><a href=\"https:\/\/news.google.com\/rss\/articles\/CBMi2AFBVV95cUxPT3pBdDgwX3pMeW1sazVfel83TFhueDdaQzMyOEMzVnVlLW9GRVk1RmtFWG1wTE9Xd09hQ1paa3ZkRWtac2VueDdZQm1jMEpNWnAzZk5VZU9DY0ZuV0diclNwckdWSHJPVGhlNXpnMUxIMmZJeU4yQzBZS1ZXaTZwUGlsdUx0NU13NktjVjdxbnYwN2gxNlpXUjhaOEpVUmVMR2VTZ0gxTDhRc1h0ZDJGU3B2dEltS3BpSnlQbGFPQm1SX2UzN1hEX1hsNUxSSW5TZTdBVW5kTEE?oc=5\" target=\"_blank\" rel=\"nofollow noopener\">Pipeline, relation avec Poutine, minorit\u00e9 ethnique\u2026 La guerre des mots entre Hongrie et Ukraine s&rsquo;envenime<\/a>&nbsp;&nbsp;Marianne<\/li>\n<\/ol>\n","protected":false},"excerpt":{"rendered":"Accrochages verbaux \u00e0 r\u00e9p\u00e9tition entre le gouvernement hongrois de Viktor Orban et l&rsquo;Ukraine&nbsp;&nbsp;Le Monde.fr L\u2019ol\u00e9oduc qui alimente la&hellip;\n","protected":false},"author":2,"featured_media":1445,"comment_status":"","ping_status":"","sticky":false,"template":"","format":"standard","meta":{"footnotes":""},"categories":[1590],"tags":[11,1777,674,12,220],"class_list":{"0":"post-351753","1":"post","2":"type-post","3":"status-publish","4":"format-standard","5":"has-post-thumbnail","7":"category-ukraine","8":"tag-actualites","9":"tag-eu","10":"tag-europe","11":"tag-news","12":"tag-ukraine"},"share_on_mastodon":{"url":"https:\/\/pubeurope.com\/@fr\/115111322160184783","error":""},"_links":{"self":[{"href":"https:\/\/www.europesays.com\/fr\/wp-json\/wp\/v2\/posts\/351753","targetHints":{"allow":["GET"]}}],"collection":[{"href":"https:\/\/www.europesays.com\/fr\/wp-json\/wp\/v2\/posts"}],"about":[{"href":"https:\/\/www.europesays.com\/fr\/wp-json\/wp\/v2\/types\/post"}],"author":[{"embeddable":true,"href":"https:\/\/www.europesays.com\/fr\/wp-json\/wp\/v2\/users\/2"}],"replies":[{"embeddable":true,"href":"https:\/\/www.europesays.com\/fr\/wp-json\/wp\/v2\/comments?post=351753"}],"version-history":[{"count":0,"href":"https:\/\/www.europesays.com\/fr\/wp-json\/wp\/v2\/posts\/351753\/revisions"}],"wp:featuredmedia":[{"embeddable":true,"href":"https:\/\/www.europesays.com\/fr\/wp-json\/wp\/v2\/media\/1445"}],"wp:attachment":[{"href":"https:\/\/www.europesays.com\/fr\/wp-json\/wp\/v2\/media?parent=351753"}],"wp:term":[{"taxonomy":"category","embeddable":true,"href":"https:\/\/www.europesays.com\/fr\/wp-json\/wp\/v2\/categories?post=351753"},{"taxonomy":"post_tag","embeddable":true,"href":"https:\/\/www.europesays.com\/fr\/wp-json\/wp\/v2\/tags?post=351753"}],"curies":[{"name":"wp","href":"https:\/\/api.w.org\/{rel}","templated":true}]}}