{"id":351756,"date":"2025-08-29T09:23:13","date_gmt":"2025-08-29T09:23:13","guid":{"rendered":"https:\/\/www.europesays.com\/fr\/351756\/"},"modified":"2025-08-29T09:23:13","modified_gmt":"2025-08-29T09:23:13","slug":"backdoor-icloud-le-royaume-uni-voulait-un-acces-elargi-aux-donnees-dutilisateurs","status":"publish","type":"post","link":"https:\/\/www.europesays.com\/fr\/351756\/","title":{"rendered":"Backdoor iCloud : le Royaume-Uni voulait un acc\u00e8s \u00e9largi aux donn\u00e9es d&rsquo;utilisateurs"},"content":{"rendered":"<p><strong>Un nouveau document judiciaire r\u00e9v\u00e8le que le gouvernement britannique a cherch\u00e9 \u00e0 imposer \u00e0 Apple une porte d\u00e9rob\u00e9e (backdoor) pour acc\u00e9der aux donn\u00e9es priv\u00e9es d\u2019iCloud de tous ses clients et non une partie, comme le rapporte le <a href=\"https:\/\/www.ft.com\/content\/fe2c9ae1-d175-4eb9-909e-0b171f6d097c\" rel=\"external nofollow noopener\" target=\"_blank\">Financial Times<\/a>.<\/strong><\/p>\n<p><img loading=\"lazy\" decoding=\"async\" class=\"aligncenter size-large wp-image-240103\" src=\"https:\/\/www.europesays.com\/fr\/wp-content\/uploads\/2025\/07\/iCloud-Logo-1200x600.jpg\" alt=\"iCloud Logo\" width=\"739\" height=\"370\"  \/><\/p>\n<p>Ce document, publi\u00e9 par l\u2019Investigatory Powers Tribunal (IPT), sugg\u00e8re \u00e9galement que le minist\u00e8re de l\u2019Int\u00e9rieur (Home Office) n\u2019a pas modifi\u00e9 sa demande d\u2019acc\u00e8s aux donn\u00e9es de clients hors du Royaume-Uni, malgr\u00e9 <a href=\"https:\/\/iphoneaddict.fr\/post\/news-413969-backdoor-icloud-royaume-uni-noblige-plus-apple-espionner-americains\" target=\"_blank\" rel=\"noopener\">des d\u00e9clarations r\u00e9centes de l\u2019administration Trump<\/a> affirmant que Londres avait accept\u00e9 d\u2019abandonner ses efforts pour acc\u00e9der aux informations des citoyens am\u00e9ricains.<\/p>\n<p>Une bataille juridique en lien avec iCloud<\/p>\n<p>Apple a lanc\u00e9 <a href=\"https:\/\/iphoneaddict.fr\/post\/news-402496-apple-entame-lutte-contre-backdoor-dicloud-voulue-royaume-uni\" target=\"_blank\" rel=\"noopener\">un recours l\u00e9gal en mars<\/a> aupr\u00e8s de l\u2019IPT, un organe judiciaire ind\u00e9pendant examinant les plaintes contre les services de s\u00e9curit\u00e9 britanniques, pour contester une consigne du minist\u00e8re de l\u2019Int\u00e9rieur exigeant une backdoor au niveau des syst\u00e8mes de stockage cloud les plus s\u00e9curis\u00e9s de l\u2019entreprise. Cet ordre, <a href=\"https:\/\/iphoneaddict.fr\/post\/news-401072-royaume-uni-ordonne-apple-lui-donner-acces-donnees-chiffrees-mondiales-utilisateurs-icloud\" target=\"_blank\" rel=\"noopener\">\u00e9mis en janvier<\/a>, a d\u00e9clench\u00e9 un conflit majeur sur le chiffrement, le plus significatif depuis pr\u00e8s d\u2019une d\u00e9cennie, cr\u00e9ant des tensions entre le gouvernement britannique de Keir Starmer et l\u2019administration Trump.<\/p>\n<p>Le document IPT, pr\u00e9par\u00e9 par deux juges, expose les faits pr\u00e9sum\u00e9s pour une audience pr\u00e9vue d\u00e9but 2026. L\u2019IPT a accept\u00e9 d\u2019entendre la plainte d\u2019Apple en audience publique, mais le gouvernement refuse de confirmer ou d\u2019infirmer l\u2019existence de l\u2019ordre, obligeant \u00e0 traiter les enjeux comme des faits pr\u00e9sum\u00e9s pour respecter l\u2019Official Secrets Act, \u00e0 savoir une l\u00e9gislation qui prot\u00e8ge les secrets d\u2019\u00c9tat et l\u2019information officielle.<\/p>\n<p>Une backdoor pour un acc\u00e8s \u00e0 l\u2019\u00e9chelle mondiale<\/p>\n<p>Apple a re\u00e7u un avis de capacit\u00e9 technique (TCN) du minist\u00e8re de l\u2019Int\u00e9rieur il y a plusieurs mois, dont elle ne peut discuter publiquement en raison de la loi Investigatory Powers Act. En r\u00e9ponse, l\u2019entreprise <a href=\"https:\/\/iphoneaddict.fr\/post\/news-401885-apple-retire-chiffrement-icloud-royaume-uni-refusant-creer-backdoor\" target=\"_blank\" rel=\"noopener\">a retir\u00e9 en f\u00e9vrier<\/a> l\u2019option de protection avanc\u00e9e des donn\u00e9es (ADP), une couche de chiffrement suppl\u00e9mentaire pour iCloud, pour les clients britanniques.<\/p>\n<p>Cependant, le document IPT pr\u00e9cise que le TCN n\u2019est pas limit\u00e9 aux donn\u00e9es prot\u00e9g\u00e9es par ADP, mais vise un acc\u00e8s en masse au service iCloud standard, utilis\u00e9 par un plus grand nombre de clients. Il inclut des obligations pour fournir et maintenir un acc\u00e8s \u00e0 des cat\u00e9gories de donn\u00e9es, comme les messages ou mots de passe sauvegard\u00e9s dans le cloud.<\/p>\n<p><img loading=\"lazy\" decoding=\"async\" class=\"aligncenter size-large wp-image-227957\" src=\"https:\/\/www.europesays.com\/fr\/wp-content\/uploads\/2025\/08\/iCloud-logo-1084x720.jpg\" alt=\"iCloud Logo\" width=\"739\" height=\"491\"  \/><\/p>\n<p>Surtout, le TCN s\u2019applique globalement, visant les donn\u00e9es de tous les utilisateurs iCloud, quel que soit leur pays, gr\u00e2ce aux pouvoirs extraterritoriaux de l\u2019Investigatory Powers Act. Cette loi, critiqu\u00e9e comme une charte des espions, est d\u00e9fendue par le Royaume-Uni comme essentielle pour lutter contre le terrorisme et les abus sexuels sur enfants.<\/p>\n<p>Des tensions diplomatiques et des ambigu\u00eft\u00e9s<\/p>\n<p>La semaine derni\u00e8re, Tulsi Gabbard, directrice du renseignement national de Donald Trump, a affirm\u00e9 que le Royaume-Uni avait renonc\u00e9 \u00e0 exiger une backdoor permettant d\u2019acc\u00e9der aux donn\u00e9es chiffr\u00e9es des citoyens am\u00e9ricains, apr\u00e8s des pressions du vice-pr\u00e9sident JD Vance.<\/p>\n<p>Cependant, le document IPT ne pr\u00e9cise pas si cette port\u00e9e globale refl\u00e8te l\u2019ordre initial ou indique que le minist\u00e8re de l\u2019Int\u00e9rieur n\u2019a pas encore limit\u00e9 son champ d\u2019application. Le document note \u00e9galement que le processus du TCN a d\u00e9but\u00e9 avant les amendements de l\u2019Investigatory Powers Act l\u2019ann\u00e9e derni\u00e8re.<\/p>\n<p>Un porte-parole du gouvernement britannique a refus\u00e9 de commenter les \u00ab\u00a0affaires op\u00e9rationnelles\u00a0\u00bb, y compris l\u2019existence des TCN, tout en soulignant que les arrangements de s\u00e9curit\u00e9 avec les \u00c9tats-Unis incluent des sauvegardes pour prot\u00e9ger la vie priv\u00e9e et la souverainet\u00e9, emp\u00eachant chaque pays de cibler les donn\u00e9es des citoyens de l\u2019autre.<\/p>\n<p>De son c\u00f4t\u00e9, Apple soutient que les obligations du TCN menacent la s\u00e9curit\u00e9 des utilisateurs et visent bien au-del\u00e0 de la fonction de protection avanc\u00e9e des donn\u00e9es, touchant l\u2019ensemble des donn\u00e9es iCloud.<\/p>\n","protected":false},"excerpt":{"rendered":"Un nouveau document judiciaire r\u00e9v\u00e8le que le gouvernement britannique a cherch\u00e9 \u00e0 imposer \u00e0 Apple une porte d\u00e9rob\u00e9e&hellip;\n","protected":false},"author":2,"featured_media":262823,"comment_status":"","ping_status":"","sticky":false,"template":"","format":"standard","meta":{"footnotes":""},"categories":[1588],"tags":[11,2474,1777,674,4265,303,12,473,1853,656,1851,1850,1852],"class_list":{"0":"post-351756","1":"post","2":"type-post","3":"status-publish","4":"format-standard","5":"has-post-thumbnail","7":"category-royaume-uni","8":"tag-actualites","9":"tag-etats-unis-usa","10":"tag-eu","11":"tag-europe","12":"tag-icloud","13":"tag-justice","14":"tag-news","15":"tag-royaume-uni","16":"tag-royaume-uni-de-grande-bretagne-et-dirlande-du-nord","17":"tag-securite","18":"tag-uk","19":"tag-united-kingdom","20":"tag-united-kingdom-of-great-britain-and-northern-ireland"},"share_on_mastodon":{"url":"https:\/\/pubeurope.com\/@fr\/115111330445221557","error":""},"_links":{"self":[{"href":"https:\/\/www.europesays.com\/fr\/wp-json\/wp\/v2\/posts\/351756","targetHints":{"allow":["GET"]}}],"collection":[{"href":"https:\/\/www.europesays.com\/fr\/wp-json\/wp\/v2\/posts"}],"about":[{"href":"https:\/\/www.europesays.com\/fr\/wp-json\/wp\/v2\/types\/post"}],"author":[{"embeddable":true,"href":"https:\/\/www.europesays.com\/fr\/wp-json\/wp\/v2\/users\/2"}],"replies":[{"embeddable":true,"href":"https:\/\/www.europesays.com\/fr\/wp-json\/wp\/v2\/comments?post=351756"}],"version-history":[{"count":0,"href":"https:\/\/www.europesays.com\/fr\/wp-json\/wp\/v2\/posts\/351756\/revisions"}],"wp:featuredmedia":[{"embeddable":true,"href":"https:\/\/www.europesays.com\/fr\/wp-json\/wp\/v2\/media\/262823"}],"wp:attachment":[{"href":"https:\/\/www.europesays.com\/fr\/wp-json\/wp\/v2\/media?parent=351756"}],"wp:term":[{"taxonomy":"category","embeddable":true,"href":"https:\/\/www.europesays.com\/fr\/wp-json\/wp\/v2\/categories?post=351756"},{"taxonomy":"post_tag","embeddable":true,"href":"https:\/\/www.europesays.com\/fr\/wp-json\/wp\/v2\/tags?post=351756"}],"curies":[{"name":"wp","href":"https:\/\/api.w.org\/{rel}","templated":true}]}}