{"id":351757,"date":"2025-08-29T09:24:17","date_gmt":"2025-08-29T09:24:17","guid":{"rendered":"https:\/\/www.europesays.com\/fr\/351757\/"},"modified":"2025-08-29T09:24:17","modified_gmt":"2025-08-29T09:24:17","slug":"allemagne-linflation-augmente-dans-quatre-lander-en-aout-29-08-2025-a-1116","status":"publish","type":"post","link":"https:\/\/www.europesays.com\/fr\/351757\/","title":{"rendered":"Allemagne-L&rsquo;inflation augmente dans quatre L\u00e4nder en ao\u00fbt &#8211; 29\/08\/2025 \u00e0 11:16"},"content":{"rendered":"<p>\n L&rsquo;inflation a augment\u00e9 dans<br \/>\nquatre L\u00e4nder allemands en ao\u00fbt, selon des donn\u00e9es pr\u00e9liminaires<br \/>\npubli\u00e9es vendredi, ce qui sugg\u00e8re que les chiffres au niveau<br \/>\nnational attendus dans la journ\u00e9e pourraient aussi \u00eatre orient\u00e9s<br \/>\n\u00e0 la hausse.\n<\/p>\n<p>\n En Rh\u00e9nanie-du-Nord-Westphalie, le taux d&rsquo;inflation en<br \/>\nglissement annuel est pass\u00e9 de 1,8% en juillet \u00e0 2% en ao\u00fbt<br \/>\ntandis qu&rsquo;il a grimp\u00e9 en Bavi\u00e8re, Bade-Wurtemberg et Basse-Saxe<br \/>\npour atteindre respectivement 2,1%, 2,5% et 2,2%.\n<\/p>\n<p>\n Les \u00e9conomistes interrog\u00e9s par Reuters s&rsquo;attendent \u00e0 ce que<br \/>\nl&rsquo;inflation harmonis\u00e9e dans la plus grande \u00e9conomie de la zone<br \/>\neuro augmente \u00e0 2,0% en ao\u00fbt apr\u00e8s 1,8% en juillet. Selon eux,<br \/>\nl&rsquo;inflation dans la zone euro, qui sera publi\u00e9e mardi, devrait<br \/>\nse maintenir \u00e0 2% en ao\u00fbt.\n<\/p>\n<p>\n La BCE, qui a laiss\u00e9 son principal taux directeur inchang\u00e9 \u00e0<br \/>\n2% lors de sa r\u00e9union des 23 et 24 juillet, devrait opter pour<br \/>\nle m\u00eame choix le mois prochain avant une \u00e9ventuelle inflexion \u00e0<br \/>\nl&rsquo;autonome, en particulier si l&rsquo;activit\u00e9 \u00e9conomique ralenti avec<br \/>\nles droits de douane am\u00e9ricains.\n<\/p>\n<p>\n (R\u00e9dig\u00e9 par Miranda Murray, version fran\u00e7aise Bertrand De<br \/>\nMeyer, \u00e9dit\u00e9 par Augustin Turpin)<\/p>\n","protected":false},"excerpt":{"rendered":"L&rsquo;inflation a augment\u00e9 dans quatre L\u00e4nder allemands en ao\u00fbt, selon des donn\u00e9es pr\u00e9liminaires publi\u00e9es vendredi, ce qui sugg\u00e8re&hellip;\n","protected":false},"author":2,"featured_media":2486,"comment_status":"","ping_status":"","sticky":false,"template":"","format":"standard","meta":{"footnotes":""},"categories":[1587],"tags":[400,11,672,398,408,1804,405,1805,1803,1777,674,1801,403,402,399,404,12,1802,401,406,407],"class_list":{"0":"post-351757","1":"post","2":"type-post","3":"status-publish","4":"format-standard","5":"has-post-thumbnail","7":"category-allemagne","8":"tag-action-cac-40","9":"tag-actualites","10":"tag-allemagne","11":"tag-bourse-de-paris","12":"tag-boursorama","13":"tag-bundesrepublik-deutschland","14":"tag-cotations","15":"tag-de","16":"tag-deutschland","17":"tag-eu","18":"tag-europe","19":"tag-germany","20":"tag-indices-devises","21":"tag-investir","22":"tag-investissement","23":"tag-marche-boursier","24":"tag-news","25":"tag-republique-federale-dallemagne","26":"tag-sicav","27":"tag-trackers","28":"tag-warrants"},"share_on_mastodon":{"url":"https:\/\/pubeurope.com\/@fr\/115111334028156686","error":""},"_links":{"self":[{"href":"https:\/\/www.europesays.com\/fr\/wp-json\/wp\/v2\/posts\/351757","targetHints":{"allow":["GET"]}}],"collection":[{"href":"https:\/\/www.europesays.com\/fr\/wp-json\/wp\/v2\/posts"}],"about":[{"href":"https:\/\/www.europesays.com\/fr\/wp-json\/wp\/v2\/types\/post"}],"author":[{"embeddable":true,"href":"https:\/\/www.europesays.com\/fr\/wp-json\/wp\/v2\/users\/2"}],"replies":[{"embeddable":true,"href":"https:\/\/www.europesays.com\/fr\/wp-json\/wp\/v2\/comments?post=351757"}],"version-history":[{"count":0,"href":"https:\/\/www.europesays.com\/fr\/wp-json\/wp\/v2\/posts\/351757\/revisions"}],"wp:featuredmedia":[{"embeddable":true,"href":"https:\/\/www.europesays.com\/fr\/wp-json\/wp\/v2\/media\/2486"}],"wp:attachment":[{"href":"https:\/\/www.europesays.com\/fr\/wp-json\/wp\/v2\/media?parent=351757"}],"wp:term":[{"taxonomy":"category","embeddable":true,"href":"https:\/\/www.europesays.com\/fr\/wp-json\/wp\/v2\/categories?post=351757"},{"taxonomy":"post_tag","embeddable":true,"href":"https:\/\/www.europesays.com\/fr\/wp-json\/wp\/v2\/tags?post=351757"}],"curies":[{"name":"wp","href":"https:\/\/api.w.org\/{rel}","templated":true}]}}