{"id":351760,"date":"2025-08-29T09:26:10","date_gmt":"2025-08-29T09:26:10","guid":{"rendered":"https:\/\/www.europesays.com\/fr\/351760\/"},"modified":"2025-08-29T09:26:10","modified_gmt":"2025-08-29T09:26:10","slug":"ue-etats-unis-la-commission-publie-sa-proposition-de-reglement-pour-mettre-en-oeuvre-laccord-sur-le-commerce","status":"publish","type":"post","link":"https:\/\/www.europesays.com\/fr\/351760\/","title":{"rendered":"UE \u2013 Etats-Unis : la Commission publie sa proposition de r\u00e8glement pour mettre en \u0153uvre l\u2019accord sur le commerce"},"content":{"rendered":"<p><strong>L\u2019ex\u00e9cutif europ\u00e9en a publi\u00e9 le 28 ao\u00fbt une proposition de r\u00e8glement visant \u00e0 mettre en \u0153uvre une part des engagements de l\u2019Union europ\u00e9enne dans la d\u00e9claration commune sur le commerce et les investissements sign\u00e9e avec l\u2019administration Trump le 21 ao\u00fbt. Elles concernent l\u2019\u00e9limination des droits de douane sur les produits am\u00e9ricains couvert par l\u2019accord, dont le homard, qui conditionne la baisse tarifaire sur l\u2019automobile. Revue de d\u00e9tail.<\/strong><\/p>\n<p>Le temps presse et la Commission europ\u00e9enne n\u2019a pas perdu de temps. La proposition de r\u00e8glement publi\u00e9e le 28 ao\u00fbt \u2013 un texte principal et une annexe concernant le homard \u2013 vise \u00e0 mettre en \u0153uvre les engagements de l\u2019Unions europ\u00e9enne (UE) contenus dans la<a href=\"https:\/\/www.lemoci.com\/actualites\/actualites\/ue-etats-unis-les-points-cles-du-nouvel-accord-cadre-sur-le-commerce-et-les-investissements-transatlantiques\/\" target=\"_blank\" rel=\"noopener\"><strong> d\u00e9claration conjointe UE-\u00c9tats-Unis du 21 ao\u00fbt<\/strong><\/a> en mati\u00e8re de r\u00e9duction des droits de douane appliqu\u00e9s sur une bonne partie des produits am\u00e9ricains, plus pr\u00e9cis\u00e9ment la section n\u00b01 (pour l\u2019UE).<\/p>\n<blockquote>\n<p><strong>La proposition de r\u00e8glement est en ligne (en anglais) sur le site de la Commission : <a href=\"https:\/\/ec.europa.eu\/transparency\/documents-register\/detail?ref=COM(2025)471&amp;lang=en\" target=\"_blank\" rel=\"noopener\">cliquez ICI<\/a><\/strong><\/p>\n<\/blockquote>\n<p>Cette mise en \u0153uvre conditionne notamment la fin de la surtaxe douani\u00e8re de 25 % appliqu\u00e9e par les \u00c9tats-Unis <strong>au secteur automobile europ\u00e9en<\/strong> \u00e0 compter du 1er ao\u00fbt, qui a port\u00e9 le taux de droits de douane sur ce secteur \u00e0 27,5 %. Il s\u2019agit de permettre \u00e0 ce dernier de b\u00e9n\u00e9ficier du taux de droit de douane maximum de <strong>15 %<\/strong> obtenu par les n\u00e9gociateurs europ\u00e9ens.<\/p>\n<p>Dans le d\u00e9tail, le premier texte de r\u00e8glement concerne<strong> l\u2019\u00e9limination des droits de douane europ\u00e9ens sur les produits industriels d\u2019origine am\u00e9ricaine<\/strong> et l\u2019ouverture d\u2019un <strong>acc\u00e8s pr\u00e9f\u00e9rentiel<\/strong> au march\u00e9 europ\u00e9en \u00e0 une gamme de produits de la mer et de produits agricoles \u00ab\u00a0non sensibles \u00bb am\u00e9ricains. Le deuxi\u00e8me document en annexe propose de prolonger le traitement en franchise de droits de douane du <strong>homard<\/strong>, y compris le homard transform\u00e9.<\/p>\n<p>La proposition de r\u00e8glement doit \u00eatre \u00e0 pr\u00e9sent examin\u00e9e et <strong>approuv\u00e9e par le Parlement et le Conseil europ\u00e9ens<\/strong> dans le cadre de la proc\u00e9dure l\u00e9gislative ordinaire, avant que les r\u00e9ductions tarifaires de l\u2019UE puissent entrer en vigueur.<\/p>\n<p>Dans un communiqu\u00e9, la Commission insiste sur les enjeux de l\u2019adoption de cette propositions de r\u00e8glement, sa mise en application effective conditionnant la mise en \u0153uvre de leurs engagements par les \u00c9tats-Unis en mati\u00e8re de r\u00e9duction de droits de douane.<\/p>\n<p>\u00ab\u00a0Conform\u00e9ment \u00e0 la section 3 de la d\u00e9claration conjointe UE-\u00c9tats-Unis, les \u00c9tats-Unis devraient appliquer le plafond tarifaire am\u00e9ricain de 15 % convenu pour les voitures et les pi\u00e8ces automobiles de l\u2019UE, rappelle la Commission. Ces r\u00e9ductions tarifaires de 27,5 % \u00e0 15 % devraient entrer en vigueur le premier jour du m\u00eame mois au cours duquel les propositions l\u00e9gislatives de l\u2019Union europ\u00e9enne sont introduites, c\u2019est-\u00e0-dire le 1er ao\u00fbt 2025\u00a0\u00bb. L\u2019ex\u00e9cutif europ\u00e9en estime \u00e0 <strong>500 millions d\u2019euros<\/strong> pour le seul mois d\u2019ao\u00fbt les \u00e9conomies en termes de paiement de droits de douane pour les constructeurs automobiles.<\/p>\n<p>Autre enjeu pour les Europ\u00e9ens\u00a0: la mise en \u0153uvre effective par les \u00c9tats-Unis de leur engagement d\u2019 imposer des <strong>droits de douane nuls ou quasi-nuls sur certaines cat\u00e9gories de produits<\/strong> pour lesquelles seul le droit de la nation la plus favoris\u00e9e (NPF) s\u2019appliquera, \u00e0 compter du 1er septembre\u00a0: ressources naturelles non disponibles, y compris le li\u00e8ge, toutes les pi\u00e8ces d\u2019a\u00e9ronefs et d\u2019avions, les produits pharmaceutiques g\u00e9n\u00e9riques et leurs ingr\u00e9dients et les pr\u00e9curseurs chimiques. \u00ab\u00a0Les deux parties ont convenu de travailler \u00e0 l\u2019\u00e9largissement de cette liste \u00a0\u00bb rappelle la Commission.<\/p>\n<p>La balle \u2013 et la pression- est donc \u00e0 pr\u00e9sent dans les mains des membres du Conseil et des parlementaires europ\u00e9ens.<\/p>\n<p>A suivre\u2026<\/p>\n<p>Christine Gilguy<\/p>\n<blockquote>\n<p><strong>Pour prolonger, lire l\u2019entretien exclusif avec l\u2019avocat sp\u00e9cialiste des mati\u00e8re douani\u00e8re Arnaud Fendler (DS Avocats)<\/strong>\u00a0 :<a href=\"https:\/\/www.lemoci.com\/actualites\/actualites\/arnaud-fendler-malgre-laccord-ue-usa-aucun-secteur-nest-a-labris-detre-mis-sous-le-feu-des-projecteurs\/\" target=\"_blank\" rel=\"noopener\"><strong> Arnaud Fendler : malgr\u00e9 l\u2019accord UE-USA, \u00ab aucun secteur n\u2019est \u00e0 l\u2019abri d\u2019\u00eatre mis sous le feu des projecteurs \u00bb<\/strong><\/a><\/p>\n<\/blockquote>\n","protected":false},"excerpt":{"rendered":"L\u2019ex\u00e9cutif europ\u00e9en a publi\u00e9 le 28 ao\u00fbt une proposition de r\u00e8glement visant \u00e0 mettre en \u0153uvre une part&hellip;\n","protected":false},"author":2,"featured_media":335612,"comment_status":"","ping_status":"","sticky":false,"template":"","format":"standard","meta":{"footnotes":""},"categories":[1586],"tags":[48840,11,2160,48841,73,1777,674,1779,1011,27,12,25,1778,364],"class_list":{"0":"post-351760","1":"post","2":"type-post","3":"status-publish","4":"format-standard","5":"has-post-thumbnail","7":"category-europe","8":"tag-accord-sur-le-commerce","9":"tag-actualites","10":"tag-commerce-international","11":"tag-declaration-conjointe-ue-etats-unis","12":"tag-etats-unis","13":"tag-eu","14":"tag-europe","15":"tag-european-union","16":"tag-fr","17":"tag-france","18":"tag-news","19":"tag-republique-francaise","20":"tag-ue","21":"tag-union-europeenne"},"share_on_mastodon":{"url":"https:\/\/pubeurope.com\/@fr\/115111341909515392","error":""},"_links":{"self":[{"href":"https:\/\/www.europesays.com\/fr\/wp-json\/wp\/v2\/posts\/351760","targetHints":{"allow":["GET"]}}],"collection":[{"href":"https:\/\/www.europesays.com\/fr\/wp-json\/wp\/v2\/posts"}],"about":[{"href":"https:\/\/www.europesays.com\/fr\/wp-json\/wp\/v2\/types\/post"}],"author":[{"embeddable":true,"href":"https:\/\/www.europesays.com\/fr\/wp-json\/wp\/v2\/users\/2"}],"replies":[{"embeddable":true,"href":"https:\/\/www.europesays.com\/fr\/wp-json\/wp\/v2\/comments?post=351760"}],"version-history":[{"count":0,"href":"https:\/\/www.europesays.com\/fr\/wp-json\/wp\/v2\/posts\/351760\/revisions"}],"wp:featuredmedia":[{"embeddable":true,"href":"https:\/\/www.europesays.com\/fr\/wp-json\/wp\/v2\/media\/335612"}],"wp:attachment":[{"href":"https:\/\/www.europesays.com\/fr\/wp-json\/wp\/v2\/media?parent=351760"}],"wp:term":[{"taxonomy":"category","embeddable":true,"href":"https:\/\/www.europesays.com\/fr\/wp-json\/wp\/v2\/categories?post=351760"},{"taxonomy":"post_tag","embeddable":true,"href":"https:\/\/www.europesays.com\/fr\/wp-json\/wp\/v2\/tags?post=351760"}],"curies":[{"name":"wp","href":"https:\/\/api.w.org\/{rel}","templated":true}]}}