{"id":35177,"date":"2025-04-19T00:06:11","date_gmt":"2025-04-19T00:06:11","guid":{"rendered":"https:\/\/www.europesays.com\/fr\/35177\/"},"modified":"2025-04-19T00:06:11","modified_gmt":"2025-04-19T00:06:11","slug":"atp-richard-gasquet-sur-rafael-nadal-il-ma-vraiment-soutenu-dans-un-moment-ou-jetais-au-fond-du-gouffre-je-pouvais-difficilement-etre-plus-mal-cela-signifiait-beaucoup-pour-moi","status":"publish","type":"post","link":"https:\/\/www.europesays.com\/fr\/35177\/","title":{"rendered":"ATP > Richard Gasquet sur Rafael Nadal : \u00ab\u00a0Il m&rsquo;a vraiment soutenu dans un moment o\u00f9 j&rsquo;\u00e9tais au fond du gouffre, je pouvais difficilement \u00eatre plus mal. Cela signifiait beaucoup pour moi\u00a0\u00bb"},"content":{"rendered":"<p>Nous sommes en mai 2009 et Richard Gasquet fait la une des m\u00e9dias spor\u00adtifs du monde entier apr\u00e8s un contr\u00f4le positif \u00e0 la coca\u00efne. Le d\u00e9fer\u00adle\u00adment est brutal mais parmi la masse de r\u00e9ac\u00adtions, majo\u00adri\u00adtai\u00adre\u00adment n\u00e9ga\u00adtives, le Fran\u00e7ais voit Rafael Nadal le soutenir publiquement.<\/p>\n<p>Un soutien de poids \u00e0 propos duquel il est revenu au cours d\u2019une discus\u00adsion pour Eurosport avec Arnaud Cl\u00e9ment, Nicolas Mahut et \u00c9ric Deblicker.\u00a0<\/p>\n<p><strong>\u00ab\u202fIl a 15 jours de plus que moi, je le connais depuis tout jeune, on s\u2019est jou\u00e9 aux Petits As, on a fait toute notre carri\u00e8re ensemble. Et, oui, \u00e0 un moment o\u00f9 je n\u2019\u00e9tais pas tr\u00e8s, tr\u00e8s bien, en 2009, il m\u2019a vrai\u00adment soutenu et publi\u00adque\u00adment. C\u2019\u00e9tait quelque chose qui \u00e9tait \u00e9norme pour moi dans un moment o\u00f9 j\u2019\u00e9tais au fond du gouffre, je pouvais diffi\u00adci\u00adle\u00adment \u00eatre plus mal, et il a \u00e9t\u00e9 l\u00e0 et \u00e7a m\u2019a donn\u00e9 l\u2019\u00e9nergie et m\u2019a fait plaisir qu\u2019un mec comme lui ait fait ce geste\u2010l\u00e0. Cela signi\u00adfiait beau\u00adcoup pour\u00a0moi.\u202f\u00bb<\/strong><\/p>\n<p class=\"post-published-date\" style=\"color: silver; font-size: 75%; text-align: left;\">Publi\u00e9 le vendredi 18 avril 2025 \u00e0 19:09<\/p>\n","protected":false},"excerpt":{"rendered":"Nous sommes en mai 2009 et Richard Gasquet fait la une des m\u00e9dias spor\u00adtifs du monde entier apr\u00e8s&hellip;\n","protected":false},"author":2,"featured_media":33651,"comment_status":"","ping_status":"","sticky":false,"template":"","format":"standard","meta":{"footnotes":""},"categories":[1415],"tags":[1011,27,1753,1960,60,1467],"class_list":{"0":"post-35177","1":"post","2":"type-post","3":"status-publish","4":"format-standard","5":"has-post-thumbnail","7":"category-tennis","8":"tag-fr","9":"tag-france","10":"tag-gasquet","11":"tag-nadal","12":"tag-sports","13":"tag-tennis"},"share_on_mastodon":{"url":"https:\/\/pubeurope.com\/@fr\/114361714834381208","error":""},"_links":{"self":[{"href":"https:\/\/www.europesays.com\/fr\/wp-json\/wp\/v2\/posts\/35177","targetHints":{"allow":["GET"]}}],"collection":[{"href":"https:\/\/www.europesays.com\/fr\/wp-json\/wp\/v2\/posts"}],"about":[{"href":"https:\/\/www.europesays.com\/fr\/wp-json\/wp\/v2\/types\/post"}],"author":[{"embeddable":true,"href":"https:\/\/www.europesays.com\/fr\/wp-json\/wp\/v2\/users\/2"}],"replies":[{"embeddable":true,"href":"https:\/\/www.europesays.com\/fr\/wp-json\/wp\/v2\/comments?post=35177"}],"version-history":[{"count":0,"href":"https:\/\/www.europesays.com\/fr\/wp-json\/wp\/v2\/posts\/35177\/revisions"}],"wp:featuredmedia":[{"embeddable":true,"href":"https:\/\/www.europesays.com\/fr\/wp-json\/wp\/v2\/media\/33651"}],"wp:attachment":[{"href":"https:\/\/www.europesays.com\/fr\/wp-json\/wp\/v2\/media?parent=35177"}],"wp:term":[{"taxonomy":"category","embeddable":true,"href":"https:\/\/www.europesays.com\/fr\/wp-json\/wp\/v2\/categories?post=35177"},{"taxonomy":"post_tag","embeddable":true,"href":"https:\/\/www.europesays.com\/fr\/wp-json\/wp\/v2\/tags?post=35177"}],"curies":[{"name":"wp","href":"https:\/\/api.w.org\/{rel}","templated":true}]}}