{"id":351775,"date":"2025-08-29T09:43:10","date_gmt":"2025-08-29T09:43:10","guid":{"rendered":"https:\/\/www.europesays.com\/fr\/351775\/"},"modified":"2025-08-29T09:43:10","modified_gmt":"2025-08-29T09:43:10","slug":"un-milieu-de-terrain-attendu-en-renfort","status":"publish","type":"post","link":"https:\/\/www.europesays.com\/fr\/351775\/","title":{"rendered":"Un milieu de terrain attendu en renfort ?"},"content":{"rendered":"<p>Alors que la fin du mercato approche \u00e0 grands pas, le dossier Pierre Ekwah continue de tra\u00eener du c\u00f4t\u00e9 de l\u2019ASSE. Le milieu n\u2019a pas effectu\u00e9 de v\u00e9ritable pr\u00e9paration estivale et n\u2019a pas non plus affich\u00e9 une volont\u00e9 claire de revenir dans le Forez pour aider les Verts \u00e0 retrouver la Ligue 1. Une situation qui complique s\u00e9rieusement la t\u00e2che des dirigeants st\u00e9phanois.<\/p>\n<p>Moueffek, un talent\u2026 mais une fragilit\u00e9 persistante<\/p>\n<p>Autre inqui\u00e9tude pour le staff : la situation d\u2019A\u00efmen Moueffek. Le jeune milieu form\u00e9 au club a encore \u00e9t\u00e9 annonc\u00e9 incertain par Eirik Horneland en conf\u00e9rence de presse avant la r\u00e9ception de Grenoble, la faute \u00e0 une cheville douloureuse. Si son potentiel et son importance dans l\u2019entrejeu ne sont plus \u00e0 d\u00e9montrer, sa fragilit\u00e9 physique pose question. Miser sur lui comme seul garant de la stabilit\u00e9 au milieu para\u00eet risqu\u00e9.<\/p>\n<p>Bouchouari toujours sur le d\u00e9part\u2026<\/p>\n<p>\u00c0 cela s\u2019ajoute l\u2019incertitude autour de Benjamin Bouchouari, dont un d\u00e9part n\u2019est pas \u00e0 exclure d\u2019ici la cl\u00f4ture du march\u00e9. Dans ce contexte, l\u2019ASSE se retrouve face \u00e0 un vrai dilemme : conserver un milieu de terrain s\u00e9duisant sur le papier mais trop d\u00e9pendant de joueurs fragiles, ou anticiper en recrutant un renfort capable d\u2019apporter de la concurrence et de la solidit\u00e9 dans l\u2019entrejeu.<\/p>\n<p>Une certitude : si les Verts veulent jouer les premiers r\u00f4les en Ligue 2 et pr\u00e9tendre \u00e0 une remont\u00e9e en Ligue 1, l\u2019ajout d\u2019un milieu fiable et r\u00e9gulier pourrait vite devenir une n\u00e9cessit\u00e9.<\/p>\n","protected":false},"excerpt":{"rendered":"Alors que la fin du mercato approche \u00e0 grands pas, le dossier Pierre Ekwah continue de tra\u00eener du&hellip;\n","protected":false},"author":2,"featured_media":351776,"comment_status":"","ping_status":"","sticky":false,"template":"","format":"standard","meta":{"footnotes":""},"categories":[1410],"tags":[11,448,63,1011,27,66,3388,12,60,10662],"class_list":{"0":"post-351775","1":"post","2":"type-post","3":"status-publish","4":"format-standard","5":"has-post-thumbnail","7":"category-football","8":"tag-actualites","9":"tag-champions-league","10":"tag-football","11":"tag-fr","12":"tag-france","13":"tag-ligue-1","14":"tag-matchs","15":"tag-news","16":"tag-sports","17":"tag-transferts"},"share_on_mastodon":{"url":"https:\/\/pubeurope.com\/@fr\/115111408683552314","error":""},"_links":{"self":[{"href":"https:\/\/www.europesays.com\/fr\/wp-json\/wp\/v2\/posts\/351775","targetHints":{"allow":["GET"]}}],"collection":[{"href":"https:\/\/www.europesays.com\/fr\/wp-json\/wp\/v2\/posts"}],"about":[{"href":"https:\/\/www.europesays.com\/fr\/wp-json\/wp\/v2\/types\/post"}],"author":[{"embeddable":true,"href":"https:\/\/www.europesays.com\/fr\/wp-json\/wp\/v2\/users\/2"}],"replies":[{"embeddable":true,"href":"https:\/\/www.europesays.com\/fr\/wp-json\/wp\/v2\/comments?post=351775"}],"version-history":[{"count":0,"href":"https:\/\/www.europesays.com\/fr\/wp-json\/wp\/v2\/posts\/351775\/revisions"}],"wp:featuredmedia":[{"embeddable":true,"href":"https:\/\/www.europesays.com\/fr\/wp-json\/wp\/v2\/media\/351776"}],"wp:attachment":[{"href":"https:\/\/www.europesays.com\/fr\/wp-json\/wp\/v2\/media?parent=351775"}],"wp:term":[{"taxonomy":"category","embeddable":true,"href":"https:\/\/www.europesays.com\/fr\/wp-json\/wp\/v2\/categories?post=351775"},{"taxonomy":"post_tag","embeddable":true,"href":"https:\/\/www.europesays.com\/fr\/wp-json\/wp\/v2\/tags?post=351775"}],"curies":[{"name":"wp","href":"https:\/\/api.w.org\/{rel}","templated":true}]}}