{"id":351777,"date":"2025-08-29T09:44:09","date_gmt":"2025-08-29T09:44:09","guid":{"rendered":"https:\/\/www.europesays.com\/fr\/351777\/"},"modified":"2025-08-29T09:44:09","modified_gmt":"2025-08-29T09:44:09","slug":"critique-de-venise-jay-kelly-noah-baumbach-taille-un-costard-a-george-clooney","status":"publish","type":"post","link":"https:\/\/www.europesays.com\/fr\/351777\/","title":{"rendered":"Critique de Venise &#8211; \u00ab Jay Kelly \u00bb : Noah\u00a0Baumbach\u00a0taille un costard \u00e0 George Clooney"},"content":{"rendered":"<p class=\"intro\">Premier film \u00e9v\u00e9nement de la 82I\u00e8me\u00a0Mostra de Venise, \u00abJay Kelly\u00a0\u00bb d\u00e9\u00e7oit par son manque d\u2019ambition.<\/p>\n<p>                        Le synopsis<\/p>\n<p>Jay Kelly s\u2019ennuie. Lui la star hollywoodienne qui s\u2019est en plut\u00f4t bien tir\u00e9 dans la vie termine un film et pense s\u2019octroyer deux semaines de break avant un prochain tournage. Mais Daisy, sa fille cadette, d\u00e9cide de partir en road-trip en Europe. Alors Jay va mettre en place toute une strat\u00e9gie pour la\u00a0rejoindre\u00a0\u00ab\u00a0par hasard\u00a0\u00bb.<\/p>\n<p>La critique de Paris Match (2\/5)<\/p>\n<p>Sur le papier le premier film de Noah\u00a0Baumbach\u00a0avec George Clooney faisait un peu r\u00eaver. Le cin\u00e9aste de \u00abMarriage\u00a0Story\u00a0\u00bb et de \u00abFrances Ha\u00a0\u00bb allait\u00a0forc\u00e9ment secouer\u00a0ce bon vieux Clooney qui n\u2019a pas\u00a0connu de\u00a0r\u00f4les majeurs depuis \u00abMonuments Men\u00a0\u00bb en 2014\u2026 Une d\u00e9cennie de disette, sans succ\u00e8s au box-office, le r\u00e9cent \u00ab\u00a0Wolfs\u00a0\u00bb ayant directement \u00e9t\u00e9 diffus\u00e9 sur une plateforme. Si \u00abJay Kelly\u00a0\u00bb sortira bien dans quelques salles aux Etats-Unis en octobre, il est attendu sur Netflix, partout dans le monde, d\u00e8s le 7 novembre.<\/p>\n<p>    La suite apr\u00e8s cette publicit\u00e9<\/p>\n<p>Mais les\u00a0abonn\u00e9s\u00a0de la\u00a0firme am\u00e9ricaine\u00a0vont-ils autant s\u2019ennuyer\u00a0que nous lors de la premi\u00e8re projection \u00e0 la Mostra de Venise\u00a0? Tr\u00e8s vite, tout l\u2019art de\u00a0Baumbach\u00a0est dissous dans un projet qui consiste \u00e0\u00a0syst\u00e9matiquement\u00a0mettre en valeur la vedette du film.\u00a0Laissant peu de place \u00e0 sa folie habituelle et aux sorties de route. Son h\u00e9ros\u00a0ne se rend pas attachant, parce que tous ses choix sont peu compr\u00e9hensibles, voire ridicules\u00a0:\u00a0Baumbach\u00a0se prend\u00a0par exemple\u00a0les pieds dans le tapis en imaginant un\u00a0voyage en train entre Paris et l\u2019Italie, ludique, mais ridicule, laissant Clooney\/Kelly\u00a0courir\u00a0comme une \u00e2me en peine derri\u00e8re un cycliste voleur du sac \u00e0 main d\u2019une vieille dame.\u00a0Ou en usant de flashbacks tire-larmes, mais totalement inutiles.\u00a0<\/p>\n<p>    La suite apr\u00e8s cette publicit\u00e9<\/p>\n<p>Seule r\u00e9ussite de ce \u00ab\u00a0Jay Kelly\u00a0\u00bb un r\u00f4le en or pour Adam Sandler,\u00a0celui de Ron\u00a0l\u2019agent de Jay, qui veille sur lui comme le lait sur le feu.\u00a0Son personnage tire son \u00e9pingle de ce film trop long quand il comprend qu\u2019il est peut-\u00eatre temps d\u2019aimer plus sa propre famille\u00a0que son \u00abtalent\u00a0\u00bb.\u00a0Baumbach\u00a0tente ici ou l\u00e0 de nous avertir des dangers du star-system (merci\u2026) ou de la d\u00e9connection du petit monde d\u2019Hollywood avec la r\u00e9alit\u00e9. Certains personnages au gr\u00e9 d\u2019apparitions furtives\u00a0(Greta\u00a0Gerwig\u00a0en \u00e9pouse d\u00e9laiss\u00e9e, Stacey\u00a0Keach\u00a0en paternel aigri)\u00a0mais bien senties\u00a0rappellent\u00a0que nous sommes malgr\u00e9 tout dans l\u2019univers d\u2019un des cin\u00e9astes les\u00a0plus prometteurs du d\u00e9but du\u00a0XXI\u00b0i\u00e8\u00a0si\u00e8cle. Mais \u00e7a c\u2019\u00e9tait une autre \u00e9poque. Quand est-ce qu\u2019on y retourne\u00a0?\u00a0<\/p>\n<p>Jay Kelly, disponible sur Netflix le 7 novembre<\/p>\n","protected":false},"excerpt":{"rendered":"Premier film \u00e9v\u00e9nement de la 82I\u00e8me\u00a0Mostra de Venise, \u00abJay Kelly\u00a0\u00bb d\u00e9\u00e7oit par son manque d\u2019ambition. Le synopsis Jay&hellip;\n","protected":false},"author":2,"featured_media":351778,"comment_status":"","ping_status":"","sticky":false,"template":"","format":"standard","meta":{"footnotes":""},"categories":[1359],"tags":[58,59,1011,27,973],"class_list":{"0":"post-351777","1":"post","2":"type-post","3":"status-publish","4":"format-standard","5":"has-post-thumbnail","7":"category-people","8":"tag-divertissement","9":"tag-entertainment","10":"tag-fr","11":"tag-france","12":"tag-people"},"share_on_mastodon":{"url":"https:\/\/pubeurope.com\/@fr\/115111412619878054","error":""},"_links":{"self":[{"href":"https:\/\/www.europesays.com\/fr\/wp-json\/wp\/v2\/posts\/351777","targetHints":{"allow":["GET"]}}],"collection":[{"href":"https:\/\/www.europesays.com\/fr\/wp-json\/wp\/v2\/posts"}],"about":[{"href":"https:\/\/www.europesays.com\/fr\/wp-json\/wp\/v2\/types\/post"}],"author":[{"embeddable":true,"href":"https:\/\/www.europesays.com\/fr\/wp-json\/wp\/v2\/users\/2"}],"replies":[{"embeddable":true,"href":"https:\/\/www.europesays.com\/fr\/wp-json\/wp\/v2\/comments?post=351777"}],"version-history":[{"count":0,"href":"https:\/\/www.europesays.com\/fr\/wp-json\/wp\/v2\/posts\/351777\/revisions"}],"wp:featuredmedia":[{"embeddable":true,"href":"https:\/\/www.europesays.com\/fr\/wp-json\/wp\/v2\/media\/351778"}],"wp:attachment":[{"href":"https:\/\/www.europesays.com\/fr\/wp-json\/wp\/v2\/media?parent=351777"}],"wp:term":[{"taxonomy":"category","embeddable":true,"href":"https:\/\/www.europesays.com\/fr\/wp-json\/wp\/v2\/categories?post=351777"},{"taxonomy":"post_tag","embeddable":true,"href":"https:\/\/www.europesays.com\/fr\/wp-json\/wp\/v2\/tags?post=351777"}],"curies":[{"name":"wp","href":"https:\/\/api.w.org\/{rel}","templated":true}]}}