{"id":351779,"date":"2025-08-29T09:45:17","date_gmt":"2025-08-29T09:45:17","guid":{"rendered":"https:\/\/www.europesays.com\/fr\/351779\/"},"modified":"2025-08-29T09:45:17","modified_gmt":"2025-08-29T09:45:17","slug":"idaux-mendy-une-fresque-geante-a-la-zone-artisanale","status":"publish","type":"post","link":"https:\/\/www.europesays.com\/fr\/351779\/","title":{"rendered":"Idaux-Mendy\u00a0: une fresque g\u00e9ante \u00e0 la zone artisanale"},"content":{"rendered":"<p>Xabi Tapia, alias Xab Xab, est un peintre un peu particulier\u00a0: son dada, c\u2019est de peindre des fresques g\u00e9antes sur tous les murs qu\u2019on lui propose. Alors, quand l\u2019entreprise Arla d\u2019Idaux-Mendy est venue le solliciter, il n\u2019a pas h\u00e9sit\u00e9 \u00e0 venir en Soule. \u00ab\u00a0C\u2019est la premi\u00e8re fois que je viens ici et vous avez un paysage de fou\u00a0\u00bb, lance l\u2019artiste. Ce paysage, il s\u2019en est inspir\u00e9 pour r\u00e9aliser cette fresque qu\u2019il devrait terminer d\u2019ici la fin du mois d\u2019ao\u00fbt.<\/p>\n<p>Le travail est titanesque, \u00e0 la hauteur des 14 m\u00e8tres de long du mur et des 9 m\u00e8tres au pignon. Pas de quoi inqui\u00e9ter Xab Xab, qui est install\u00e9 dans la profession depuis six ans. Il a une m\u00e9thode simple pour reproduire un dessin \u00e0 \u00e9chelle XXL\u00a0: le quadrillage. En s\u2019approchant de l\u2019\u0153uvre, on remarque des petits carr\u00e9s dessin\u00e9s qui l\u2019aident grandement. \u00ab\u00a0On fait d\u2019abord un plan sur un papier qui sert de base \u00e0 notre travail\u00a0\u00bb, explique l\u2019artiste. Seule concession \u00e0 la modernit\u00e9\u00a0: il n\u2019a plus \u00e0 d\u00e9plier de grandes feuilles de papier, tout est sur son t\u00e9l\u00e9phone portable\u00a0!<\/p>\n<p>\u00ab\u00a0L\u2019intelligence du geste\u00a0\u00bb<\/p>\n<p>Xab Xab compte de nombreux autres coll\u00e8gues qui ont d\u00e9j\u00e0 \u0153uvr\u00e9 en Soule\u00a0: Udatxo au cin\u00e9ma Maule Baitha, Dom Campistron \u00e0 la maison pour tous \u00e0 Barcus et Jokin Hullin \u00e0 l\u2019\u00e9cole de la Haute-Ville et pr\u00e8s de la Maison du patrimoine. Sa petite diff\u00e9rence, c\u2019est que lui, n\u2019utilise que le noir et blanc.<\/p>\n<p>Il a travaill\u00e9 essentiellement sur la C\u00f4te basque, mais aussi \u00e0 Saint-Palais, dans les Landes et, plus exotique, \u00e0 Berlin et \u00e0 Londres\u00a0!<\/p>\n<p>Pour le choix du dessin, c\u2019est une discussion entre le client et le muraliste qui tranche la question. Pour les \u00e9tablissements Arla, l\u2019id\u00e9e \u00e9tait de montrer l\u2019identit\u00e9 de l\u2019entreprise et aussi son environnement culturel. \u00ab\u00a0Nous avons plusieurs m\u00e9tiers dans notre soci\u00e9t\u00e9, mais le point commun c\u2019est l\u2019humain et la beaut\u00e9 du geste, souligne Alain Arla, l\u2019un des dirigeants. J\u2019aime bien cette formule d\u2019un ancien pr\u00e9sident de la Chambre des m\u00e9tiers, qui disait que les m\u00e9tiers artisanaux sont pour une bonne part l\u2019intelligence du geste.\u00a0\u00bb<\/p>\n<p>Une main g\u00e9ante tenant une truelle<\/p>\n<p>Xab Xab a pris la balle au bond et a dessin\u00e9 une main g\u00e9ante qui tient une truelle. \u00c0 c\u00f4t\u00e9 de cette sc\u00e8ne de travail, l\u2019importance de la culture en Soule est symbolis\u00e9e par un ense\u00f1ari en plein mouvement de danse.<\/p>\n<p>D\u2019ici quelques jours, la fresque g\u00e9ante sera termin\u00e9e, mais Xab Xab n\u2019en aura pas fini avec la Soule. Les \u00e9tablissements Arla ont un nouveau b\u00e2timent en projet \u00e0 Idaux-Mendy et le peintre muraliste devrait de nouveau \u00eatre sollicit\u00e9 pour raconter la Soule et l\u2019artisanat, en les dessinant.<\/p>\n","protected":false},"excerpt":{"rendered":"Xabi Tapia, alias Xab Xab, est un peintre un peu particulier\u00a0: son dada, c\u2019est de peindre des fresques&hellip;\n","protected":false},"author":2,"featured_media":351780,"comment_status":"","ping_status":"","sticky":false,"template":"","format":"standard","meta":{"footnotes":""},"categories":[1358],"tags":[1348,1384,1385,1386,58,59,1011,27],"class_list":{"0":"post-351779","1":"post","2":"type-post","3":"status-publish","4":"format-standard","5":"has-post-thumbnail","7":"category-arts-et-design","8":"tag-arts","9":"tag-arts-and-design","10":"tag-arts-et-design","11":"tag-design","12":"tag-divertissement","13":"tag-entertainment","14":"tag-fr","15":"tag-france"},"share_on_mastodon":{"url":"https:\/\/pubeurope.com\/@fr\/115111416723616668","error":""},"_links":{"self":[{"href":"https:\/\/www.europesays.com\/fr\/wp-json\/wp\/v2\/posts\/351779","targetHints":{"allow":["GET"]}}],"collection":[{"href":"https:\/\/www.europesays.com\/fr\/wp-json\/wp\/v2\/posts"}],"about":[{"href":"https:\/\/www.europesays.com\/fr\/wp-json\/wp\/v2\/types\/post"}],"author":[{"embeddable":true,"href":"https:\/\/www.europesays.com\/fr\/wp-json\/wp\/v2\/users\/2"}],"replies":[{"embeddable":true,"href":"https:\/\/www.europesays.com\/fr\/wp-json\/wp\/v2\/comments?post=351779"}],"version-history":[{"count":0,"href":"https:\/\/www.europesays.com\/fr\/wp-json\/wp\/v2\/posts\/351779\/revisions"}],"wp:featuredmedia":[{"embeddable":true,"href":"https:\/\/www.europesays.com\/fr\/wp-json\/wp\/v2\/media\/351780"}],"wp:attachment":[{"href":"https:\/\/www.europesays.com\/fr\/wp-json\/wp\/v2\/media?parent=351779"}],"wp:term":[{"taxonomy":"category","embeddable":true,"href":"https:\/\/www.europesays.com\/fr\/wp-json\/wp\/v2\/categories?post=351779"},{"taxonomy":"post_tag","embeddable":true,"href":"https:\/\/www.europesays.com\/fr\/wp-json\/wp\/v2\/tags?post=351779"}],"curies":[{"name":"wp","href":"https:\/\/api.w.org\/{rel}","templated":true}]}}